{"id":3383,"date":"2021-03-10T18:08:31","date_gmt":"2021-03-10T16:08:31","guid":{"rendered":"https:\/\/blog.causeur.fr\/bonnetdane\/?p=3383"},"modified":"2021-04-22T18:48:01","modified_gmt":"2021-04-22T16:48:01","slug":"chicha-et-chichon-halte-aux-discriminations","status":"publish","type":"post","link":"https:\/\/blog.causeur.fr\/bonnetdane\/chicha-et-chichon-halte-aux-discriminations-3383","title":{"rendered":"Chicha et chichon : halte aux discriminations !"},"content":{"rendered":"<p><a href=\"https:\/\/blog.causeur.fr\/bonnetdane\/chicha-et-chichon-halte-aux-discriminations-003383\/raoult-chicha-causeur-1200x728\" rel=\"attachment wp-att-3385\"><img loading=\"lazy\" decoding=\"async\" class=\"aligncenter size-large wp-image-3385\" src=\"https:\/\/blog.causeur.fr\/bonnetdane\/files\/2021\/03\/raoult-chicha-causeur-1200x728-1024x621.jpg\" alt=\"raoult-chicha-causeur-1200x728\" width=\"584\" height=\"354\" srcset=\"https:\/\/blog.causeur.fr\/bonnetdane\/wp-content\/uploads\/sites\/25\/2021\/03\/raoult-chicha-causeur-1200x728-1024x621.jpg 1024w, https:\/\/blog.causeur.fr\/bonnetdane\/wp-content\/uploads\/sites\/25\/2021\/03\/raoult-chicha-causeur-1200x728-300x182.jpg 300w, https:\/\/blog.causeur.fr\/bonnetdane\/wp-content\/uploads\/sites\/25\/2021\/03\/raoult-chicha-causeur-1200x728-768x466.jpg 768w, https:\/\/blog.causeur.fr\/bonnetdane\/wp-content\/uploads\/sites\/25\/2021\/03\/raoult-chicha-causeur-1200x728-495x300.jpg 495w, https:\/\/blog.causeur.fr\/bonnetdane\/wp-content\/uploads\/sites\/25\/2021\/03\/raoult-chicha-causeur-1200x728.jpg 1200w\" sizes=\"auto, (max-width: 584px) 100vw, 584px\" \/><\/a>Didier Raoult, \u00e0 l\u2019occasion d\u2019un point sur l\u2019\u00e9pid\u00e9mie, lance un cri d\u2019alerte. En analysant un cluster dont les chercheurs ne d\u00e9celaient pas l\u2019origine, on a d\u00e9couvert que ses membres avaient tous particip\u00e9 \u00e0 une soir\u00e9e chicha. La salive chauff\u00e9e, partag\u00e9e, \u00e7a, \u00e7a vous diffuse de l\u2019a\u00e9rosol, tu penses ! Un facteur de risque qui touche les 25-45 ans. C\u2019est <a href=\"https:\/\/www.laprovence.com\/actu\/en-direct\/6282402\/coronavirus-raoult-alerte-sur-la-consommation-de-la-chicha-et-va-lancer-des-travaux-sur-ce-domaine.html\">\u00e0 partir de la 11\u00e8me minute sur le site de <em>la Provence<\/em><\/a>. Mais ce qui pr\u00e9c\u00e8de vaut tout de m\u00eame son pesant de bouillabaisse.<\/p>\n<p>Je suis outr\u00e9. Comment Raoult, habitant Marseille, se laisse-t-il aller \u00e0 discriminer un groupe qui, dans la cit\u00e9 phoc\u00e9enne, repr\u00e9sente au moins la moiti\u00e9 des habitants \u2014 immigrants ill\u00e9gaux compris ? La chicha est une pratique conviviale essentiellement maghr\u00e9bine. Gainsbourg n\u2019\u00e9crivait-il pas \u00ab Dieu est un fumeur de havanes \u00bb ? De havanes peut-\u00eatre pas, mais de chicha, s\u00fbrement.<br \/>\nC\u2019est comme si l\u2019on disait qu\u2019il faut inculper pour mutilation permanente sur mineur toutes les m\u00e8res et tous les praticiens, dipl\u00f4m\u00e9s ou non, qui pratiquent des excisions sur des fillettes. 20 ans de prison minimum. Ce serait discriminer toute l\u2019Afrique noire r\u00e9implant\u00e9e en France, avec d\u2019excellentes excuses que je me garderai bien de contester\u2026<\/p>\n<p>Raoult \u00e9voque au passage l\u2019usage (\u00ab quand il \u00e9tait jeune \u00bb) des p\u00e9tards. Eh oui, se passer un vague chichon dans l\u2019une de ces soir\u00e9es qui, de 18h \u00e0 6h du mat\u2019, les rassemblent \u00e0 l\u2019insu de leur plein gr\u00e9, \u00e7a peut \u00eatre contaminant.<br \/>\nMais c\u2019est discriminer cette fois le cr\u00e9neau des 12-30 ans \u2014 de la juv\u00e9nophobie, si le lecteur m\u2019autorise \u00e0 cr\u00e9er un tel barbarisme. Que les jeunes m\u00e9prisent leurs a\u00een\u00e9s (\u00ab OK ! Boomer ! \u00bb disent-ils avec un admirable sens du raccourci et de la pens\u00e9e profonde) ne choque personne. S\u2019en prendre aux jeunes cons \/ sommateurs, c\u2019est autre chose. Je m\u2019insurge !<br \/>\nTout comme on doit s\u2019insurger lorsque des p\u00e9dagogues \u00e0 l\u2019ancienne protestent parce qu\u2019un \u00e9l\u00e8ve les a insult\u00e9s, ou a sorti son portable en cours pour envoyer \u00e0 ses potes la vid\u00e9o d\u2019une fellation op\u00e9r\u00e9e dans les chiottes du coll\u00e8ge. Libre expression ! Communication ! Il faut au contraire encourager de tels comportements ! Le jeune doit \u00eatre libre ! On ne somme pas un consommateur !<\/p>\n<p>Je remarque d\u2019ailleurs que le gouvernement \u2014 sur lui toutes les b\u00e9n\u00e9dictions \u2014 se garde bien de reprendre les fantasmes du druide marseillais. Qui a raison, je vous le demande, Olivier V\u00e9ran, qui veille sur notre sant\u00e9 en imposant des masques et des couvre-feu, ou Didier Raoult, qui, comme chacun sait, la menace en s\u2019obstinant \u00e0 gu\u00e9rir les gens ?<br \/>\nPoser la question, c\u2019est y r\u00e9pondre.<\/p>\n<p>Je sugg\u00e8re donc au gouvernement de tenir son prochain conseil de guerre sanitaire autour d\u2019un narghil\u00e9. Cela aura de la gueule, et enverra un signal clair \u00e0 Erdogan, toujours candidat pour une entr\u00e9e dans l\u2019Europe. La stigmatisation des fumeurs de chicha doit cesser ! La r\u00e9pression du shit doit s\u2019interrompre ! Car enfin, vouloir r\u00e9primer des usages imm\u00e9moriaux, n\u2019est-ce pas une fa\u00e7on insidieuse d\u2019inciter les Musulmans \u00e0 s\u2019int\u00e9grer dans une soci\u00e9t\u00e9 fran\u00e7aise dont ils ne veulent pas ? Interdire le chichon, n\u2019est-ce pas un effet pervers de cette la\u00efcit\u00e9 \u00e0 la fran\u00e7aise dont une majorit\u00e9 de jeunes ne veut pas ?<br \/>\nTous fumeurs ! Tous envap\u00e9s ! C\u2019est alors que la soci\u00e9t\u00e9 sera libre \u2014 et qu\u2019il ne restera plus aux dhimmis non fumeurs qu\u2019\u00e0 payer la djiz\u00eea \u2014 la taxe impos\u00e9e \u00e0 tous ceux qui refusent de se laisser obscurcir le cerveau par la fum\u00e9e des calembredaines.<\/p>\n<p>Jean-Paul Brighelli<\/p>\n","protected":false},"excerpt":{"rendered":"<p>Didier Raoult, \u00e0 l\u2019occasion d\u2019un point sur l\u2019\u00e9pid\u00e9mie, lance un cri d\u2019alerte. En analysant un cluster dont les chercheurs ne d\u00e9celaient pas l\u2019origine, on a d\u00e9couvert que ses membres avaient tous particip\u00e9 \u00e0 une soir\u00e9e chicha. La salive chauff\u00e9e, partag\u00e9e, \u00e7a, \u00e7a vous diffuse de l\u2019a\u00e9rosol, tu penses ! Un facteur de risque qui touche [&hellip;]<\/p>\n","protected":false},"author":6,"featured_media":0,"comment_status":"open","ping_status":"open","sticky":false,"template":"","format":"standard","meta":{"footnotes":""},"categories":[1],"tags":[884,2337,2340,2334,2343,61],"class_list":{"0":"post-3383","1":"post","2":"type-post","3":"status-publish","4":"format-standard","6":"category-non-classe","7":"tag-cannabis","8":"tag-chicha","9":"tag-chichon","10":"tag-didier-raoult","11":"tag-discriminations","12":"tag-marseille"},"_links":{"self":[{"href":"https:\/\/blog.causeur.fr\/bonnetdane\/wp-json\/wp\/v2\/posts\/3383","targetHints":{"allow":["GET"]}}],"collection":[{"href":"https:\/\/blog.causeur.fr\/bonnetdane\/wp-json\/wp\/v2\/posts"}],"about":[{"href":"https:\/\/blog.causeur.fr\/bonnetdane\/wp-json\/wp\/v2\/types\/post"}],"author":[{"embeddable":true,"href":"https:\/\/blog.causeur.fr\/bonnetdane\/wp-json\/wp\/v2\/users\/6"}],"replies":[{"embeddable":true,"href":"https:\/\/blog.causeur.fr\/bonnetdane\/wp-json\/wp\/v2\/comments?post=3383"}],"version-history":[{"count":0,"href":"https:\/\/blog.causeur.fr\/bonnetdane\/wp-json\/wp\/v2\/posts\/3383\/revisions"}],"wp:attachment":[{"href":"https:\/\/blog.causeur.fr\/bonnetdane\/wp-json\/wp\/v2\/media?parent=3383"}],"wp:term":[{"taxonomy":"category","embeddable":true,"href":"https:\/\/blog.causeur.fr\/bonnetdane\/wp-json\/wp\/v2\/categories?post=3383"},{"taxonomy":"post_tag","embeddable":true,"href":"https:\/\/blog.causeur.fr\/bonnetdane\/wp-json\/wp\/v2\/tags?post=3383"}],"curies":[{"name":"wp","href":"https:\/\/api.w.org\/{rel}","templated":true}]}}