{"id":3464,"date":"2021-03-19T16:11:19","date_gmt":"2021-03-19T14:11:19","guid":{"rendered":"https:\/\/blog.causeur.fr\/bonnetdane\/?p=3464"},"modified":"2021-04-22T18:48:01","modified_gmt":"2021-04-22T16:48:01","slug":"mourir-de-solitude","status":"publish","type":"post","link":"https:\/\/blog.causeur.fr\/bonnetdane\/mourir-de-solitude-3464","title":{"rendered":"Mourir de solitude"},"content":{"rendered":"<p><a href=\"https:\/\/blog.causeur.fr\/bonnetdane\/files\/2021\/03\/mains-4.jpg\"><img loading=\"lazy\" decoding=\"async\" class=\"alignnone size-medium wp-image-3468\" src=\"https:\/\/blog.causeur.fr\/bonnetdane\/files\/2021\/03\/mains-4-300x200.jpg\" alt=\"mains-4\" width=\"300\" height=\"200\" srcset=\"https:\/\/blog.causeur.fr\/bonnetdane\/wp-content\/uploads\/sites\/25\/2021\/03\/mains-4-300x200.jpg 300w, https:\/\/blog.causeur.fr\/bonnetdane\/wp-content\/uploads\/sites\/25\/2021\/03\/mains-4-768x511.jpg 768w, https:\/\/blog.causeur.fr\/bonnetdane\/wp-content\/uploads\/sites\/25\/2021\/03\/mains-4-450x300.jpg 450w, https:\/\/blog.causeur.fr\/bonnetdane\/wp-content\/uploads\/sites\/25\/2021\/03\/mains-4.jpg 1000w\" sizes=\"auto, (max-width: 300px) 100vw, 300px\" \/><\/a><\/p>\n<p>Rarement l\u2019hypocrisie, individuelle et collective, aura atteint de tels niveaux. Le gouvernement et les citoyens sont parcourus d\u2019une grande ferveur altruiste : prot\u00e9geons les personnes \u00e2g\u00e9es ! Veillons sur nos vieux !<br \/>\nQue c&rsquo;est beau\u2026<br \/>\nProc\u00e9dons par ordre, et commen\u00e7ons par l\u2019amont.<\/p>\n<p>Nous sommes tellement altruistes que nous avons convaincus nos parents d\u2019aller mourir en EHPAD, loin de nous. Mourir, oui \u2014 parce qu\u2019on n\u2019en sort que les pieds devant. Lisez le magnifique roman de Jacques Chauvir\u00e9, <em>Passage des \u00e9migrants<\/em> : un fils bien intentionn\u00e9 (et d\u00e9sireux de s\u2019approprier le logement de ses parents) convainc ses p\u00e8re et m\u00e8re d\u2019aller dans une \u00ab maison de retraite \u00bb, comme on disait encore en 1977.<a href=\"https:\/\/blog.causeur.fr\/bonnetdane\/files\/2021\/03\/unnamed.jpg\"><img loading=\"lazy\" decoding=\"async\" class=\"alignnone size-full wp-image-3469\" src=\"https:\/\/blog.causeur.fr\/bonnetdane\/files\/2021\/03\/unnamed.jpg\" alt=\"unnamed\" width=\"195\" height=\"293\"><\/a><\/p>\n<p>Elle y mourra, et lui aussi \u2014 et tous deux \u00ab \u00e9migrent \u00bb de b\u00e2timent en b\u00e2timent, au fur et \u00e0 mesure de l\u2019aggravation de leurs bobos, jusqu\u2019au mouroir qui est la destination finale de tous. L\u2019auteur \u00e9tait m\u00e9decin g\u00e9riatre, il raconte (merveilleusement) ce qu\u2019il a vu et tent\u00e9 d\u2019accompagner au mieux des ann\u00e9es durant.<br \/>\nCertes, nos vieux parents sont parfois atteints de pathologies peu compatibles avec le maintien \u00e0 la maison. Certes, la vie moderne et l\u2019exigu\u00eft\u00e9 des logements emp\u00eachent souvent de les prendre avec soi. Mais combien ne sont l\u00e0 que \u00ab pour leur bien \u00bb \u2014 ou faut-il \u00e9crire \u00ab pour leurs biens \u00bb ?<\/p>\n<p>D\u2019autant que cela revient cher, un EHPAD. En moyenne, 1977\u20ac par mois (tarif 2018) \u2014 avec de fortes disparit\u00e9s selon les r\u00e9gions, 1616 \u20ac dans la Meuse (ah, mourir dans la Meuse, c\u2019est mourir deux fois !), 3154 \u20ac \u00e0 Paris ou dans les Hauts-de-Seine. Avec un sommet \u00e0 pr\u00e8s de 10 000 \u20ac par mois, dans un hospice pour vieux militaires. Et que pour cette somme (qui permet de s\u2019installer en pension compl\u00e8te dans un h\u00f4tel convenable des Alpes, ou de s\u2019inscrire dans une croisi\u00e8re autour du monde avec des prestations convenables (surtout au tarif 3000 !) et une assistance m\u00e9dicale au cas o\u00f9, on donne \u00e0 manger \u00e0 \u00ab nos vieux \u00bb les saloperies indigestes <a href=\"https:\/\/fr.news.yahoo.com\/brest-photo-repas-ehpad-polemique-104733235.html\">dont certains se sont indign\u00e9s<\/a>. \u00ab Une tasse de soupe (m\u00eame pas un bol), un ramequin de semoule, une compote industrielle, un morceau de fromage industriel pour enfant et 2 tranches de pain industriel \u00bb. Byzance !<br \/>\nAh, mais tous ces exc\u00e8s alimentaires sont \u00ab valid\u00e9s par la di\u00e9t\u00e9ticienne \u00bb, <a href=\"https:\/\/www.ouest-france.fr\/grand-est\/bas-rhin\/bas-rhin-le-plateau-repas-d-un-ehpad-de-barr-indigne-les-internautes-la-direction-repond-la-6742486\">clame un EHPAD breton<\/a>. J\u2019esp\u00e8re qu\u2019elle est assez bien pay\u00e9e pour s\u2019asseoir sur sa conscience.<\/p>\n<p>J\u2019aime faire la cuisine. Je sais ce que \u00e7a co\u00fbte, de bien manger quand on sait cuisiner \u2014 une dizaine d\u2019euros par jour pour deux personnes. 300 \u20ac par mois \u2014 allez, 400 si vous voulez manger de la viande tous les jours : daubes de joue de b\u0153uf, bourguignons, pot-au-feu, coustillous comme on dit aussi chez moi (des travers de porc), terrines de queue-de-b\u0153uf, choucroutes au jarret longuement confit, coucous boulettes, hauts de c\u00f4tes d\u2019agneau en rago\u00fbts, etc..<br \/>\nLe reste, bien s\u00fbr, de ce que paient nos vieux dans les EHPAD, c\u2019est l\u2019intendance, les soins \u00e9ventuels, le salaire des personnels (pourtant mal pay\u00e9s) \u2014 et les profits des firmes qui contr\u00f4lent ces mouroirs.<br \/>\nEt je n\u2019\u00e9voquerai que pour m\u00e9moire la conception tr\u00e8s personnelle que les EHPAD ont de l\u2019hygi\u00e8ne et de la libert\u00e9 de mouvement. Il y a des prisons plus ouvertes. Et on y mange mieux.<\/p>\n<p>Et qu&rsquo;on ne me dise pas que cela contrarie le r\u00e9gime des uns ou des autres. Un m\u00e9decin incomp\u00e9tent avait ordonn\u00e9 \u00e0 mon p\u00e8re de ne plus consommer de sucre, \u00e0 cause d&rsquo;une possibilit\u00e9 de lointain diab\u00e8te. Un autre,&nbsp;mieux avis\u00e9, conseilla \u00e0 ma m\u00e8re de lui proposer quand m\u00eame un g\u00e2teau de temps en temps : \u00ab\u00a0Le temps qu&rsquo;il d\u00e9veloppe un vrai diab\u00e8te, dit-il avec raison, il sera mort dix fois.\u00a0\u00bb Et le fait est que\u2026<\/p>\n<p>Alors le coronavirus d\u00e9barqua pour aiguiser notre altruisme.<\/p>\n<p>Les visites sont interdites \u2014 mais pas le travail des personnels contamin\u00e9s. Le Covid est devenu dans les h\u00f4pitaux<a href=\"https:\/\/www.lefigaro.fr\/sciences\/trop-de-patients-contractent-le-covid-19-a-l-hopital-20210301\"> la premi\u00e8re des maladies nosocomiales<\/a> : vous y allez pour quelques examens de routine, pour une op\u00e9ration b\u00e9nigne ou des soins urgents, vous en sortez par la morgue. Et vous n\u2019aurez m\u00eame pas eu la consolation de revoir vos proches, interdits de s\u00e9jour. On les tue pour leur bien, et dans une solitude qui les tue deux fois (et alors, dans la Meuse\u2026). Pareil dans les EHPAD. Ah mais avec le vaccin tout s\u2019arrangera : ils mourront un mois plus tard, de ne pas voir leurs proches, de ne pas pouvoir discuter avec leurs amis au sein de l\u2019\u00e9tablissement, d\u2019\u00eatre parqu\u00e9s comme des d\u00e9tenus dans leurs chambres, et de bouffer de la merde.<br \/>\nCe qui a fait passer la b\u00eate verticale de l\u2019\u00e9tape simiesque \u00e0 l\u2019\u00e9tape humaine, c\u2019est l\u2019invention des rites fun\u00e9raires. Nous sommes ceux qui s\u2019occupent des morts \u2014 au lieu de les manger, comme autrefois. Le gouvernement, en \u00e9dictant des r\u00e8gles \u00ab pour le bien \u00bb des vieillards, les tue une premi\u00e8re fois \u2014 avant de les laisser mourir pour le compte.<br \/>\nDes plaintes ont d\u00e9j\u00e0 \u00e9t\u00e9 d\u00e9pos\u00e9es. J\u2019esp\u00e8re qu\u2019elles seront nombreuses.<\/p>\n<p>Quand j\u2019entends les fanatiques du masque, du couvre-feu et du confinement r\u00e9clamer des mesures encore plus drastiques \u00ab pour sauver la vie de nos vieux \u00bb, il me vient l\u2019envie de ressortir la bo\u00eete \u00e0 claques. Les personnes \u00e2g\u00e9es meurent des conditions qu\u2019on leur impose, et encore mieux que les jeunes, qui para\u00eet-il d\u00e9priment. Que d\u2019articles sur la d\u00e9prime des \u00e9tudiants ! Combien sur l\u2019extinction programm\u00e9e des vieux ?<br \/>\nIls sont les premiers (et presque les seuls) touch\u00e9s gravement par l\u2019\u00e9pid\u00e9mie. En moyenne, le Covid leur fait perdre six mois de vie \u2014 \u00e7a, c\u2019est pour le quantitatif. Mais du c\u00f4t\u00e9 du qualitatif, l\u2019absence de leurs proches, la solitude impos\u00e9e \u00e0 des personnes qui par d\u00e9finition ont perdu peu \u00e0 peu tous leurs amis (c\u2019est cela, vieillir, c\u2019est voir son monde dispara\u00eetre), les conditions de confort tr\u00e8s approximatif, pas un geste tendre, pas un baiser, cela vous tue bien plus s\u00fbrement qu\u2019un virus.<br \/>\nEt je n\u2019\u00e9voquerai que pour m\u00e9moire le conseil de ce responsable de la Sant\u00e9 pr\u00e9conisant, au moment des f\u00eates, de faire manger Papy et Mamie \u00e0 la cuisine, loin des enfants. Ces temps-ci, les salopards se ramassent \u00e0 la pelle.<\/p>\n<p>Nous transmutons nos angoisses en pseudo-altruisme (\u00ab c\u2019est pour les vieux ! \u00bb), afin de nous donner bonne conscience \u00e0 moindres frais. C\u2019est immonde.<br \/>\nNous savions d\u2019exp\u00e9rience imm\u00e9moriale que les \u00e9pid\u00e9mies induisent des comportements irrationnels. Mais l\u00e0, notre \u00e9gocentrisme se donne le pr\u00e9texte de la rationalit\u00e9 pour \u00e9taler sa suffisance.<br \/>\nParce que notre altruisme est, comme souvent, un \u00e9go\u00efsme non assum\u00e9. Nous ne sauverons pas des personnes tr\u00e8s \u00e2g\u00e9es atteintes de pathologies diverses. Mais nous pouvons <a href=\"https:\/\/www.marianne.net\/agora\/tribunes-libres\/covid-19-laissez-les-familles-accompagner-leurs-mourants\">les aider dans les derniers mois, les derniers jours<\/a>, \u00e0 partir entour\u00e9es de l\u2019affection des leurs. Nous pouvons leur rendre les derniers devoirs \u2014 cela aussi, c\u2019est interdit par le r\u00e8glement interne des EHPAD et des h\u00f4pitaux. Sinon, <a href=\"https:\/\/madame.lefigaro.fr\/psycho\/delphine-horvilleur-y-a-t-il-assez-de-vie-dans-ta-vie-190221-195141\">comme le dit fort bien la rabbine Delphine Horvilleur<\/a>, ces morts nous demanderont des comptes \u00ab \u00e0 travers les vivants \u00bb.<br \/>\nNous pouvons, nous devons \u00eatre humains. C\u2019est tout ce que demandait<a href=\"https:\/\/www.lefigaro.fr\/vox\/societe\/liberons-les-ehpad-d-un-principe-de-precaution-pousse-a-l-extreme-20210225\"> une tribune r\u00e9cemment parue dans <em>le Figaro<\/em><\/a>.<br \/>\nEt je le dis tr\u00e8s clairement : ceux qui me lisent et qui ne sont pas d\u2019accord avec ces v\u00e9rit\u00e9s d\u2019\u00e9vidence, qu\u2019ils soient membres du gouvernement ou simples quidams, ne sont pas humains.<br \/>\nAh, mais pardon, ils sont altruistes\u2026<\/p>\n<p>Jean-Paul Brighelli<\/p>\n","protected":false},"excerpt":{"rendered":"<p>Rarement l\u2019hypocrisie, individuelle et collective, aura atteint de tels niveaux. Le gouvernement et les citoyens sont parcourus d\u2019une grande ferveur altruiste : prot\u00e9geons les personnes \u00e2g\u00e9es ! Veillons sur nos vieux ! Que c&rsquo;est beau\u2026 Proc\u00e9dons par ordre, et commen\u00e7ons par l\u2019amont. Nous sommes tellement altruistes que nous avons convaincus nos parents d\u2019aller mourir en [&hellip;]<\/p>\n","protected":false},"author":6,"featured_media":3468,"comment_status":"open","ping_status":"open","sticky":false,"template":"","format":"standard","meta":{"footnotes":""},"categories":[1],"tags":[2202,2367,2373,2376,2370,240],"class_list":{"0":"post-3464","1":"post","2":"type-post","3":"status-publish","4":"format-standard","5":"has-post-thumbnail","7":"category-non-classe","8":"tag-covid","9":"tag-ehpad","10":"tag-maladie-nosocomiale","11":"tag-maltraitance-des-vieux","12":"tag-mourir-dans-la-dignite","13":"tag-principe-de-precaution"},"_links":{"self":[{"href":"https:\/\/blog.causeur.fr\/bonnetdane\/wp-json\/wp\/v2\/posts\/3464","targetHints":{"allow":["GET"]}}],"collection":[{"href":"https:\/\/blog.causeur.fr\/bonnetdane\/wp-json\/wp\/v2\/posts"}],"about":[{"href":"https:\/\/blog.causeur.fr\/bonnetdane\/wp-json\/wp\/v2\/types\/post"}],"author":[{"embeddable":true,"href":"https:\/\/blog.causeur.fr\/bonnetdane\/wp-json\/wp\/v2\/users\/6"}],"replies":[{"embeddable":true,"href":"https:\/\/blog.causeur.fr\/bonnetdane\/wp-json\/wp\/v2\/comments?post=3464"}],"version-history":[{"count":0,"href":"https:\/\/blog.causeur.fr\/bonnetdane\/wp-json\/wp\/v2\/posts\/3464\/revisions"}],"wp:featuredmedia":[{"embeddable":true,"href":"https:\/\/blog.causeur.fr\/bonnetdane\/wp-json\/wp\/v2\/media\/3468"}],"wp:attachment":[{"href":"https:\/\/blog.causeur.fr\/bonnetdane\/wp-json\/wp\/v2\/media?parent=3464"}],"wp:term":[{"taxonomy":"category","embeddable":true,"href":"https:\/\/blog.causeur.fr\/bonnetdane\/wp-json\/wp\/v2\/categories?post=3464"},{"taxonomy":"post_tag","embeddable":true,"href":"https:\/\/blog.causeur.fr\/bonnetdane\/wp-json\/wp\/v2\/tags?post=3464"}],"curies":[{"name":"wp","href":"https:\/\/api.w.org\/{rel}","templated":true}]}}