{"id":3523,"date":"2021-03-22T19:50:40","date_gmt":"2021-03-22T17:50:40","guid":{"rendered":"https:\/\/blog.causeur.fr\/bonnetdane\/?p=3523"},"modified":"2021-07-31T13:30:21","modified_gmt":"2021-07-31T11:30:21","slug":"temoignage-dancien-eleve-sur-la-fabrique-education","status":"publish","type":"post","link":"https:\/\/blog.causeur.fr\/bonnetdane\/temoignage-dancien-eleve-sur-la-fabrique-education-3523","title":{"rendered":"T\u00e9moignage d&rsquo;ancien \u00e9l\u00e8ve sur la fabrique Education"},"content":{"rendered":"<p>Le M\u00e9dia pour tous<em><a href=\"https:\/\/www.youtube.com\/watch?v=H8p-7N_DNVk\"> a mis en ligne sur You Tube<\/a> une interview donn\u00e9e il y a un certain temps. Du coup, cela a redonn\u00e9 une certaine actualit\u00e9 \u00e0 la \u00ab\u00a0Fabrique du cr\u00e9tin\u00a0\u00bb \u2014 puisque je suis identifi\u00e9 \u00e0 l\u2019expression.<\/em><br \/>\n<em> Cela m\u2019a donn\u00e9 l\u2019occasion de recevoir il y a quelques jours le mail suivant d\u2019un ancien \u00e9l\u00e8ve, Anis Alloui, qui est pass\u00e9 par <a href=\"https:\/\/blog.causeur.fr\/bonnetdane\/merci-de-nous-avoir-rendus-un-peu-moins-cons-003269\">cette SPE-IEP du lyc\u00e9e Thiers dont j\u2019ai d\u00e9j\u00e0 parl\u00e9<\/a>, et qui a int\u00e9gr\u00e9 Kedge Business School, \u00e0 Marseille.<\/em><br \/>\n<em> Je la livre brut de d\u00e9coffrage.<\/em><\/p>\n<p><em>JPB<\/em><\/p>\n<p>Bonjour Monsieur Brighelli,<\/p>\n<p>J&rsquo;esp\u00e8re que vous allez bien.<\/p>\n<p>Je viens d&rsquo;\u00e9couter avec beaucoup d&rsquo;attention et d&rsquo;int\u00e9r\u00eat votre interview pour <em>Le Media Pour Tous<\/em>. Je voulais simplement vous dire que j&rsquo;\u00e9tais absolument d&rsquo;accord avec vous. Il y a un effritement de la culture, de l&rsquo;\u00e9ducation, de la volont\u00e9 d&rsquo;apprendre et de la qualit\u00e9 d&rsquo;enseignement qui, avec mon petit recul, fait beaucoup de mal \u00e0 voir.<\/p>\n<p>Je m\u2019\u00e9tonne, maintenant que je commence \u00e0 rentrer dans la vie active, du niveau tr\u00e8s faible en fran\u00e7ais, en anglais, en math\u00e9matiques, m\u00eame en diction etc&#8230; des jeunes de mon \u00e2ge, de ceux un peu plus vieux et ceux un peu plus jeunes. Je comprends beaucoup mieux ce que vous nous expliquiez \u00e0 l&rsquo;\u00e9poque de la pr\u00e9pa.<\/p>\n<p>C&rsquo;est consternant qu&rsquo;au nom d&rsquo;une forme d&rsquo;\u00e9galitarisme inutile et injuste, on ait arr\u00eat\u00e9 d&rsquo;enseigner et d&rsquo;apprendre. Il est plus affligeant encore que beaucoup ne cherchent pas \u00e0 compl\u00e9ter leur \u00e9ducation avec une soif d&rsquo;apprendre hors du cadre scolaire mais trouvent des excuses pour pr\u00e9\u00e9erer \u00e9couter Aya Nakamure, figure de la pop fran\u00e7aise, symbole de la d\u00e9cadence de notre soci\u00e9t\u00e9&#8230; Je suis encore fid\u00e8le \u00e0 Moustaki, Brel, Brassens.<\/p>\n<p>Derni\u00e8re chose, la fabrique du cr\u00e9tin, je la vis et la vois d&rsquo;encore un peu plus pr\u00e8s dans la mesure o\u00f9 j&rsquo;ai fait mon \u00e9cole primaire en Alg\u00e9rie, o\u00f9 malgr\u00e9 de graves probl\u00e8mes politiques et \u00e9conomiques, on enseigne beaucoup mieux (et beaucoup plus durement, avec des ch\u00e2timents corporels) et o\u00f9 l\u2019on r\u00e9compense ceux qui veulent apprendre. Alors que mes jeunes fr\u00e8res de 21 et 16 ans ont \u00e9tudi\u00e9 en France.<\/p>\n<p>A mon arriv\u00e9e au Coll\u00e8ge Edgar Quinet en 2009, j&rsquo;avais un temps d&rsquo;avance de 4 ans et j&rsquo;ai pu survoler le coll\u00e8ge avec une moyenne g\u00e9n\u00e9rale sup\u00e9rieure \u00e0 18\/20. (&#8230;)<\/p>\n<p>J&rsquo;admire votre combat mais j&rsquo;ai la nette impression qu&rsquo;il est perdu. Je ferai tout pour que mes enfants soient cultiv\u00e9s et instruits (&#8230;)<\/p>\n<p>En d\u00e9finitive, je tenais \u00e0 vous remercier encore une fois pour l&rsquo;ann\u00e9e de classe pr\u00e9pa. Le temps avance, les souvenirs d&rsquo;une ann\u00e9e riche restent. J&rsquo;ai postul\u00e9 \u00e0 Sciences Po Paris comme vous le savez, j&rsquo;ai aussi postul\u00e9 \u00e0 l&rsquo;ISSEP pour mon Master en esp\u00e9rant continuer \u00e0 apprendre de choses nouvelles.<\/p>\n<p>Prenez soin de vous dans ces temps difficiles. En esp\u00e9rant avoir l&rsquo;occasion de vous revoir \u00e0 mon retour en France (ou vos vacances en Espagne o\u00f9 j&rsquo;habite actuellement).<\/p>\n<p>Cordialement<\/p>\n<p>AA<\/p>\n<p>* Je ne sous-entends pas que je connais beaucoup plus\u2026<\/p>\n","protected":false},"excerpt":{"rendered":"<p>Le M\u00e9dia pour tous a mis en ligne sur You Tube une interview donn\u00e9e il y a un certain temps. Du coup, cela a redonn\u00e9 une certaine actualit\u00e9 \u00e0 la \u00ab\u00a0Fabrique du cr\u00e9tin\u00a0\u00bb \u2014 puisque je suis identifi\u00e9 \u00e0 l\u2019expression. Cela m\u2019a donn\u00e9 l\u2019occasion de recevoir il y a quelques jours le mail suivant d\u2019un [&hellip;]<\/p>\n","protected":false},"author":6,"featured_media":3526,"comment_status":"open","ping_status":"open","sticky":false,"template":"","format":"standard","meta":{"footnotes":""},"categories":[1],"tags":[2379,1829,491],"class_list":{"0":"post-3523","1":"post","2":"type-post","3":"status-publish","4":"format-standard","5":"has-post-thumbnail","7":"category-non-classe","8":"tag-anis-alloui","9":"tag-fabrique-du-cretin","10":"tag-france-algerie"},"_links":{"self":[{"href":"https:\/\/blog.causeur.fr\/bonnetdane\/wp-json\/wp\/v2\/posts\/3523","targetHints":{"allow":["GET"]}}],"collection":[{"href":"https:\/\/blog.causeur.fr\/bonnetdane\/wp-json\/wp\/v2\/posts"}],"about":[{"href":"https:\/\/blog.causeur.fr\/bonnetdane\/wp-json\/wp\/v2\/types\/post"}],"author":[{"embeddable":true,"href":"https:\/\/blog.causeur.fr\/bonnetdane\/wp-json\/wp\/v2\/users\/6"}],"replies":[{"embeddable":true,"href":"https:\/\/blog.causeur.fr\/bonnetdane\/wp-json\/wp\/v2\/comments?post=3523"}],"version-history":[{"count":0,"href":"https:\/\/blog.causeur.fr\/bonnetdane\/wp-json\/wp\/v2\/posts\/3523\/revisions"}],"wp:featuredmedia":[{"embeddable":true,"href":"https:\/\/blog.causeur.fr\/bonnetdane\/wp-json\/wp\/v2\/media\/3526"}],"wp:attachment":[{"href":"https:\/\/blog.causeur.fr\/bonnetdane\/wp-json\/wp\/v2\/media?parent=3523"}],"wp:term":[{"taxonomy":"category","embeddable":true,"href":"https:\/\/blog.causeur.fr\/bonnetdane\/wp-json\/wp\/v2\/categories?post=3523"},{"taxonomy":"post_tag","embeddable":true,"href":"https:\/\/blog.causeur.fr\/bonnetdane\/wp-json\/wp\/v2\/tags?post=3523"}],"curies":[{"name":"wp","href":"https:\/\/api.w.org\/{rel}","templated":true}]}}