{"id":3699,"date":"2021-03-31T07:04:05","date_gmt":"2021-03-31T05:04:05","guid":{"rendered":"https:\/\/blog.causeur.fr\/bonnetdane\/?p=3699"},"modified":"2021-04-22T18:48:01","modified_gmt":"2021-04-22T16:48:01","slug":"ecoles-ouvertes-ecoles-fermees","status":"publish","type":"post","link":"https:\/\/blog.causeur.fr\/bonnetdane\/ecoles-ouvertes-ecoles-fermees-3699","title":{"rendered":"Ecoles ouvertes, \u00e9coles ferm\u00e9es"},"content":{"rendered":"<p><a href=\"https:\/\/blog.causeur.fr\/bonnetdane\/files\/2021\/03\/4SJJXRWNTOH3DGEV6HUO7THLHE.jpg\"><img loading=\"lazy\" decoding=\"async\" class=\"aligncenter size-medium wp-image-3702\" src=\"https:\/\/blog.causeur.fr\/bonnetdane\/files\/2021\/03\/4SJJXRWNTOH3DGEV6HUO7THLHE-300x188.jpg\" alt=\"4SJJXRWNTOH3DGEV6HUO7THLHE\" width=\"300\" height=\"188\" srcset=\"https:\/\/blog.causeur.fr\/bonnetdane\/wp-content\/uploads\/sites\/25\/2021\/03\/4SJJXRWNTOH3DGEV6HUO7THLHE-300x188.jpg 300w, https:\/\/blog.causeur.fr\/bonnetdane\/wp-content\/uploads\/sites\/25\/2021\/03\/4SJJXRWNTOH3DGEV6HUO7THLHE.jpg 360w\" sizes=\"auto, (max-width: 300px) 100vw, 300px\" \/><\/a>J\u2019ai suffisamment expliqu\u00e9 l\u2019ann\u00e9e derni\u00e8re pourquoi les \u00e9coles devaient rester ouvertes. Encore une fois, j\u2019ai \u00e9t\u00e9 Cassandre dans mon coin, l\u2019immense majorit\u00e9 des enseignants pr\u00e9f\u00e9rant une r\u00e9clusion frileuse et un enseignement \u00e0 distance probl\u00e9matique.<br \/>\nSi probl\u00e9matique que son \u00e9valuation, en septembre, n\u2019a laiss\u00e9 aucun doute : l\u2019\u00e9cole \u00e0 la maison a \u00e9t\u00e9 catastrophique, en particulier pour les \u00e9l\u00e8ves les plus fragiles \u2014 m\u00eame si les autres, tous les autres, ont salement trinqu\u00e9 eux aussi. Ni le mat\u00e9riel, ni les comp\u00e9tences auxiliaires des parents, mobilis\u00e9s pour une t\u00e2che qui n\u2019est pas la leur, n\u2019ont \u00e9t\u00e9 \u00e0 la hauteur. Mais surtout, seul un imb\u00e9cile peut croire qu\u2019un enseignement en distanciel aura le m\u00eame effet qu\u2019une pr\u00e9sence r\u00e9elle, face \u00e0 face.<br \/>\nR\u00e9sultat ? De nombreux m\u00e9decins, <a href=\"https:\/\/www.lefigaro.fr\/politique\/covid-19-le-changement-de-protocole-accelere-les-fermetures-de-classes-20210330\">explique <em>le Figaro<\/em><\/a>, plaident pour un reconfinement. Je les suspecte de chercher \u00e0 perp\u00e9tuer leur pouvoir par tous les moyens \u2014 l\u2019un d\u2019entre eux a doctement expliqu\u00e9 que nous en avions pour dix ans, de masques, de distanciation et de sp\u00e9cialistes d\u2019\u00e9pid\u00e9miologie sur toutes les cha\u00eenes. Ils ont pris go\u00fbt au maquillage, sans doute.<br \/>\nEn m\u00eame temps, les p\u00e9diatres sonnent l\u2019alerte. Ils n\u2019ont jamais eu en consultation autant d\u2019adolescents en phase pr\u00e9-suicidaire. Non seulement la distance nuit \u00e0 la qualit\u00e9 de l\u2019enseignement, mais elle tue.<br \/>\nOui, mais le virus aussi, bla-bla-bla. M\u00eame si \u2014 c\u2019est av\u00e9r\u00e9 \u2014 les \u00e9coles ne constituent pas des acc\u00e9l\u00e9rateurs de l\u2019\u00e9pid\u00e9mie. C\u2019est plut\u00f4t en famille que l\u2019on se contamine, et avec le ramadan qui commence dans quelques jours, \u00e7a ne va pas \u00eatre joli-joli \u2014 alors que la Seine-Saint-Denis affiche des taux de positivit\u00e9 d\u00e9j\u00e0 \u00e9lev\u00e9s. Parions que l\u2019on mettra sur le dos de Blanquer, contre lequel quelques profs encore plus frileux que les autres viennent de porter plainte pour mise en danger de leur droit \u00e0 la paresse, le sursaut de contaminations qui s\u2019en suivra.<br \/>\nNeuf \u00e9l\u00e8ves d\u2019une pr\u00e9pa scientifique dans mon lyc\u00e9e sont corona-positifs. Tous internes, et plusieurs d\u2019entre eux avaient particip\u00e9 au carnaval sauvage qui a d\u00e9ferl\u00e9 sur Marseille il y a huit jours. Rien \u00e0 voir avec leur pr\u00e9sence en classe.<br \/>\nBien s\u00fbr, des \u00e9coles ouvertes facilitent le travail des parents : mais je ne vois pas tr\u00e8s bien en quoi c\u2019est un tort. Mais surtout, elles facilitent l\u2019acquisition des connaissances. Je ne veux pas faire de la peine \u00e0 mes coll\u00e8gues, mais entre leur binette sur Zoom ou une s\u00e9rie sur Netflix, les \u00e9l\u00e8ves ont choisi depuis lurette.<br \/>\nAlors, certains ont pr\u00e9f\u00e9r\u00e9 le mensonge pour faire pression sur le minist\u00e8re. Un membre du SNES&nbsp;du lyc\u00e9e Eug\u00e8ne-Delacroix de Drancy a affirm\u00e9 que pour 2400 \u00e9l\u00e8ves, on comptait 20 parents morts. <a href=\"https:\/\/www.20minutes.fr\/sante\/3008951-20210328-coronavirus-lycee-eugene-delacroix-drancy-o-20-parents-eleves-morts-covid-22-classes-fermees-lundi\">\u00c7a a fait les choux gras de la presse \u00e0 sensation<\/a> \u2014 autrement dit, toute la presse : le Covid a permis \u00e0 l\u2019ensemble des quotidiens et des hebdomadaires de devenir en un an de parfaits clones d\u2019<em>Ici-Paris<\/em>.<br \/>\nSauf que la nouvelle \u00e9tait fausse : notre sycophante avait compt\u00e9 les \u00ab familles \u00bb au sens large, incluant les grands-parents, les oncles les tantes, et sans distinguer ceux qui \u00e9taient morts du Covid ou d\u2019autre chose. Juste un gros khoronnard\u2026<\/p>\n<p>Rien d\u2019\u00e9tonnant de la part d\u2019un syndicat <a href=\"https:\/\/www.snes.edu\/article\/amenagements-bac-francais-2021\/\">qui hurle qu\u2019il faut r\u00e9duire, et encore r\u00e9duire, les programmes et les \u00e9preuves du Bac<\/a>. Et si nous le supprimions tout \u00e0 fait, camarades ?<br \/>\nIl est essentiel que l\u2019on continue \u00e0 enseigner en direct. Essentiel que l\u2019on fasse travailler les \u00e9l\u00e8ves. Essentiel, lorsque le protocole sanitaire l\u2019impose, que l\u2019on fasse \u00e0 distance le travail que l\u2019on ne peut pas faire en direct \u2014 au lieu de se dire, comme certains, qu\u2019\u00eatre pay\u00e9 plein pot pour faire la moiti\u00e9 du job, c\u2019est assez confortable\u2026 Nous avons durablement bousill\u00e9 une g\u00e9n\u00e9ration. Tenez-vous vraiment \u00e0 l\u2019ab\u00eemer davantage ?<\/p>\n<p>Jean-Paul Brighelli<\/p>\n","protected":false},"excerpt":{"rendered":"<p>J\u2019ai suffisamment expliqu\u00e9 l\u2019ann\u00e9e derni\u00e8re pourquoi les \u00e9coles devaient rester ouvertes. Encore une fois, j\u2019ai \u00e9t\u00e9 Cassandre dans mon coin, l\u2019immense majorit\u00e9 des enseignants pr\u00e9f\u00e9rant une r\u00e9clusion frileuse et un enseignement \u00e0 distance probl\u00e9matique. Si probl\u00e9matique que son \u00e9valuation, en septembre, n\u2019a laiss\u00e9 aucun doute : l\u2019\u00e9cole \u00e0 la maison a \u00e9t\u00e9 catastrophique, en particulier [&hellip;]<\/p>\n","protected":false},"author":6,"featured_media":3702,"comment_status":"open","ping_status":"open","sticky":false,"template":"","format":"standard","meta":{"footnotes":""},"categories":[1],"tags":[2202,2403,2400,2406,65],"class_list":{"0":"post-3699","1":"post","2":"type-post","3":"status-publish","4":"format-standard","5":"has-post-thumbnail","7":"category-non-classe","8":"tag-covid","9":"tag-enseignement-en-distanciel","10":"tag-fermetures-de-classes","11":"tag-lycee-eugene-delacroix","12":"tag-snes"},"_links":{"self":[{"href":"https:\/\/blog.causeur.fr\/bonnetdane\/wp-json\/wp\/v2\/posts\/3699","targetHints":{"allow":["GET"]}}],"collection":[{"href":"https:\/\/blog.causeur.fr\/bonnetdane\/wp-json\/wp\/v2\/posts"}],"about":[{"href":"https:\/\/blog.causeur.fr\/bonnetdane\/wp-json\/wp\/v2\/types\/post"}],"author":[{"embeddable":true,"href":"https:\/\/blog.causeur.fr\/bonnetdane\/wp-json\/wp\/v2\/users\/6"}],"replies":[{"embeddable":true,"href":"https:\/\/blog.causeur.fr\/bonnetdane\/wp-json\/wp\/v2\/comments?post=3699"}],"version-history":[{"count":0,"href":"https:\/\/blog.causeur.fr\/bonnetdane\/wp-json\/wp\/v2\/posts\/3699\/revisions"}],"wp:featuredmedia":[{"embeddable":true,"href":"https:\/\/blog.causeur.fr\/bonnetdane\/wp-json\/wp\/v2\/media\/3702"}],"wp:attachment":[{"href":"https:\/\/blog.causeur.fr\/bonnetdane\/wp-json\/wp\/v2\/media?parent=3699"}],"wp:term":[{"taxonomy":"category","embeddable":true,"href":"https:\/\/blog.causeur.fr\/bonnetdane\/wp-json\/wp\/v2\/categories?post=3699"},{"taxonomy":"post_tag","embeddable":true,"href":"https:\/\/blog.causeur.fr\/bonnetdane\/wp-json\/wp\/v2\/tags?post=3699"}],"curies":[{"name":"wp","href":"https:\/\/api.w.org\/{rel}","templated":true}]}}