{"id":371,"date":"2012-03-22T17:39:25","date_gmt":"2012-03-22T17:39:25","guid":{"rendered":"http:\/\/blog.causeur.fr\/bonnetdane\/?p=371"},"modified":"2021-04-22T18:53:06","modified_gmt":"2021-04-22T16:53:06","slug":"saint-philippe-bouche-dor","status":"publish","type":"post","link":"https:\/\/blog.causeur.fr\/bonnetdane\/saint-philippe-bouche-dor-371","title":{"rendered":"Saint-Philippe-Bouche-d&rsquo;or"},"content":{"rendered":"<p class=\"MsoNormal\" style=\"text-align: justify;\"><strong>J\u2019en ai de la chance&nbsp;! Philippe Meirieu, alors qu\u2019il est \u00e0 plein temps engag\u00e9 dans la victorieuse campagne d\u2019Eva Joly, a trouv\u00e9 le temps de s\u2019occuper de moi (1).<\/strong><\/p>\n<p class=\"MsoNormal\" style=\"text-align: justify;\"><strong>Soyons juste&nbsp;: pas seulement de moi. \u00ab&nbsp;Avec un \u00ab\u00a0esprit de s\u00e9rieux\u00a0\u00bb nourri, parfois, \u00e0 de savantes r\u00e9f\u00e9rences (Kant, Condorcet, Durkheim, Orwell, Arendt, etc.), on nous explique, en effet, aujourd&rsquo;hui, que la p\u00e9dagogie ne serait qu&rsquo;une forme de renoncement, de d\u00e9magogie, quand ce n&rsquo;est pas de p\u00e9dophilie! De Jean-Paul Brighelli \u00e0 Natacha Polony, de Jean-Claude Mich\u00e9a \u00e0 Rama Yade, trotskystes et sarkozystes, \u00ab\u00a0r\u00e9publicains\u00a0\u00bb et \u00ab\u00a0lib\u00e9raux\u00a0\u00bb, animateurs de t\u00e9l\u00e9vision et intellectuels ombrageux, ils sont venus, ils sont tous l\u00e0 pour \u00e9triller les p\u00e9dagogues et la p\u00e9dagogie.&nbsp;\u00bb Me voil\u00e0 en bonne compagnie.<\/strong><\/p>\n<p class=\"MsoNormal\" style=\"text-align: justify;\"><strong>Sacr\u00e9 Philippe&nbsp;! Mais comment fait-il&nbsp;? En deux phrases, il enfile la liste de toutes les r\u00e9f\u00e9rences incontournables de la vraie p\u00e9dagogie \u2014 Rama Yade except\u00e9e, elle n\u2019est l\u00e0, coup de pied de l\u2019\u00e2ne, que pour d\u00e9valoriser ce qui pr\u00e9c\u00e8de, et qui ne proc\u00e8de pas de Philippe Meirieu <em>himself<\/em><span style=\"font-style: normal;\">. De Condorcet \u00e0 Mich\u00e9a, vous avez la liste de tout ce qui compte \u2014 et je ne suis qu\u2019un d\u00e9tour pas m\u00eame indispensable face \u00e0 Orwell ou Mich\u00e9a. Pour Polony, je n\u2019oserais m\u2019avancer, mais je suis s\u00fbr en tout cas, d\u2019une chose : elle ne se croit peut-\u00eatre pas tout l\u2019esprit qu\u2019elle a, mais elle n\u2019a jamais fait de mal \u00e0 l\u2019Ecole, elle. Elle a m\u00eame fait de son mieux pour lui faire du bien.<\/span><\/strong><\/p>\n<p class=\"MsoNormal\" style=\"text-align: justify;\"><strong>Il faut avoir un culot monstrueux \u2014 mais vous en \u00eates amplement fourni, mon cher \u2014 pour se r\u00e9clamer des grands p\u00e9dagogues qui, de Freinet \u00e0 Pestalozzi ou Montessori, ont \u00e9t\u00e9 des bricoleurs exemplaires \u2014 et non des id\u00e9ologues crisp\u00e9s sur des th\u00e9ories, comme leurs disciples et imitateurs ont fini par le faire croire. Parce que la p\u00e9dagogie est du bricolage, et elle n\u2019est que cela \u2014 mais bricolage de g\u00e9nie. Vous r\u00e9cusez le bricolage, parce que vous n\u2019avez pas d\u2019accointances avec le g\u00e9nie.<\/strong><\/p>\n<p class=\"MsoNormal\" style=\"text-align: justify;\"><strong><br \/><\/strong><\/p>\n<p class=\"MsoNormal\">(1) <a href=\"http:\/\/www.huffingtonpost.fr\/philippe-meirieu\/crise-de-lautorite_b_1367820.html?page=1\">http:\/\/www.huffingtonpost.fr\/philippe-meirieu\/crise-de-lautorite_b_1367820.html?page=1<\/a><\/p>\n<p class=\"MsoNormal\" style=\"text-align: justify;\">Alors, Philippe, \u00e9coutez-moi bien \u2014 futur d\u00e9put\u00e9 par protection ou futur ministre que vous vous croyez d\u00e9j\u00e0\u2026 Ecoutez-moi bien, cancre que vous \u00eates, parce que je ne r\u00e9p\u00e9terai pas.<\/p>\n<p class=\"MsoNormal\" style=\"text-align: justify;\">P\u00e9dagogiquement, vous n\u2019\u00eates rien. Ou moins que rien, tant vous \u00eates nuisible. Ceux qui comptent vraiment, ceux qui comptent encore, encore et toujours, ce sont ceux qui n\u2019ont pas d\u00e9sert\u00e9 l\u2019Ecole pour enseigner en fac les \u00ab&nbsp;sciences&nbsp;\u00bb de l\u2019Education, faire les jolis c\u0153urs rue de Solf\u00e9rino, ou aboyer sur RMC. Celles et ceux qui comptent, ce sont celles et ceux qui s\u2019obstinent, chaque matin, \u00e0 se confronter aux \u00e9l\u00e8ves. \u00c0 imaginer, chaque soir, chaque nuit, des strat\u00e9gies nouvelles pour faire passer quelques connaissances dans ces caboches d\u00e9c\u00e9r\u00e9br\u00e9es par vos semblables et vos disciples, en sus des m\u00e9dias (et m\u00eame des M\u00e9diapart, o\u00f9 s\u2019\u00e9tale la suffisance de votre ami Frackowiak, le ma\u00eetre \u00e0 penser de Bruno Julliard et de Fran\u00e7ois Hollande, ce qui n\u2019est pas rien \u2014 mais le fr\u00f4le) et de cette soci\u00e9t\u00e9 qui produit le leurre et l\u2019argent du leurre. Les vrais p\u00e9dagogues (et je n\u2019ai pas m\u00eame l\u2019arrogance de me compter dans leurs rangs, moi qui n\u2019ai cess\u00e9 d\u2019enseigner depuis 40 ans), c\u2019est telle institutrice de la Dr\u00f4me qui apprend infailliblement \u00e0 lire-\u00e9crire-calculer-compter \u00e0 ses \u00e9l\u00e8ves de GS\/CP, au lieu de leur dispenser les indispensables \u00ab&nbsp;ateliers-philo&nbsp;\u00bb qui ont tant fait pour la r\u00e9putation de vos amis et de tous les \u00e2nes b\u00e2t\u00e9s du gadget et de l\u2019arrogance. C\u2019est tel prof qui s\u2019efforce d\u2019enseigner la physique-chimie \u00e0 ses \u00e9l\u00e8ves au lieu de leur mettre la main \u00e0 la p\u00e2te ou au panier. C\u2019est tel enseignant de musique qui enseigne la musique au lieu de t\u00e9ter la sainte parole de Didier Lockwood (2). C\u2019est\u2026<\/p>\n<p class=\"MsoNormal\" style=\"text-align: justify;\">La liste est plus longue que vous ne pensez, parce que vous n\u2019\u00eates pas tout \u00e0 fait parvenu \u00e0 supprimer en France toute intelligence et toute conscience, vos deux grandes ennemies. Mais voil\u00e0&nbsp;: l\u2019arrogance des p\u00e9dagos est telle qu\u2019ils pr\u00e9tendent confisquer le mot m\u00eame de p\u00e9dagogie \u00e0 leur seul usage. Ils reniflent la victoire \u2014 ou du moins ils le croient, ils la croient \u00e0 port\u00e9e de griffe, bient\u00f4t sonnera l\u2019heure de la revanche, il y a des postes \u00e0 prendre, des carri\u00e8res \u00e0 lancer ou \u00e0 relancer, des pr\u00e9bendes \u00e0 se distribuer. Les \u00ab&nbsp;r\u00e9publicains&nbsp;\u00bb se battent pour l\u2019Ecole, pour leurs \u00e9l\u00e8ves, et vous vous battez pour\u2026 pour quoi au juste&nbsp;? Un d\u00e9putanat&nbsp;? Un maroquin&nbsp;? L\u2019ambition de voir sa photo dans le grand panneau du minist\u00e8re o\u00f9 sont coll\u00e9es l\u2019un \u00e0 c\u00f4t\u00e9 de l\u2019autre les portraits de tous ceux qui se sont assis dans le m\u00eame fauteuil&nbsp;? Grandeurs de l\u2019homme, comme vous \u00eates petites&nbsp;!<\/p>\n<p class=\"MsoNormal\" style=\"text-align: justify;\">Admirable article, vraiment, que celui que vous consacrez \u00e0 la \u00ab&nbsp;Crise de l\u2019autorit\u00e9&nbsp;\u00bb&nbsp;! Val\u00e9ry a \u00e9crit <em>la Crise de l\u2019esprit<\/em><span style=\"font-style: normal;\">, et vous vous inscrivez dans son ombre, homme d\u2019ombre que vous \u00eates. Heureusement que nous sommes l\u00e0, nous, pour faire un peu de lumi\u00e8re et vous donner quelque consistance, obscure clart\u00e9 que vous \u00eates&nbsp;!<\/span><\/p>\n<p class=\"MsoNormal\" style=\"text-align: justify;\">Faut-il que le lib\u00e9ralisme avanc\u00e9 ait besoin de vous, pour que vous soyez parvenu \u00e0 lui faire croire que vous pensez, quand en fait vous lui servez d\u2019alibi pour supprimer des postes et l\u00e9gitimer l\u2019\u00e9cole \u00e0 deux ou trois vitesses qui permet de laisser les d\u00e9sh\u00e9rit\u00e9s en arri\u00e8re. Je n\u2019ai pas peur de le dire tout haut&nbsp;: la justification id\u00e9ologique des saign\u00e9es op\u00e9r\u00e9es par Luc Chatel, c\u2019est chez Meirieu qu\u2019il faut la chercher. Et la justification id\u00e9ologique des embauches de \u00ab&nbsp;grands fr\u00e8res&nbsp;\u00bb que ne manquera pas d\u2019op\u00e9rer Hollande, conform\u00e9ment \u00e0 ses promesses creuses, c\u2019est aussi chez lui qu\u2019elle trouve sa source, lui qui feint de croire que nous mettons la crise de l\u2019autorit\u00e9 sur le dos de \u00ab&nbsp;la tyrannie de petits ca\u00efds qu&rsquo;on imagine facilement basan\u00e9s&nbsp;\u00bb. Bravo. Le raciste, c\u2019est toujours l\u2019autre, n\u2019est-ce pas\u2026<\/p>\n<p class=\"MsoNormal\" style=\"text-align: justify;\">Le probl\u00e8me, c\u2019est que les racistes, ce sont ceux qui ont confin\u00e9 les plus malheureux dans les Zones d\u2019Exclusion Programm\u00e9e, ces ghettos scolaires install\u00e9s au c\u0153ur des ghettos urbains. Les racistes, ce sont ceux qui aujourd\u2019hui encore r\u00e9clament des moyens nouveaux pour installer au c\u0153ur des ZEP des \u00ab&nbsp;p\u00e9dagogies innovantes&nbsp;\u00bb \u2014 si elles innovaient quoi que ce soient \u00e0 part leur vanit\u00e9 et leur vacuit\u00e9, on le saurait, depuis trente ans qu\u2019elles \u00e9chouent. Les vrais r\u00e9actionnaires, ce sont ceux qui feignent de croire que Marine Le Pen s\u2019inspire des p\u00e9dagogues r\u00e9publicains, alors qu\u2019elle vomit la R\u00e9publique.<\/p>\n<p class=\"MsoNormal\" style=\"text-align: justify;\">Oui, vous avez raison&nbsp;: Bourdieu a de moins en moins tort. L\u2019Ecole que vous avez si patiemment construite ou d\u00e9construite a, sous pr\u00e9texte d\u2019\u00e9galitarisme, d\u00e9finitivement d\u00e9truit l\u2019\u00e9galit\u00e9 \u2014 la seule \u00e9galit\u00e9 que je connaisse et reconnaisse, le droit d\u2019aller au plus haut de ses talents et de ses capacit\u00e9s, quelles qu\u2019elles soient, cette \u00e9galit\u00e9-l\u00e0 est bafou\u00e9e par les pseudo-libertaires, dont vous \u00eates, et les vrais d\u00e9peceurs. Les \u00ab&nbsp;h\u00e9ritiers&nbsp;\u00bb d\u00e9sormais ont un nom&nbsp;: ce sont vos enfants.<\/p>\n<p class=\"MsoNormal\" style=\"text-align: justify;\">Pas les miens. Pas les n\u00f4tres. Pour les vrais p\u00e9dagogues, tous les enfants sont leurs enfants. \u00c0 \u00e9galit\u00e9 vraie \u2014 le droit d\u2019apprendre <em>par c\u0153ur<\/em><span style=\"font-style: normal;\"> les m\u00eames le\u00e7ons, et d\u2019acc\u00e9der \u00e0 la m\u00eame culture et aux m\u00eames emplois, qu\u2019ils s\u2019appellent Mouloud ou Marie-Chantal. <\/span><\/p>\n<p class=\"MsoNormal\" style=\"text-align: justify;\">Alors, en v\u00e9rit\u00e9, je vous le dis&nbsp;: je voterai au premier tour pour le candidat dont les propositions sur l\u2019Ecole collent au plus pr\u00e8s de la r\u00e9alit\u00e9 \u2014 c\u2019est-\u00e0-dire \u00e0 l\u2019oppos\u00e9 de vos fantasmes. En l\u2019\u00e9tat, Fran\u00e7ois Bayrou. Et s\u2019il n\u2019est pas au second tour, je voterai pour celui qui vous fera le mieux barrage, parce qu\u2019en v\u00e9rit\u00e9, vous \u00eates le Mal.<\/p>\n<p class=\"MsoNormal\" style=\"text-align: justify;\">Jean-Paul Brighelli<\/p>\n<p class=\"MsoNormal\" style=\"text-align: justify;\">&nbsp;<\/p>\n<p class=\"MsoNormal\">(2) Voir l\u2019excellente analyse du \u00ab&nbsp;rapport Lockwood, dernier avatar meirieuique, sur <a href=\"http:\/\/celeblog.over-blog.com\/article-le-rapport-lockwood-bas-les-masques-101377295.html\">http:\/\/celeblog.over-blog.com\/article-le-rapport-lockwood-bas-les-masques-101377295.html<\/a><\/p>\n","protected":false},"excerpt":{"rendered":"<p>J\u2019en ai de la chance&nbsp;! Philippe Meirieu, alors qu\u2019il est \u00e0 plein temps engag\u00e9 dans la victorieuse campagne d\u2019Eva Joly, a trouv\u00e9 le temps de s\u2019occuper de moi (1). Soyons juste&nbsp;: pas seulement de moi. \u00ab&nbsp;Avec un \u00ab\u00a0esprit de s\u00e9rieux\u00a0\u00bb nourri, parfois, \u00e0 de savantes r\u00e9f\u00e9rences (Kant, Condorcet, Durkheim, Orwell, Arendt, etc.), on nous explique, [&hellip;]<\/p>\n","protected":false},"author":6,"featured_media":0,"comment_status":"open","ping_status":"open","sticky":false,"template":"","format":"standard","meta":{"footnotes":""},"categories":[1],"tags":[],"class_list":{"0":"post-371","1":"post","2":"type-post","3":"status-publish","4":"format-standard","6":"category-non-classe"},"_links":{"self":[{"href":"https:\/\/blog.causeur.fr\/bonnetdane\/wp-json\/wp\/v2\/posts\/371","targetHints":{"allow":["GET"]}}],"collection":[{"href":"https:\/\/blog.causeur.fr\/bonnetdane\/wp-json\/wp\/v2\/posts"}],"about":[{"href":"https:\/\/blog.causeur.fr\/bonnetdane\/wp-json\/wp\/v2\/types\/post"}],"author":[{"embeddable":true,"href":"https:\/\/blog.causeur.fr\/bonnetdane\/wp-json\/wp\/v2\/users\/6"}],"replies":[{"embeddable":true,"href":"https:\/\/blog.causeur.fr\/bonnetdane\/wp-json\/wp\/v2\/comments?post=371"}],"version-history":[{"count":0,"href":"https:\/\/blog.causeur.fr\/bonnetdane\/wp-json\/wp\/v2\/posts\/371\/revisions"}],"wp:attachment":[{"href":"https:\/\/blog.causeur.fr\/bonnetdane\/wp-json\/wp\/v2\/media?parent=371"}],"wp:term":[{"taxonomy":"category","embeddable":true,"href":"https:\/\/blog.causeur.fr\/bonnetdane\/wp-json\/wp\/v2\/categories?post=371"},{"taxonomy":"post_tag","embeddable":true,"href":"https:\/\/blog.causeur.fr\/bonnetdane\/wp-json\/wp\/v2\/tags?post=371"}],"curies":[{"name":"wp","href":"https:\/\/api.w.org\/{rel}","templated":true}]}}