{"id":38,"date":"2006-07-28T18:05:36","date_gmt":"2006-07-28T18:05:36","guid":{"rendered":"http:\/\/blog.causeur.fr\/bonnetdane\/?p=38"},"modified":"2021-04-22T18:54:01","modified_gmt":"2021-04-22T16:54:01","slug":"blogosphere","status":"publish","type":"post","link":"https:\/\/blog.causeur.fr\/bonnetdane\/blogosphere-38","title":{"rendered":"Blogosphere"},"content":{"rendered":"<p>Le Herald Tribune du 28 juillet titre, en premi\u00e8re page et sur trois colonnes : \u00ab\u00a0France&rsquo;s mysterous embrace of blogs\u00a0\u00bb (pour les non-anglicistes : \u00ab\u00a0la myst\u00e9rieuse ru\u00e9e sur les blogs des Fran\u00e7ais\u00a0\u00bb). Statistiques \u00e0 l&rsquo;appui, le journal am\u00e9ricain \u00e9dit\u00e9 \u00e0 Neuilly r\u00e9v\u00e8le que 60% des internautes fran\u00e7ais passent sur les blogs, contre 40% pour les Britanniques et un peu plus de 30 pour les Nord-Am\u00e9ricains.<br \/>Puis le commentateur, Thomas Crampton, analyse l&rsquo;usage compar\u00e9 des blogs. Les Am\u00e9ricains, par exemple, incorporent volontiers les id\u00e9es des autres bloggueurs aux leurs, alors que les Fran\u00e7ais, semble-t-il, ignorent le compromis. Chacun, ici, camperait sur ses positions.<br \/>L&rsquo;analyse s&rsquo;affine, avec sous-titre plus existentiel : \u00ab\u00a0The big question is why\u00a0\u00bb. Un sp\u00e9cialiste fran\u00e7ais consult\u00e9, Lo\u00efc Le Meur, affirme que les Fran\u00e7ais sont champions du monde de l&rsquo;ego, et adorent se raconter \u2014 alors que les Allemands ou les Scandinaves, petits joueurs de la blogosph\u00e8re, restent sur leur quant-\u00e0-soi.<br \/>Ce n&rsquo;est pas faux. Il y a des blogs qui affichent le narcissisme de leurs auteurs avec une innocence\u2026<br \/>Mais il y a une autre explication peut-\u00eatre, et ce blog-ci m&rsquo;en donne une cl\u00e9.<\/p>\n<p>\u00ab\u00a0Bonnet d&rsquo;\u00e2ne\u00a0\u00bb (une pure provocation, cette appellation !) est visit\u00e9 par une moyenne de 20 000 personnes par mois (un peu plus en mai-juin, mais encore pr\u00e8s de 18 000 en ce 28 juillet \u2014 alors que nous sommes en vacances, et que les acc\u00e8s \u00e0 Internet ne sont pas si ais\u00e9s). Et ce qui s&rsquo;y exprime, les avis tranch\u00e9s des uns, les anecdotes des autres, les noms d&rsquo;oiseaux parfois, des vannes faciles et d&rsquo;autres qui le sont moins \u2014 tout me donne \u00e0 penser que ce qui se jette ici, c&rsquo;est essentiellement ce qui ne se dit pas. Les plaisanteries les plus lourdes le r\u00e9v\u00e8lent mieux encore que tout le reste : le blog, c&rsquo;est le retour du refoul\u00e9.<br \/>Les enseignants qui fr\u00e9quentent ce blog, et ils sont un certain nombre, notent souvent qu&rsquo;ils ont d\u00e9j\u00e0 serin\u00e9 telle ou telle opinion \u00e0 leurs coll\u00e8gues, maintes et maintes fois\u2026 Voire ! Peut-\u00eatre l&rsquo;ont-ils dit, mais pas avec cette libert\u00e9. Par ailleurs, m\u00eame s&rsquo;ils l&rsquo;ont cri\u00e9, qui les a entendus ? L&rsquo;Education Nationale, mise en coupe r\u00e9gl\u00e9e depuis vingt ans par les ma\u00eetres du discours p\u00e9dagogique, est, bien plus que l&rsquo;arm\u00e9e, la Grande Muette du XXIe si\u00e8cle.<br \/>Et au-del\u00e0 de l&rsquo;Education, qui n&rsquo;est jamais que la vitrine de notre R\u00e9publique malade, c&rsquo;est tout le politiquement correct qui vole en \u00e9clats, ici comme ailleurs. C&rsquo;est d&rsquo;ailleurs pour cela que je n&rsquo;exerce moi-m\u00eame aucune censure sur ceux qui s&rsquo;expriment ici \u2014 parce que ce qui se r\u00e9v\u00e8le dans les lignes anonymes ou non des bloggueurs, c&rsquo;est l&rsquo;incapacit\u00e9, de plus en plus grande, de la France \u00ab\u00a0ordinaire\u00a0\u00bb, de l&rsquo;\u00e9cole \u00ab\u00a0ordinaire\u00a0\u00bb, \u00e0 autoriser des opinions diff\u00e9rentes. Encore un peu de libert\u00e9 d&rsquo;expression \u00e0 la sauce p\u00e9dagogique, et nous sommes m\u00fbrs pour le n\u00e9o-fascisme \u2014 celui qui met des barreaux dans la t\u00eate. <br \/>Le blog est le dernier espace de libert\u00e9 de cette d\u00e9mocratie qui, sous pr\u00e9texte de laisser \u00e0 chacun libre cours \u00e0 ses opinions, condamne tout le monde \u00e0 adh\u00e9rer \u00e0 un sentiment moyen, \u00e9t\u00e9t\u00e9, st\u00e9rilis\u00e9, dont la passion et les paroxysmes sont exclus.<br \/>Salut donc \u00e0 toutes celles, \u00e0 tous ceux qui passent, ou qui s\u00e9journent. Je salue en elles et en eux mes cong\u00e9n\u00e8res en libert\u00e9. \u00ab\u00a0Attach\u00e9 ? dit le Loup. Vous ne courez donc point o\u00f9 vous voulez ?\u00a0\u00bb<br \/>Les loups en laisse de la fausse d\u00e9mocratie qui nous g\u00e8re surfent aujourd&rsquo;hui de blog en blog. Qu&rsquo;ils hurlent \u2014 peut-\u00eatre alors les entendra-t-on.<br \/>JP Brighelli<\/p>\n","protected":false},"excerpt":{"rendered":"<p>Le Herald Tribune du 28 juillet titre, en premi\u00e8re page et sur trois colonnes : \u00ab\u00a0France&rsquo;s mysterous embrace of blogs\u00a0\u00bb (pour les non-anglicistes : \u00ab\u00a0la myst\u00e9rieuse ru\u00e9e sur les blogs des Fran\u00e7ais\u00a0\u00bb). Statistiques \u00e0 l&rsquo;appui, le journal am\u00e9ricain \u00e9dit\u00e9 \u00e0 Neuilly r\u00e9v\u00e8le que 60% des internautes fran\u00e7ais passent sur les blogs, contre 40% pour les [&hellip;]<\/p>\n","protected":false},"author":6,"featured_media":0,"comment_status":"open","ping_status":"open","sticky":false,"template":"","format":"standard","meta":{"footnotes":""},"categories":[1],"tags":[],"class_list":{"0":"post-38","1":"post","2":"type-post","3":"status-publish","4":"format-standard","6":"category-non-classe"},"_links":{"self":[{"href":"https:\/\/blog.causeur.fr\/bonnetdane\/wp-json\/wp\/v2\/posts\/38","targetHints":{"allow":["GET"]}}],"collection":[{"href":"https:\/\/blog.causeur.fr\/bonnetdane\/wp-json\/wp\/v2\/posts"}],"about":[{"href":"https:\/\/blog.causeur.fr\/bonnetdane\/wp-json\/wp\/v2\/types\/post"}],"author":[{"embeddable":true,"href":"https:\/\/blog.causeur.fr\/bonnetdane\/wp-json\/wp\/v2\/users\/6"}],"replies":[{"embeddable":true,"href":"https:\/\/blog.causeur.fr\/bonnetdane\/wp-json\/wp\/v2\/comments?post=38"}],"version-history":[{"count":0,"href":"https:\/\/blog.causeur.fr\/bonnetdane\/wp-json\/wp\/v2\/posts\/38\/revisions"}],"wp:attachment":[{"href":"https:\/\/blog.causeur.fr\/bonnetdane\/wp-json\/wp\/v2\/media?parent=38"}],"wp:term":[{"taxonomy":"category","embeddable":true,"href":"https:\/\/blog.causeur.fr\/bonnetdane\/wp-json\/wp\/v2\/categories?post=38"},{"taxonomy":"post_tag","embeddable":true,"href":"https:\/\/blog.causeur.fr\/bonnetdane\/wp-json\/wp\/v2\/tags?post=38"}],"curies":[{"name":"wp","href":"https:\/\/api.w.org\/{rel}","templated":true}]}}