{"id":3854,"date":"2021-04-09T11:31:25","date_gmt":"2021-04-09T09:31:25","guid":{"rendered":"https:\/\/blog.causeur.fr\/bonnetdane\/?p=3854"},"modified":"2021-04-22T18:48:01","modified_gmt":"2021-04-22T16:48:01","slug":"suppression-de-lena-gadget-ou-fusible","status":"publish","type":"post","link":"https:\/\/blog.causeur.fr\/bonnetdane\/suppression-de-lena-gadget-ou-fusible-3854","title":{"rendered":"Suppression de l\u2019ENA, gadget ou fusible ?"},"content":{"rendered":"<p><a href=\"https:\/\/blog.causeur.fr\/bonnetdane\/files\/2021\/04\/1153561-les-locaux-de-l-ena-a-strasbourg.jpg\"><img loading=\"lazy\" decoding=\"async\" class=\"aligncenter size-large wp-image-3859\" src=\"https:\/\/blog.causeur.fr\/bonnetdane\/files\/2021\/04\/1153561-les-locaux-de-l-ena-a-strasbourg-1024x668.jpg\" alt=\"1153561-les-locaux-de-l-ena-a-strasbourg\" width=\"584\" height=\"381\" srcset=\"https:\/\/blog.causeur.fr\/bonnetdane\/wp-content\/uploads\/sites\/25\/2021\/04\/1153561-les-locaux-de-l-ena-a-strasbourg-1024x668.jpg 1024w, https:\/\/blog.causeur.fr\/bonnetdane\/wp-content\/uploads\/sites\/25\/2021\/04\/1153561-les-locaux-de-l-ena-a-strasbourg-300x196.jpg 300w, https:\/\/blog.causeur.fr\/bonnetdane\/wp-content\/uploads\/sites\/25\/2021\/04\/1153561-les-locaux-de-l-ena-a-strasbourg-768x501.jpg 768w, https:\/\/blog.causeur.fr\/bonnetdane\/wp-content\/uploads\/sites\/25\/2021\/04\/1153561-les-locaux-de-l-ena-a-strasbourg-460x300.jpg 460w, https:\/\/blog.causeur.fr\/bonnetdane\/wp-content\/uploads\/sites\/25\/2021\/04\/1153561-les-locaux-de-l-ena-a-strasbourg.jpg 2000w\" sizes=\"auto, (max-width: 584px) 100vw, 584px\" \/><\/a>Emmanuel Macron, bien en peine de fournir \u00e0 sa majorit\u00e9 des id\u00e9es neuves qui fassent consensus (l\u2019euthanasie n\u2019en fait pas partie), a donc d\u00e9cid\u00e9 de supprimer l\u2019ENA, et de la remplacer par un Institut du Service public.<br \/>\nGrande r\u00e9volution. Fran\u00e7ois Hollande avait ray\u00e9 les IUFM, m\u00e9tamorphos\u00e9s en ESPE, remplac\u00e9s depuis par les INSPE. Avec les m\u00eames facariens aux manettes. La grande distribution conna\u00eet ce type de manipulation : on change l\u2019\u00e9tiquette, mais au final, c\u2019est toujours de la malbouffe.<\/p>\n<p>Julien Aubert, qui appartient \u00e0 la m\u00eame promotion de l\u2019ENA que le Pr\u00e9sident de la R\u00e9publique, <a href=\"https:\/\/www.lefigaro.fr\/politique\/julien-aubert-l-ena-sert-de-fusible-contre-la-colere-des-francais-20210408\">ass\u00e8ne dans <em>le Figaro<\/em> de ce jour <\/a>quelques arguments incontournables. \u00ab D\u00e9cision path\u00e9tique \u00bb, \u00ab d\u00e9magogique \u00bb : \u00ab Emmanuel Macron sait que notre syst\u00e8me scolaire ne permet plus la m\u00e9ritocratie r\u00e9publicaine et ne parvient plus \u00e0 faire \u00e9merger des \u00e9tudiants capables de se porter candidats \u00e0 l\u2019ENA. \u00bb Et d\u2019enfoncer le clou au final avec une m\u00e9taphore \u00e9loquente : \u00ab Ce n\u2019est pas en restaurant le penthouse du dernier \u00e9tage que vous r\u00e9glez une panne d\u2019ascenseur dans l\u2019immeuble. Le probl\u00e8me se r\u00e9sout plus bas, \u00e0 la sortie du Primaire, quand des enfants issus des classes populaires ne savent pas lire, \u00e9crire, compter \u00e0 cause d\u2019une \u00e9cole d\u00e9faillante. Le vrai sujet est l\u00e0. \u00bb<\/p>\n<p>Eh oui. Pour avoir form\u00e9, des ann\u00e9es durant, une vingtaine d\u2019\u00e9l\u00e8ves par an, issus pour la plupart de milieux d\u00e9favoris\u00e9s (et, comme nous sommes \u00e0 Marseille, tr\u00e8s souvent de familles immigr\u00e9es), comme en ont t\u00e9moign\u00e9 <a href=\"https:\/\/blog.causeur.fr\/bonnetdane\/temoignage-dancien-eleve-sur-la-fabrique-education-003523\">ici<\/a> et <a href=\"https:\/\/blog.causeur.fr\/bonnetdane\/merci-de-nous-avoir-rendus-un-peu-moins-cons-003269\">l\u00e0<\/a> certains d\u2019entre eux, je sais bien que c\u2019\u00e9tait une goutte d\u2019eau dans un oc\u00e9an d\u2019infortunes scolaires. Nous s\u00e9lectionnons une poign\u00e9e d\u2019\u00e9l\u00e8ves \u00ab m\u00e9ritants \u00bb \u2014 c\u2019est-\u00e0-dire qui sont arriv\u00e9s \u00e0 survivre dans un syst\u00e8me construit pour les laminer, eux qui \u00e9taient \u00ab des petits, des obscurs, des sans grande \u00bb, comme disait Edmond Rostand. Cela se fait \u00e7\u00e0 et l\u00e0 dans des lyc\u00e9es \u00e0 CPGE, et \u00e7a s&rsquo;appelle des CPES ou des SPE-IEP (et l&rsquo;abolition des concours sous pr\u00e9texte de Covid les menace sensiblement). Des syndicats \u00ab de gauche \u00bb (rien que d\u2019\u00e9crire ces mots menteurs, j\u2019ai des remont\u00e9es acides) ont protest\u00e9 en disant que les cr\u00e9dits utilis\u00e9s pour \u00ab sauver \u00bb quelques poign\u00e9es d\u2019\u00e9l\u00e8ves devaient \u00eatre \u00e9quitablement r\u00e9partis sur tous les \u00e9l\u00e8ves, de fa\u00e7on \u00e0 n\u2019en sauver aucun. Connards ! Grandioses connards !<br \/>\nQuant \u00e0 l\u2019id\u00e9e de surmultiplier lesdits cr\u00e9dits, elle est tout aussi vaine. Il faudrait d\u00e9j\u00e0 que ces m\u00eames syndicats examinent la fa\u00e7on dont leurs affid\u00e9s enseignent (ou n\u2019enseignent pas) les quatre op\u00e9rations de base en CP. Et font (ou plut\u00f4t, ne font pas) travailler sur des \u00e9ditions compl\u00e8tes des <em>Trois mousquetaires<\/em> en CM1. Ce ne sont pas des enseignants de plus qu\u2019il nous faut (et o\u00f9 irait-on les chercher, le r\u00e9servoir est \u00e0 sec), mais des connards en moins.<br \/>\nIl faudrait aussi r\u00e9unir des \u00e9quipes de profs motiv\u00e9s et comp\u00e9tents (et quelle chance j\u2019ai eu de travailler avec eux !), de culture encyclop\u00e9dique chacun dans sa sp\u00e9cialit\u00e9, qui se chargent en neuf mois de cours intensifs de rattraper quinze ans de gabegie scolaire. On y arrive, parce que ces \u00e9l\u00e8ves-l\u00e0 ne sont pas plus incapables que les autres \u2014 mais ils ont \u00e9t\u00e9 confin\u00e9s dans des \u00e9tablissements-ghettos de cit\u00e9s-ghettos o\u00f9 la Gauche \u2014 la m\u00eame que plus haut \u2014 a eu l\u2019id\u00e9e ing\u00e9nieuse de les cantonner.<\/p>\n<p>Mais \u00e7a ne marche qu\u2019avec de petits groupes, avec des horaires d\u00e9di\u00e9s, et une volont\u00e9 de travailler qui a \u00e9t\u00e9 d\u00e9courag\u00e9e, la plupart du temps, par des enseignants qui ont pass\u00e9 leur temps \u00e0 descendre le niveau sous pr\u00e9texte de n\u2019oublier personne. Salopards !<\/p>\n<p>Alors, la r\u00e9forme de l\u2019ENA\u2026 Les gentils cobayes recrut\u00e9s \u00e0 Sciences-Po Paris par Richard Descoings \u00e0 partir des ann\u00e9es 2000 n\u2019ont jamais pu franchir le cap du concours d\u2019entr\u00e9e \u00e0 l&rsquo;ENA, faute de formation ant\u00e9rieure de qualit\u00e9 et de r\u00e9f\u00e9rences culturelles t\u00e9moignant d\u2019une complicit\u00e9 active avec celles des jurys \u2014\u00e0 commencer par sa langue. Recruter dans la \u00ab diversit\u00e9 \u00bb n\u2019effacera pas ce handicap, et ne le surmontera pas. \u00c0 l\u2019arriv\u00e9e, ce seront, bien davantage qu\u2019aujourd\u2019hui, les \u00ab fils et filles de \u00bb qui acc\u00e8deront aux beaux emplois des beaux corps de la Fonction publique. Avec la conscience tranquille de ceux qui ont \u00e9t\u00e9 confront\u00e9s \u00e0 des gens \u00ab m\u00e9ritants \u00bb, mais laiss\u00e9s sur la touche.<br \/>\nJe n\u2019en veux pas \u00e0 l\u2019oligarchie fran\u00e7aise d\u2019inventer de nouveaux moyens pour garantir une place au chaud pour ses enfants. Toute nomenklatura agit de m\u00eame, qu\u2019elle soit de gauche ou de droite. J\u2019en veux \u00e0 ceux qui couvrent, sous pr\u00e9texte de \u00ab moyens \u00bb et de \u00ab d\u00e9mocratie \u00bb, ce syst\u00e8me inique. J\u2019en veux \u00e0 ceux qui brandissent leur petit Bourdieu, comme autrefois le Petit Livre rouge, et ont, ces trente derni\u00e8res ann\u00e9es, si merveilleusement vici\u00e9 le syst\u00e8me que les Grandes Ecoles, qui dans les ann\u00e9es 1960 recrutaient 12% de classes d\u00e9favoris\u00e9es, n\u2019en recrutent aujourd\u2019hui que 2%. Les 2% qui ont \u00e9chapp\u00e9 \u00e0 la mise \u00e0 z\u00e9ro op\u00e9r\u00e9e par de mauvaises m\u00e9thodes de lecture, une d\u00e9magogie de chaque instant, le \u00ab respect \u00bb de conditions dont pourtant les m\u00f4mes ne r\u00eavent que de s\u2019\u00e9chapper \u2014 <a href=\"https:\/\/blog.causeur.fr\/bonnetdane\/pitie-pour-les-filles-0037\">les filles surtout<\/a>, qui en savent long sur le sort que leur r\u00e9servent les \u00ab grands fr\u00e8res \u00bb \u2014, et des revendications qui n\u2019ont aucun rapport avec les n\u00e9cessit\u00e9s.<br \/>\nParce que c\u2019est d\u2019enseignants comp\u00e9tents que nous avons besoin. De gens qui sachent contourner les consignes et dire merde aux Inspecteurs. Et qui sachent transmettre leurs savoirs au lieu de \u00ab respecter \u00bb l\u2019ignorance de leurs \u00e9l\u00e8ves, leurs superstitions, leur communautarisme l\u00e9tal. Au lieu de renoncer \u00e0 la lib\u00e9ration par la la\u00efcit\u00e9.<br \/>\nParce que c\u2019est sous pr\u00e9texte de \u00ab respect \u00bb que nous avons laiss\u00e9 le niveau descendre dans les abysses. Et vous croyez que ces \u00e9l\u00e8ves-l\u00e0 seront les heureux b\u00e9n\u00e9ficiaires de l\u2019ENA \/ ISP ? Bien s\u00fbr que non \u2014 parce que gr\u00e2ce \u00e0 vous, ils n\u2019ont aucune chance d\u2019aller au plus haut de leurs capacit\u00e9s : ils sont, \u00e0 vie, abonn\u00e9s au rase-mottes, \u00e0 Netflix et aux nourritures molles.<\/p>\n<p>Jean-Paul Brighelli<\/p>\n","protected":false},"excerpt":{"rendered":"<p>Emmanuel Macron, bien en peine de fournir \u00e0 sa majorit\u00e9 des id\u00e9es neuves qui fassent consensus (l\u2019euthanasie n\u2019en fait pas partie), a donc d\u00e9cid\u00e9 de supprimer l\u2019ENA, et de la remplacer par un Institut du Service public. Grande r\u00e9volution. Fran\u00e7ois Hollande avait ray\u00e9 les IUFM, m\u00e9tamorphos\u00e9s en ESPE, remplac\u00e9s depuis par les INSPE. Avec les [&hellip;]<\/p>\n","protected":false},"author":6,"featured_media":3859,"comment_status":"open","ping_status":"open","sticky":false,"template":"","format":"standard","meta":{"footnotes":""},"categories":[1],"tags":[2415,2418,117,327,169,2412],"class_list":{"0":"post-3854","1":"post","2":"type-post","3":"status-publish","4":"format-standard","5":"has-post-thumbnail","7":"category-non-classe","8":"tag-classes-relais","9":"tag-cpes","10":"tag-cpge","11":"tag-julien-aubert","12":"tag-pedagogie","13":"tag-reforme-de-lena"},"_links":{"self":[{"href":"https:\/\/blog.causeur.fr\/bonnetdane\/wp-json\/wp\/v2\/posts\/3854","targetHints":{"allow":["GET"]}}],"collection":[{"href":"https:\/\/blog.causeur.fr\/bonnetdane\/wp-json\/wp\/v2\/posts"}],"about":[{"href":"https:\/\/blog.causeur.fr\/bonnetdane\/wp-json\/wp\/v2\/types\/post"}],"author":[{"embeddable":true,"href":"https:\/\/blog.causeur.fr\/bonnetdane\/wp-json\/wp\/v2\/users\/6"}],"replies":[{"embeddable":true,"href":"https:\/\/blog.causeur.fr\/bonnetdane\/wp-json\/wp\/v2\/comments?post=3854"}],"version-history":[{"count":0,"href":"https:\/\/blog.causeur.fr\/bonnetdane\/wp-json\/wp\/v2\/posts\/3854\/revisions"}],"wp:featuredmedia":[{"embeddable":true,"href":"https:\/\/blog.causeur.fr\/bonnetdane\/wp-json\/wp\/v2\/media\/3859"}],"wp:attachment":[{"href":"https:\/\/blog.causeur.fr\/bonnetdane\/wp-json\/wp\/v2\/media?parent=3854"}],"wp:term":[{"taxonomy":"category","embeddable":true,"href":"https:\/\/blog.causeur.fr\/bonnetdane\/wp-json\/wp\/v2\/categories?post=3854"},{"taxonomy":"post_tag","embeddable":true,"href":"https:\/\/blog.causeur.fr\/bonnetdane\/wp-json\/wp\/v2\/tags?post=3854"}],"curies":[{"name":"wp","href":"https:\/\/api.w.org\/{rel}","templated":true}]}}