{"id":40,"date":"2006-08-05T18:35:50","date_gmt":"2006-08-05T18:35:50","guid":{"rendered":"http:\/\/blog.causeur.fr\/bonnetdane\/?p=40"},"modified":"2021-04-22T18:54:00","modified_gmt":"2021-04-22T16:54:00","slug":"souvenir-que-me-veux-tu","status":"publish","type":"post","link":"https:\/\/blog.causeur.fr\/bonnetdane\/souvenir-que-me-veux-tu-40","title":{"rendered":"Souvenir que me veux-tu ?"},"content":{"rendered":"<p>Luc C\u00e9delle, honorable journaliste au Monde de l&rsquo;Education, organe officieux de la pens\u00e9e p\u00e9daogiste, m&rsquo;a demand\u00e9 quel \u00e9v\u00e9nement (scolaire, si possible) avait d\u00e9cid\u00e9 de ma vocation \u2014 enseigner et \u00e9crire.<br \/>Je n&rsquo;ai gu\u00e8re h\u00e9sit\u00e9.<\/p>\n<p>J\u2019\u00e9tais un mauvais bon \u00e9l\u00e8ve. Trop voyou pour le tableau d\u2019honneur. Inattentif. Bavard. Facilement insupportable.<br \/>J\u2019entrai en Quatri\u00e8me, et tombai sur Monsieur Jean. C\u2019\u00e9tait sa derni\u00e8re ann\u00e9e de classe : un vieillard terrifiant, les yeux clairs, d\u00e9lav\u00e9s par l\u2019\u00e2ge et la cruaut\u00e9 \u2014 \u00e0 ce qu\u2019il pr\u00e9tendait. Prof de \u00ab Fran\u00e7aisLatinGrec \u00bb \u2014 douze ou treize heures par semaine. Adepte des notes n\u00e9gatives, de la f\u00e9rule mentale et du par c\u0153ur.<br \/>Un sain climat de terreur s\u2019instaura dans la classe\u2026<br \/>Nous \u00e9tudiions le Cid \u2014 personne ne s\u2019\u00e9tait encore avis\u00e9 que Corneille p\u00fbt offenser les Maures de la classe. Nous le d\u00e9cortiquions, le r\u00e9citions, le jouions. J\u2019avais eu la chance, tout petit, de voir le Cid jou\u00e9 par le TNP en tourn\u00e9e : eh bien, Jean (c\u2019est son vrai nom) \u00e9tait Don Di\u00e8gue et Jean Vilar, Rodrigue et G\u00e9rard Philipe \u2014 et Chim\u00e8ne aussi bien. En latin, nous apprenions par c\u0153ur de larges passages d\u2019Ovide \u2014 appris, r\u00e9cit\u00e9s, et traduits. En grec, de terrifiantes le\u00e7ons sur le verbe \u00ab douloo \u00bb \u2014 qui signifie \u00ab souffrir \u00bb\u2026 Et des passages de Plutarque, extraits de la vie d&rsquo;Alcibiade.<br \/> Le lyc\u00e9e Saint-Charles de Marseille avait un recrutement mixte, moiti\u00e9 bourgeoisie de centre ville, moiti\u00e9 p\u00e9riph\u00e9rie et cit\u00e9s d\u2019urgence b\u00e2ties avant et apr\u00e8s l\u2019exode Pieds-Noirs. Ce vieillard habill\u00e9 de fa\u00e7on stricte, comme ils l\u2019\u00e9taient tous \u00e0 l\u2019\u00e9poque, d\u00e9ployait des tr\u00e9sors d\u2019imagination pour faire passer aux quarante chenapans que nous \u00e9tions les subtilit\u00e9s th\u00e9\u00e2trales de 1637 ou la versification des M\u00e9tamorphoses. En grec, l\u2019Anabase devenait un r\u00e9cit de r\u00e9sistance \u00e0 l\u2019ennemi : j\u2019ai d\u00e9couvert par la suite qu\u2019il avait emprunt\u00e9 l\u2019image au \u00ab\u00a0Dr\u00f4le de jeu\u00a0\u00bb de Roger Vailland, qui a lui-m\u00eame \u00e9crit un \u00ab\u00a0Monsieur Jean\u00a0\u00bb \u2014 les hasards objectifs ne s\u2019inventent pas, dirait Breton. Ovide ou Cic\u00e9ron \u2014 j\u2019ai encore en m\u00e9moire tout un passage du De signis \u2014 revivaient en toges sous la coupe stricte du complet gris. <br \/>Les notes invraisemblablement basses \u00e9taient devenues, tr\u00e8s vite, des gags. Je fus premier en version latine avec 0. Le dernier avait \u2013 80, ou quelque chose du m\u00eame tonneau. Et la note faramineuse d\u00e9dramatisait le classement. <br \/>J\u2019aimais d\u00e9j\u00e0 lire. J\u2019\u00e9crivais passablement. J\u2019ai compris, cette ann\u00e9e-l\u00e0, que j\u2019en ferais mon m\u00e9tier. Et que c\u2019\u00e9tait cela, le m\u00e9tier : apprendre \u00e0 lire et \u00e0 \u00e9crire aux voyous \u2014 et aux autres.<br \/>Sans doute \u00e9tait-il exceptionnel. Mais on n\u2019est pas prof si on ne tend pas, sans cesse, \u00e0 l\u2019exception.<\/p>\n<p>Jean-Paul Brighelli<\/p>\n<p>PS. Serait-ce trop demander aux non moins honorables visiteurs de ce blog ? T\u00e9moignez donc \u00e0 votre tour de ces exceptions qui seules nous ont rendu supportables les longues, longues heures \u00e0 crever d&rsquo;ennui au coll\u00e8ge, comme disait Vall\u00e8s\u2026 Dans ces heures d&rsquo;\u00e9t\u00e9 o\u00f9 para\u00eet-il l&rsquo;actualit\u00e9 s&rsquo;arr\u00eate, autant en profiter pour s&rsquo;offrir un petit coup de nostalgie \u2014 et peut-\u00eatre en d\u00e9duire un mod\u00e8le enseignant. tant il est vrai qu&rsquo;hier instruit demain, et que le souvenir est matrice.<\/p>\n","protected":false},"excerpt":{"rendered":"<p>Luc C\u00e9delle, honorable journaliste au Monde de l&rsquo;Education, organe officieux de la pens\u00e9e p\u00e9daogiste, m&rsquo;a demand\u00e9 quel \u00e9v\u00e9nement (scolaire, si possible) avait d\u00e9cid\u00e9 de ma vocation \u2014 enseigner et \u00e9crire.Je n&rsquo;ai gu\u00e8re h\u00e9sit\u00e9. J\u2019\u00e9tais un mauvais bon \u00e9l\u00e8ve. Trop voyou pour le tableau d\u2019honneur. Inattentif. Bavard. Facilement insupportable.J\u2019entrai en Quatri\u00e8me, et tombai sur Monsieur Jean. [&hellip;]<\/p>\n","protected":false},"author":6,"featured_media":0,"comment_status":"open","ping_status":"open","sticky":false,"template":"","format":"standard","meta":{"footnotes":""},"categories":[1],"tags":[],"class_list":{"0":"post-40","1":"post","2":"type-post","3":"status-publish","4":"format-standard","6":"category-non-classe"},"_links":{"self":[{"href":"https:\/\/blog.causeur.fr\/bonnetdane\/wp-json\/wp\/v2\/posts\/40","targetHints":{"allow":["GET"]}}],"collection":[{"href":"https:\/\/blog.causeur.fr\/bonnetdane\/wp-json\/wp\/v2\/posts"}],"about":[{"href":"https:\/\/blog.causeur.fr\/bonnetdane\/wp-json\/wp\/v2\/types\/post"}],"author":[{"embeddable":true,"href":"https:\/\/blog.causeur.fr\/bonnetdane\/wp-json\/wp\/v2\/users\/6"}],"replies":[{"embeddable":true,"href":"https:\/\/blog.causeur.fr\/bonnetdane\/wp-json\/wp\/v2\/comments?post=40"}],"version-history":[{"count":0,"href":"https:\/\/blog.causeur.fr\/bonnetdane\/wp-json\/wp\/v2\/posts\/40\/revisions"}],"wp:attachment":[{"href":"https:\/\/blog.causeur.fr\/bonnetdane\/wp-json\/wp\/v2\/media?parent=40"}],"wp:term":[{"taxonomy":"category","embeddable":true,"href":"https:\/\/blog.causeur.fr\/bonnetdane\/wp-json\/wp\/v2\/categories?post=40"},{"taxonomy":"post_tag","embeddable":true,"href":"https:\/\/blog.causeur.fr\/bonnetdane\/wp-json\/wp\/v2\/tags?post=40"}],"curies":[{"name":"wp","href":"https:\/\/api.w.org\/{rel}","templated":true}]}}