{"id":400,"date":"2013-06-19T16:13:55","date_gmt":"2013-06-19T16:13:55","guid":{"rendered":"http:\/\/blog.causeur.fr\/bonnetdane\/?p=400"},"modified":"2021-04-22T18:53:05","modified_gmt":"2021-04-22T16:53:05","slug":"noter-le-bac-avec-justice","status":"publish","type":"post","link":"https:\/\/blog.causeur.fr\/bonnetdane\/noter-le-bac-avec-justice-400","title":{"rendered":"Noter le Bac avec justice"},"content":{"rendered":"<p>Comment noter le Bac avec justice<\/p>\n<p>Genevi\u00e8ve Fioraso, qui se croit de plus en plus ministre de la Chose \u00e9ducative depuis que Vincent Peillon est aux abonn\u00e9s absents, s\u2019est longuement expliqu\u00e9e ce mercredi sur l\u2019info parue dans le Figaro (1) et (2).<br \/>\nRappel des faits : l\u2019Acad\u00e9mie d\u2019Orl\u00e9ans-Tours probablement peupl\u00e9e d\u2019\u00e9l\u00e8ves ignares, a eu l\u2019ann\u00e9e derni\u00e8re l\u2019un des taux de r\u00e9ussite au Bac parmi les plus bas de France. Et l\u2019administration, qui compte ses sous (voir ma Note pr\u00e9c\u00e9dente) d\u2019appeler les correcteurs, cette ann\u00e9e, \u00e0 faire preuve de plus de mansu\u00e9tude\u2026<br \/>\nInutile de noter sur 24 \u2014 ce qui s\u2019est fait par le pass\u00e9 dans certaines \u00e9preuves de Maths du Bac S). Il suffit d\u2019appuyer un peu plus que d\u2019habitude sur les \u00e9paules des enseignants.<br \/>\nQuels sont les arguments de Genevi\u00e8ve Fioraso, qui a en haine tout ce qui ressemble \u00e0 un bon \u00e9l\u00e8ve ou \u00e0 un prof ind\u00e9pendant ? Comme elle est pass\u00e9e par le priv\u00e9, la ministre ose des comparaisons : \u00ab Quand vous faites des \u00e9valuations dans les entreprises ou dans tout organisme, quand vous voyez qu\u2019il y a une diff\u00e9rence avec d\u2019autres notations, vous vous interrogez sur vos crit\u00e8res de notations, \u00e7a, \u00e7a me para\u00eet tout \u00e0 fait normal. \u00bb<br \/>\nEt le \u00ab z\u00e9ro d\u00e9faut \u00bb, ministre, tu en as entendu parler ?<br \/>\nEt d\u2019avancer qu\u2019une notation s\u00e9v\u00e8re (mais juste\u2026) \u00ab p\u00e9nalise \u00bb les lyc\u00e9ens, qui n\u2019ont pas l\u2019habitude d\u2019\u00eatre \u00e9valu\u00e9s sur leurs capacit\u00e9s r\u00e9elles. Il faut \u00ab regarder les qualit\u00e9s des lyc\u00e9ens \u00bb, et penser positivement. Au besoin en s\u2019alignant sur les acad\u00e9mies les plus performantes (comprenez : celles dont les taux de r\u00e9ussite correspondent aux d\u00e9sirs de la ministre des p\u00e9dagos). Sinon, ce serait une \u00ab injustice \u00bb.<\/p>\n<p>Je vais faire bref.<\/p>\n<p>Coll\u00e8gues, mes coll\u00e8gues, qui cherchez depuis des ann\u00e9es un moyen d\u2019exprimer votre col\u00e8re, vos frustrations, vos ressentiments, face \u00e0 une administration qui vous a jet\u00e9s en p\u00e2ture \u00e0 la FCPE, je vous en prie, ob\u00e9issez \u00e0 la ministre : notez justement.<br \/>\nNotez les copies et les \u00e9l\u00e8ves pour ce qu\u2019ils valent : \u00e0 copie nulle, mettez 1 (pas 0, il faut faire un rapport). Et des copies nulles, il y en a. Il y en a m\u00eame pas mal. Refusez d\u2019ob\u00e9ir aux injonctions d\u2019un ministre de passage qui ne peut rien contre vous \u2014 c\u2019est le moment ou jamais de vous souvenir que vous \u00eates fonctionnaires, et intouchables : notez le Bac, \u00e9preuve apr\u00e8s \u00e9preuve, avec un sentiment d\u2019\u00e9quit\u00e9 parfait : appr\u00e9ciez les bons \u00e9l\u00e8ves, et renvoyez les autres, tous les autres, \u00e0 la case Terminale. Ah, \u00ab ils \u00bb veulent 85% de r\u00e9ussite, au moins : mais bougres d\u2019enfoir\u00e9s, si les postulants-bacheliers sont not\u00e9s en fonction de ce qu\u2019ils valent, cela fera 85% de recal\u00e9s.<br \/>\nParce qu\u2019il y a des ann\u00e9es que les tripatouillages s\u2019acc\u00e9l\u00e8rent. D\u00e9j\u00e0 en 2000, la derni\u00e8re fois que j\u2019ai \u00e9t\u00e9 convoqu\u00e9 au Bac : mais les pressions \u00e9taient encore orales, ils n\u2019osaient pas l\u2019\u00e9crire \u2014 maintenant, ils en sont aux menaces, alors qu\u2019ils ne peuvent rien. Cette ann\u00e9e-l\u00e0, j\u2019ai not\u00e9 selon ma conscience (et c\u2019est tout ce que je vous supplie de faire), et je n\u2019ai plus jamais \u00e9t\u00e9 convoqu\u00e9 au Bac \u2014 tu parles d\u2019une frustration ! Plus jamais je ne me suis lev\u00e9 dans le petit matin bl\u00eame pour courir \u00e0 l\u2019autre bout du d\u00e9partement corriger des copies incoh\u00e9rentes et interroger des \u00e9l\u00e8ves tout farauds de ne rien savoir. \u00c0 bon entendeur\u2026<br \/>\nOui, CORRIGEZ ET NOTEZ EN VALEUR REELLE. N\u2019HESITEZ PAS. INUTILE DE SACQUER : LES COPIES PARLENT D\u2019ELLES-M\u00caMES.<br \/>\nEt si la France enti\u00e8re, mise \u00e0 genoux par une g\u00e9n\u00e9ration enti\u00e8re de grands sorciers de la p\u00e9dagogie, le laxisme des uns, le libertaro-lib\u00e9ralisme des autres, se retrouve demain sans bacheliers, alors peut-\u00eatre s\u2019interrogera-t-elle sur ce que ces salauds ont fait de l\u2019Ecole de la R\u00e9publique. Peut-\u00eatre s\u2019interrogera-t-elle sur ce que nous devons tous aux enseignants, qui se d\u00e9solent de ne pouvoir r\u00e9ellement infuser des connaissances solides et notent des TPE, et autres fariboles p\u00e9dagogiques, en soupirant et haussant les \u00e9paules. Notez selon votre conscience, la ministre ne peut pas vous atteindre \u2014 et dans trois mois, six mois, elle sera remplac\u00e9e et partira ailleurs mener le m\u00eame travail de destruction bien intentionn\u00e9e.<br \/>\nOui : mettez aux copies les notes qu\u2019elles m\u00e9ritent. Corrigez \u00e0 fond. Allez-y.<br \/>\nSi vous ob\u00e9issez ce coup-ci aux injonctions (mais qui est-elle, quels dipl\u00f4mes a-t-elle pour vous donner des ordres ? Pas m\u00eame le CAPES \u2014 comme d\u2019ailleurs la plupart des membres de son cabinet), il ne faudra plus jamais vous plaindre. Plus jamais.<br \/>\nOui : c\u2019est maintenant ou jamais. 2013, l\u2019ann\u00e9e de la Note juste. Notez-les pour ces belles ann\u00e9es perdues, pour la morgue de leurs parents, pour la stupidit\u00e9 des ministres, pour la folie des p\u00e9dagogues, pour les IUFM d\u00e9funts et les ESPE en formation. Notez-les \u00e0 leur juste valeur \u2014 juste en dessous du niveau de la mer.<\/p>\n<p>Jean-Paul Brighelli<\/p>\n<p>(1) http:\/\/etudiant.lefigaro.fr\/les-news\/actu\/detail\/article\/le-petit-tripatouillage-des-notes-du-baccalaureat-2196\/<br \/>\n(2) http:\/\/lelab.europe1.fr\/t\/bac-genevieve-fioraso-dement-une-notation-sur-24-mais-reconnait-des-consignes-de-bienveillance-9693<\/p>\n","protected":false},"excerpt":{"rendered":"<p>Comment noter le Bac avec justice Genevi\u00e8ve Fioraso, qui se croit de plus en plus ministre de la Chose \u00e9ducative depuis que Vincent Peillon est aux abonn\u00e9s absents, s\u2019est longuement expliqu\u00e9e ce mercredi sur l\u2019info parue dans le Figaro (1) et (2). Rappel des faits : l\u2019Acad\u00e9mie d\u2019Orl\u00e9ans-Tours probablement peupl\u00e9e d\u2019\u00e9l\u00e8ves ignares, a eu l\u2019ann\u00e9e [&hellip;]<\/p>\n","protected":false},"author":6,"featured_media":0,"comment_status":"open","ping_status":"open","sticky":false,"template":"","format":"standard","meta":{"footnotes":""},"categories":[1],"tags":[40,43,42,41,11],"class_list":{"0":"post-400","1":"post","2":"type-post","3":"status-publish","4":"format-standard","6":"category-non-classe","7":"tag-bac","8":"tag-figaro","9":"tag-fioraso","10":"tag-notation","11":"tag-peillon"},"_links":{"self":[{"href":"https:\/\/blog.causeur.fr\/bonnetdane\/wp-json\/wp\/v2\/posts\/400","targetHints":{"allow":["GET"]}}],"collection":[{"href":"https:\/\/blog.causeur.fr\/bonnetdane\/wp-json\/wp\/v2\/posts"}],"about":[{"href":"https:\/\/blog.causeur.fr\/bonnetdane\/wp-json\/wp\/v2\/types\/post"}],"author":[{"embeddable":true,"href":"https:\/\/blog.causeur.fr\/bonnetdane\/wp-json\/wp\/v2\/users\/6"}],"replies":[{"embeddable":true,"href":"https:\/\/blog.causeur.fr\/bonnetdane\/wp-json\/wp\/v2\/comments?post=400"}],"version-history":[{"count":0,"href":"https:\/\/blog.causeur.fr\/bonnetdane\/wp-json\/wp\/v2\/posts\/400\/revisions"}],"wp:attachment":[{"href":"https:\/\/blog.causeur.fr\/bonnetdane\/wp-json\/wp\/v2\/media?parent=400"}],"wp:term":[{"taxonomy":"category","embeddable":true,"href":"https:\/\/blog.causeur.fr\/bonnetdane\/wp-json\/wp\/v2\/categories?post=400"},{"taxonomy":"post_tag","embeddable":true,"href":"https:\/\/blog.causeur.fr\/bonnetdane\/wp-json\/wp\/v2\/tags?post=400"}],"curies":[{"name":"wp","href":"https:\/\/api.w.org\/{rel}","templated":true}]}}