{"id":4079,"date":"2021-05-01T12:15:04","date_gmt":"2021-05-01T10:15:04","guid":{"rendered":"https:\/\/blog.causeur.fr\/bonnetdane\/?p=4079"},"modified":"2021-05-01T12:18:16","modified_gmt":"2021-05-01T10:18:16","slug":"napoleon-edmond-rostand-et-la-france","status":"publish","type":"post","link":"https:\/\/blog.causeur.fr\/bonnetdane\/napoleon-edmond-rostand-et-la-france-4079","title":{"rendered":"Napol\u00e9on, Edmond Rostand et la France"},"content":{"rendered":"\n<figure class=\"wp-block-image size-large\"><img loading=\"lazy\" decoding=\"async\" width=\"643\" height=\"1024\" src=\"https:\/\/blog.causeur.fr\/bonnetdane\/wp-content\/uploads\/sites\/25\/2021\/05\/cartes-postales-anciennes-collection-illustrees-2-643x1024.jpg\" alt=\"\" class=\"wp-image-4092\" srcset=\"https:\/\/blog.causeur.fr\/bonnetdane\/wp-content\/uploads\/sites\/25\/2021\/05\/cartes-postales-anciennes-collection-illustrees-2-643x1024.jpg 643w, https:\/\/blog.causeur.fr\/bonnetdane\/wp-content\/uploads\/sites\/25\/2021\/05\/cartes-postales-anciennes-collection-illustrees-2-188x300.jpg 188w, https:\/\/blog.causeur.fr\/bonnetdane\/wp-content\/uploads\/sites\/25\/2021\/05\/cartes-postales-anciennes-collection-illustrees-2-264x420.jpg 264w, https:\/\/blog.causeur.fr\/bonnetdane\/wp-content\/uploads\/sites\/25\/2021\/05\/cartes-postales-anciennes-collection-illustrees-2.jpg 681w\" sizes=\"auto, (max-width: 643px) 100vw, 643px\" \/><\/figure>\n\n\n\n<p>Il y aura 200 ans, le 5 mai prochain, Napol\u00e9on mourait \u00e0 Sainte-H\u00e9l\u00e8ne. <br><br>Passons sur les indig\u00e9nistes qui ne veulent pas c\u00e9l\u00e9brer l\u2019un des derniers grands hommes d\u2019une histoire \u2014 la n\u00f4tre \u2014 qui jusque-l\u00e0 n\u2019en manquait pas : ce sont les m\u00eames qui aux USA veulent d\u00e9baptiser les \u00e9coles  George-Washington ou Abraham-Lincoln, sous pr\u00e9texte que l\u2019un et l\u2019autre eurent des esclaves. Quitte \u00e0 oublier que sans le premier, il n\u2019y aurait pas eu d\u2019Etats-Unis, et que sans l\u2019autre, ils en seraient encore \u00e0 ramasser le coton en balbutiant des \u00ab Oui, m\u2019dam\u2019 Sca\u2019lett \u00bb m\u00e9morables. Soyons pr\u00e9cis : Napol\u00e9on a r\u00e9tabli l\u2019esclavage pour tenter de damer le pion face \u00e0 la perfide Albion, qui n\u2019en faisait pas moins, et n\u2019a interdit la traite que pour brimer la France dans ses \u00ab \u00eeles \u00e0 \u00e9pices \u00bb. Les vrais enjeux \u00e9taient l\u00e0, \u00e0 l\u2019\u00e9poque \u2014 pas dans d\u2019hypoth\u00e9tiques \u00ab droits de l\u2019homme \u00bb\u2026<br>\u00c0 noter qu\u2019aujourd\u2019hui, ces m\u00eames Droits de l\u2019homme sont pris en otages de nos relations avec la Chine \u2014 alors m\u00eame que tout le monde se fiche des Ou\u00efghours, fanatiques parmi d\u2019autres.<br><br>Bien s\u00fbr, en tant que Corse, j\u2019ai des sentiments m\u00eal\u00e9s pour l\u2019Empereur. Il a d\u00e9l\u00e9gu\u00e9 dans l\u2019\u00eele l\u2019inf\u00e2me g\u00e9n\u00e9ral Morand, charg\u00e9 de mater les paolistes, et responsable peut-\u00eatre de la torture et de l\u2019assassinat de quelques-uns de mes anc\u00eatres. <br>D\u00e9g\u00e2ts collat\u00e9raux de la construction de l\u2019Empire\u2026 Faut-il que je demande une compensation ? Un remboursement ? Des g\u00e9nuflexions ? L\u2019ancien autonomiste que je fus sait bien que lorsqu\u2019il fustigeait \u00ab l\u2019Etat colonial \u00bb, c\u2019\u00e9tait fa\u00e7on de parler. Et que le facteur \u00e9conomique est d\u00e9terminant en derni\u00e8re instance. Tant pis si nombre de mes amis sont morts d\u2019exc\u00e8s de rh\u00e9torique \u2014 et de balles de M16 ou de Glock 26.<br><br>Pour bien \u00e9valuer l\u2019ombre port\u00e9e de Bonaparte, je passerai par <em>l\u2019Aiglon<\/em>, la pi\u00e8ce avec laquelle Edmond Rostand assit d\u00e9finitivement sa renomm\u00e9e, en 1900 \u2014 avec Sarah Bernhardt dans le r\u00f4le-titre. <br>Et pour parler de l\u2019Aiglon, j\u2019\u00e9voquerai d\u2019abord <em>Cyrano<\/em>. Si, tout se tient.<br><br>Rostand \u00e9tait alors ce que \u2018on appelle dans le jargon du th\u00e9\u00e2tre un \u00ab auteur tomb\u00e9 \u00bb. Aucune de ses pi\u00e8ces pr\u00e9c\u00e9dentes \u2014 malgr\u00e9 Sarah B*** \u2014 n\u2019avait march\u00e9. Et vous n\u2019en connaissez d\u2019ailleurs aucune. Il \u00e9tait au bord du rouleau et du gouffre, moral et financier. Ce ne sont pas les po\u00e8mes rose bonbon de Rosemonde G\u00e9rard, sa digne \u00e9pouse, qui allaient faire bouillir la marmite. Il a donc os\u00e9 un pari tr\u00e8s risqu\u00e9 : \u00e9crire une pi\u00e8ce contre toutes les esth\u00e9tiques de son temps, r\u00e9alisme, naturalisme ou symbolisme, en pariant que le Romantisme n\u2019\u00e9tait pas mort en France.<br><br>Pourtant, Louis-Philippe, le \u00ab roi-bourgeois \u00bb, et surtout Napol\u00e9on III, idole de tous les Monsieur Homais de l\u2019Hexagone, avaient fait de leur mieux pour briser la fibre romantique h\u00e9rit\u00e9e de l\u2019Empire : se rappeler le d\u00e9but de la Confession d\u2019un enfant du si\u00e8cle, o\u00f9 Musset \u00e9voque cette \u00ab g\u00e9n\u00e9ration ardente, p\u00e2le et nerveuse \u00bb : \u00ab De temps en temps, dit-il, leurs p\u00e8res ensanglant\u00e9s apparaissaient, les soulevaient sur leurs poitrines chamarr\u00e9s d\u2019or, puis les posaient \u00e0 terre et remontaient \u00e0 cheval. \u00bb Sauf quand, so\u00fbls perdus, ils tombaient dudit cheval et se brisait le cr\u00e2ne, comme le papa de George Sand.<br>Apr\u00e8s 1815, quand l\u2019ordre metternichien du Congr\u00e8s de Vienne restructure l\u2019Europe, il n\u2019est plus permis de r\u00eaver que par \u00e9crit \u2014 et encore ! Napol\u00e9on III a senti dans la seconde moiti\u00e9 de son r\u00e8gne qu\u2019il lui manquait la cons\u00e9cration militaire ; il est all\u00e9 la chercher en Italie, en Crim\u00e9e et au Mexique \u2014 mauvaise pioche. Puis \u00e0 Sedan \u2014 id\u00e9e fatale.<br>Hugo avait bien compris \u00e0 quel point Napol\u00e9on Ier manquait aux Fran\u00e7ais. C\u2019est sur cette id\u00e9e qu\u2019il a \u00e9crit Napol\u00e9on-le-Petit, et \u00ab l\u2019Expiation \u00bb, dans les Ch\u00e2timents.<br><br>La France d\u2019Edmond Rostand, assomm\u00e9e par la perte de l\u2019Alsace-Lorraine, esp\u00e8re un sauveur. Rostand, avec Cyrano, lui procure un panache que les brasseurs d\u2019affaires de Suez et de Panama \u00e9taient bien en peine de lui fournir. <br><em>Cyrano<\/em> \u00e9tait une m\u00e9taphore totale, survolant trois si\u00e8cles. <em>L\u2019Aiglon<\/em> l\u2019explicite : quand au dernier vers Metternich ordonne \u00ab Et vous lui remettrez son uniforme blanc \u00bb, rhabillant le prince d\u00e9funt en archiduc d\u2019Autriche, pour effacer l\u2019Empire et la R\u00e9publique, parce qu\u2019il sent que la R\u00e9publique et l\u2019Empire vont contaminer l\u2019Europe enti\u00e8re (et de fait, en 1848\u2026), le public entier \u00e9tait en larmes. Comme \u00e0 la fin de <em>Cyrano<\/em>, o\u00f9 il attendit cinq minutes avant d\u2019applaudir, parce qu\u2019il refusait qu\u2019une telle pi\u00e8ce f\u00fbt finie\u2026<br>C\u2019est ce qu\u2019a senti Rostand. Il a \u00e9crit les pi\u00e8ces de la revanche. Evoquer l\u2019Empire, c\u2019est appeler \u00e0 une nouvelle guerre (et de fait, en 1914\u2026). Napol\u00e9on \u00e9tait le nom de la grandeur de la France. Il l\u2019est encore. \u00ab Lui encore ! Lui toujours ! \u00bb disait Hugo.<br><br>Ceux qui c\u00e9l\u00e8brent aujourd\u2019hui Napol\u00e9on refusent que la France s\u2019ach\u00e8ve \u2014 malgr\u00e9 les collaborateurs de Metternich-Merkel, malgr\u00e9 les petits marquis de la vague Woke, et malgr\u00e9 Napol\u00e9on IV-le-Minuscule. Ils refusent de rendre les armes. <br>Tant qu\u2019\u00e0 faire, ils refusent que la R\u00e9publique soit enterr\u00e9e sous la pseudo-d\u00e9mocratie, le destin collectif ramen\u00e9 \u00e0 une histoire de masques par des m\u00e9decins qui se croient des proph\u00e8tes, et la jeunesse somm\u00e9e de choisir entre le canap\u00e9, la barrette de shit et un emploi instable chez Uber ou Deliveroo. Il nous faut De Gaulle. Il nous faut Napol\u00e9on.<br><br>Je sais bien qu\u2019on ne trouvera pas tout de suite un second Bonaparte. Seules des situations d\u00e9sesp\u00e9r\u00e9es, des guerres \u00e9trang\u00e8res ou civiles, engendrent ce type d\u2019hommes. Mais nous pourrions d\u00e9j\u00e0 nous souvenir que Napol\u00e9on, obscur lieutenant, est sorti de la \u00ab lev\u00e9e en masse \u00bb d\u00e9cr\u00e9t\u00e9e par la Convention, quand il a fallu sauver le pays des envahisseurs qui se pressaient \u00e0 nos portes et des conspirateurs qui minaient la R\u00e9volution de l\u2019int\u00e9rieur. C\u2019est de cette lev\u00e9e g\u00e9n\u00e9rale que nous avons besoin \u2014 et cela d\u00e9passe, et de beaucoup, les int\u00e9r\u00eats \u00e9lectoraux de tel ou tel parti.<br><br>Il est significatif que l\u2019ex\u00e9cutif ait h\u00e9sit\u00e9 \u00e0 comm\u00e9morer Napol\u00e9on. Non pour ce qu\u2019il fut, mais pour ce qu\u2019il risque de repr\u00e9senter aujourd\u2019hui : un homme qui a unifi\u00e9 l\u2019Europe sous sa houlette, et qui, au passage, a neutralis\u00e9 l\u2019\u00e9norme dette de l\u2019Ancien R\u00e9gime. Si vous voyez ce que je veux dire.<br><br>Jean-Paul Brighelli<br><\/p>\n\n\n\n<p><\/p>\n","protected":false},"excerpt":{"rendered":"<p>Il y aura 200 ans, le 5 mai prochain, Napol\u00e9on mourait \u00e0 Sainte-H\u00e9l\u00e8ne. Passons sur les indig\u00e9nistes qui ne veulent pas c\u00e9l\u00e9brer l\u2019un des derniers grands hommes d\u2019une histoire \u2014 la n\u00f4tre \u2014 qui jusque-l\u00e0 n\u2019en manquait pas : ce sont les m\u00eames qui aux USA veulent d\u00e9baptiser les \u00e9coles George-Washington ou Abraham-Lincoln, sous pr\u00e9texte [&hellip;]<\/p>\n","protected":false},"author":6,"featured_media":0,"comment_status":"open","ping_status":"open","sticky":false,"template":"","format":"standard","meta":{"footnotes":""},"categories":[1],"tags":[1648,2477,2479,2476,173],"class_list":{"0":"post-4079","1":"post","2":"type-post","3":"status-publish","4":"format-standard","6":"category-non-classe","7":"tag-cyrano-de-bergerac","8":"tag-edmond-rostand","9":"tag-laiglon","10":"tag-napoleon","11":"tag-revolution"},"_links":{"self":[{"href":"https:\/\/blog.causeur.fr\/bonnetdane\/wp-json\/wp\/v2\/posts\/4079","targetHints":{"allow":["GET"]}}],"collection":[{"href":"https:\/\/blog.causeur.fr\/bonnetdane\/wp-json\/wp\/v2\/posts"}],"about":[{"href":"https:\/\/blog.causeur.fr\/bonnetdane\/wp-json\/wp\/v2\/types\/post"}],"author":[{"embeddable":true,"href":"https:\/\/blog.causeur.fr\/bonnetdane\/wp-json\/wp\/v2\/users\/6"}],"replies":[{"embeddable":true,"href":"https:\/\/blog.causeur.fr\/bonnetdane\/wp-json\/wp\/v2\/comments?post=4079"}],"version-history":[{"count":0,"href":"https:\/\/blog.causeur.fr\/bonnetdane\/wp-json\/wp\/v2\/posts\/4079\/revisions"}],"wp:attachment":[{"href":"https:\/\/blog.causeur.fr\/bonnetdane\/wp-json\/wp\/v2\/media?parent=4079"}],"wp:term":[{"taxonomy":"category","embeddable":true,"href":"https:\/\/blog.causeur.fr\/bonnetdane\/wp-json\/wp\/v2\/categories?post=4079"},{"taxonomy":"post_tag","embeddable":true,"href":"https:\/\/blog.causeur.fr\/bonnetdane\/wp-json\/wp\/v2\/tags?post=4079"}],"curies":[{"name":"wp","href":"https:\/\/api.w.org\/{rel}","templated":true}]}}