{"id":429,"date":"2014-01-05T05:45:07","date_gmt":"2014-01-05T05:45:07","guid":{"rendered":"http:\/\/blog.causeur.fr\/bonnetdane\/?p=429"},"modified":"2021-04-22T18:53:05","modified_gmt":"2021-04-22T16:53:05","slug":"le-droit-a-la-paresse","status":"publish","type":"post","link":"https:\/\/blog.causeur.fr\/bonnetdane\/le-droit-a-la-paresse-429","title":{"rendered":"Le Droit \u00e0 la paresse"},"content":{"rendered":"<p>\u00ab M. Thiers, dans le sein de la Commission sur l&rsquo;instruction primaire de 1849, disait : \u00ab Je veux rendre toute puissante l&rsquo;influence du clerg\u00e9, parce que je compte sur lui pour propager cette bonne philosophie qui apprend \u00e0 l&rsquo;hom\u00acme qu&rsquo;il est ici-bas pour souffrir et non cette autre philosophie qui dit au contraire \u00e0 l&rsquo;homme : \u00ab Jouis \u00bb. M. Thiers formulait la morale de la classe bourgeoise dont il incarna l&rsquo;\u00e9go\u00efsme f\u00e9roce et l&rsquo;intelligence \u00e9troite. \u00bb<br \/>\nIl est loin, le temps o\u00f9 Lafargue \u00e9crivait <em>le Droit \u00e0 la paresse<\/em> (1883). Loin l\u2019\u00e9poque o\u00f9 \u00ab Jouissez sans entraves \u00bb \u00e9tait un slogan recevable (1968). Nous ne sommes plus l\u00e0 pour rigoler. D\u2019ailleurs, \u00ab jouir \u00bb est un gros mot \u2014 sauf pour les patrons, auxquels Fran\u00e7ois Hollande vient de souhaiter une bonne ann\u00e9e.<br \/>\nPas \u00e0 nous. Rarement entendu une c\u00e9r\u00e9monie des v\u0153ux aussi cynique sous ses airs papelards. \u00ab Pas convaincus \u00bb, les Fran\u00e7ais, para\u00eet-il (http:\/\/www.leparisien.fr\/politique\/videos-voeux-de-francois-hollande-les-francais-pas-convaincus-04-01-2014-3462215.php). Ils sont bien difficiles.<br \/>\nLe capitalisme a ceci en commun avec l\u2019islamisme qu\u2019il progresse volontiers \u00e0 petits pas feutr\u00e9s, en faisant croire que ses objectifs (grignoter tout ce qui pouvait entraver sa marche triomphale vers le Toujours plus) sont les n\u00f4tres (avoir la libert\u00e9 de se faire empapaouter).<br \/>\nNous travaillerons donc le dimanche, \u00e0 Bricorama d\u2019abord et ailleurs ensuite. <a href=\"http:\/\/blog.causeur.fr\/bonnetdane\/files\/2013\/12\/image001.jpg\"><img loading=\"lazy\" decoding=\"async\" class=\"alignnone size-medium wp-image-432\" src=\"http:\/\/blog.causeur.fr\/bonnetdane\/files\/2013\/12\/image001-300x250.jpg\" alt=\"\" width=\"300\" height=\"250\" srcset=\"https:\/\/blog.causeur.fr\/bonnetdane\/wp-content\/uploads\/sites\/25\/2013\/12\/image001-300x250.jpg 300w, https:\/\/blog.causeur.fr\/bonnetdane\/wp-content\/uploads\/sites\/25\/2013\/12\/image001.jpg 603w\" sizes=\"auto, (max-width: 300px) 100vw, 300px\" \/><\/a>En attendant de travailler la nuit, et aussi pendant les vacances, que nous ne prendrons plus. Un peu mieux pay\u00e9s, promettent les sir\u00e8nes : mais quand ce sera devenu une habitude, les salaires du dimanche rejoindront les autres, qui d\u2019ailleurs baisseront. La loi de l\u2019offre et le droit de mourir de faim. Le jour des saigneurs.<a href=\"http:\/\/blog.causeur.fr\/bonnetdane\/files\/2013\/12\/image002.jpg\"><img loading=\"lazy\" decoding=\"async\" class=\"alignnone size-medium wp-image-433\" src=\"http:\/\/blog.causeur.fr\/bonnetdane\/files\/2013\/12\/image002-268x300.jpg\" alt=\"\" width=\"268\" height=\"300\" srcset=\"https:\/\/blog.causeur.fr\/bonnetdane\/wp-content\/uploads\/sites\/25\/2013\/12\/image002-268x300.jpg 268w, https:\/\/blog.causeur.fr\/bonnetdane\/wp-content\/uploads\/sites\/25\/2013\/12\/image002.jpg 403w\" sizes=\"auto, (max-width: 268px) 100vw, 268px\" \/><\/a><br \/>\nSept sur sept. Oh, dans le respect des 35 heures, mais dans la pratique des heures sup jamais pay\u00e9es enti\u00e8rement. Huit heures de boulot, trois heures de transport. Vous embrasserez vos gosses l\u2019ann\u00e9e prochaine, vous aurez tout le temps de vous reposer quand vous serez mort. On en arrive \u00e0 prendre pour un acquis social le droit d\u2019aller attraper le cancer \u00e0 la pause. Ou pour une promenade dominicale la possibilit\u00e9 d\u2019aller se perdre dans une aire commerciale. Plan-de-campagne forever ! S\u00fbr que \u00e7a va plaire aux m\u00f4mes ! S\u00fbr que le lendemain, ils travailleront en classe \u2014 la vraie motivation, ce n\u2019est pas en travaillant qu\u2019on la trouve, c\u2019est justement en ne travaillant pas. \u00c0 l\u2019\u00e2ge o\u00f9 ils devraient r\u00eaver de \u00ab fuir ! l\u00e0-bas, fuir ! \u00bb, on leur propose une vir\u00e9e chez Barn\u00e9oud, avec restauration chez McMerde. Et l\u2019on s\u2019\u00e9tonne qu\u2019ils pr\u00e9f\u00e8rent dealer du shit ?<br \/>\nJe n\u2019aurais jamais cru en arriver \u00e0 d\u00e9fendre le jour du Seigneur. La justification des Trois-huit se fonda d\u2019abord sur la n\u00e9cessit\u00e9 de ne pas \u00e9teindre les hauts-fourneaux, puis de ne pas briser les cha\u00eenes \u2014 puis de ne pas interrompre le flux de fric, qui, d\u2019ailleurs, coule toujours dans les m\u00eames poches. Jamais les milliardaires n\u2019ont \u00e9t\u00e9 si milliardaires, jamais ils ne se sont tant plaints des \u00ab charges patronales \u00bb \u2014 excusez-moi, je sors pour pleurer sur leur sort.<br \/>\nAfin de maintenir la pression, on n\u2019embauche plus en CDI. On n\u2019embauche plus \u00e0 temps plein. Un SMIC, c\u2019est trop \u2014 deux-tiers de SMIC, c\u2019est plus raisonnable. En plus, embaucher quelqu\u2019un pour quelques heures par semaine camoufle la r\u00e9alit\u00e9 du ch\u00f4mage, mais dissimule mal la r\u00e9alit\u00e9 \u2014 le nombre effarant de vrais pauvres (toutes les statistiques sur http:\/\/www.inegalites.fr\/spip.php?article343).<br \/>\nChance : le centre commercial a \u00e9t\u00e9 construit dans une lointaine banlieue o\u00f9 s\u00e9vissaient jusqu\u2019\u00e0 hier des champs de betteraves. Juste l\u00e0 o\u00f9 ils habitent, les travailleurs pauvres (pl\u00e9onasme, depuis quelque temps) qui sont accessoirement les consommateurs privil\u00e9gi\u00e9s desdits centres \u2014 c\u2019est pour mieux exploiter ceux qui n\u2019ont pas grand-chose que l\u2019on restera ouvert le dimanche en faisant travailler ceux qui n\u2019ont presque rien.<br \/>\nAllez, je parierais que parmi eux, il y en a pas mal qui ont vot\u00e9 \u00e0 gauche\u2026 Mais pas mal aussi qui votent \u00e0 l\u2019extr\u00eame-droite. Ce n\u2019est pas prioritairement la peur du Noir ou le d\u00e9go\u00fbt du Beur qui draine les foules chez la Marine. C\u2019est la mis\u00e8re, y compris la mis\u00e8re endimanch\u00e9e qui va tra\u00eener le week-end chez Bricorama and co. En se posant des questions existentielles sur le choix du lino imitation parquet flottant. N\u2019oublie pas le cutter de tapissier, Josette. Que j\u2019aie quelque chose pour me couper la gorge. Chic, ils sont sold\u00e9s ! Suicidez-vous le dimanche, il y a des promos.<a href=\"http:\/\/blog.causeur.fr\/bonnetdane\/files\/2014\/01\/image001-1.jpg\"><img loading=\"lazy\" decoding=\"async\" class=\"alignnone size-medium wp-image-436\" src=\"http:\/\/blog.causeur.fr\/bonnetdane\/files\/2014\/01\/image001-1-300x206.jpg\" alt=\"\" width=\"300\" height=\"206\" srcset=\"https:\/\/blog.causeur.fr\/bonnetdane\/wp-content\/uploads\/sites\/25\/2014\/01\/image001-1-300x206.jpg 300w, https:\/\/blog.causeur.fr\/bonnetdane\/wp-content\/uploads\/sites\/25\/2014\/01\/image001-1.jpg 733w\" sizes=\"auto, (max-width: 300px) 100vw, 300px\" \/><\/a><br \/>\nEvidemment, le tir de barrage m\u00e9diatique a \u00e9t\u00e9 impressionnant. Pauvres centres commerciaux, qui r\u00e9alisent en un jour 50% de leur chiffre d\u2019affaires hebdomadaire ! Pauvres patrons (oxymore, cette fois\u2026) !<br \/>\nQuand vous rentrerez de votre promenade chez Mr Bricolage, il y aura du foot \u00e0 la t\u00e9l\u00e9. Byzance !<br \/>\nJe ne crois pas \u00eatre le seul \u00e0 penser que TF1 (99% des 100 meilleures audiences sur l\u2019ann\u00e9e 2013, mais France 2 fait de son mieux pour descendre aussi bas \u2014 d\u00e9j\u00e0 son Journal est devenu invisible) sera bient\u00f4t insuffisant \u00e0 contenir la naus\u00e9e qui monte. Les \u00e9lections municipales seront une racl\u00e9e pour les partis de gouvernement, les europ\u00e9ennes un bain de sang. \u00c7a va voter FN sans complexe \u2014 comme si le FN avait un autre programme que le lib\u00e9ralisme fou (pl\u00e9onasme !). Enfin, pas si fou que \u00e7a : l\u2019argent que nous n\u2019avons pas coule \u00e0 flots dans leurs poches \u2014 je m\u2019inqui\u00e9tais pour eux.<br \/>\n\u00c0 moins que \u00e7a ne se passe dans la rue : \u00e0 la violence patronale ou gouvernementale r\u00e9pond toujours, \u00e0 un moment ou un autre, la violence populaire. Aveugle.<\/p>\n<p>Jean-Paul Brighelli<\/p>\n<p>Merci \u00e0 Jean Montero pour toutes les belles images !<\/p>\n<p>&nbsp;<\/p>\n<p>&nbsp;<\/p>\n<p>&nbsp;<\/p>\n","protected":false},"excerpt":{"rendered":"<p>\u00ab M. Thiers, dans le sein de la Commission sur l&rsquo;instruction primaire de 1849, disait : \u00ab Je veux rendre toute puissante l&rsquo;influence du clerg\u00e9, parce que je compte sur lui pour propager cette bonne philosophie qui apprend \u00e0 l&rsquo;hom\u00acme qu&rsquo;il est ici-bas pour souffrir et non cette autre philosophie qui dit au contraire \u00e0 [&hellip;]<\/p>\n","protected":false},"author":6,"featured_media":0,"comment_status":"open","ping_status":"open","sticky":false,"template":"","format":"standard","meta":{"footnotes":""},"categories":[1],"tags":[141,144,125,145,143,140,139,142,138],"class_list":{"0":"post-429","1":"post","2":"type-post","3":"status-publish","4":"format-standard","6":"category-non-classe","7":"tag-bricorama","8":"tag-droit-a-la-paresse","9":"tag-fn","10":"tag-francois-hollande","11":"tag-lafargue","12":"tag-liberalisme","13":"tag-repos-dominical","14":"tag-smic","15":"tag-travail-du-dimanche"},"_links":{"self":[{"href":"https:\/\/blog.causeur.fr\/bonnetdane\/wp-json\/wp\/v2\/posts\/429","targetHints":{"allow":["GET"]}}],"collection":[{"href":"https:\/\/blog.causeur.fr\/bonnetdane\/wp-json\/wp\/v2\/posts"}],"about":[{"href":"https:\/\/blog.causeur.fr\/bonnetdane\/wp-json\/wp\/v2\/types\/post"}],"author":[{"embeddable":true,"href":"https:\/\/blog.causeur.fr\/bonnetdane\/wp-json\/wp\/v2\/users\/6"}],"replies":[{"embeddable":true,"href":"https:\/\/blog.causeur.fr\/bonnetdane\/wp-json\/wp\/v2\/comments?post=429"}],"version-history":[{"count":0,"href":"https:\/\/blog.causeur.fr\/bonnetdane\/wp-json\/wp\/v2\/posts\/429\/revisions"}],"wp:attachment":[{"href":"https:\/\/blog.causeur.fr\/bonnetdane\/wp-json\/wp\/v2\/media?parent=429"}],"wp:term":[{"taxonomy":"category","embeddable":true,"href":"https:\/\/blog.causeur.fr\/bonnetdane\/wp-json\/wp\/v2\/categories?post=429"},{"taxonomy":"post_tag","embeddable":true,"href":"https:\/\/blog.causeur.fr\/bonnetdane\/wp-json\/wp\/v2\/tags?post=429"}],"curies":[{"name":"wp","href":"https:\/\/api.w.org\/{rel}","templated":true}]}}