{"id":437,"date":"2014-01-27T06:49:19","date_gmt":"2014-01-27T06:49:19","guid":{"rendered":"http:\/\/blog.causeur.fr\/bonnetdane\/?p=437"},"modified":"2021-04-22T18:53:05","modified_gmt":"2021-04-22T16:53:05","slug":"la-delicatesse","status":"publish","type":"post","link":"https:\/\/blog.causeur.fr\/bonnetdane\/la-delicatesse-437","title":{"rendered":"Casse-toi, pauv&rsquo; conne !"},"content":{"rendered":"<p>\u00ab Je fais savoir que j&rsquo;ai mis fin \u00e0 la vie commune que je partageais avec Val\u00e9rie Trierweiler \u00bb : s\u00e9rieusement, Fran\u00e7ois Hollande a besoin \u00ab d\u2019un agr\u00e9g\u00e9 qui sache \u00e9crire \u00bb, comme disait De Gaulle en recrutant Pompidou. Trois fois Je (trois fois rien ?) en une courte phrase, avec une gracieuse redondance des \u00ab que \u00bb (un psychanalyste lacanien en rirait dans sa barbe), le tout pour annoncer unilat\u00e9ralement qu\u2019il rompt avec Madame\u2026 Tout cela t\u00e9moigne d\u2019une insuffisance rh\u00e9torique p\u00e9nible \u00e0 voir, et d&rsquo;une suffisance psychologique encore plus angoissante. \u00ab In\u00e9puisable Moi \u00bb, disaient Narcisse et le Po\u00e8te ; \u00ab envahissant Moi \u00bb, proclame Hollande.<br \/>\nIl avait d\u00e9j\u00e0 fait le coup pendant la campagne. On se souvient de la litanie des \u00ab Moi, Pr\u00e9sident \u00bb \u2014 cet insoutenable emprunt \u00e0 la rh\u00e9torique anaphorique de Guaino, qui a fait croire \u00e0 quelques millions de gogos et de bobos que Hollande \u00e9tait autre chose qu\u2019un ultra-lib\u00e9ral (son discours de fin d\u2019ann\u00e9e 2013 n\u2019amor\u00e7ait aucun virage : il a juste choisi de poser son masque de social-d\u00e9mocrate et de reprendre la d\u00e9pouille de Tony Blair). Eh bien, rajoutons notre contribution \u00e0 la liste : \u00ab Moi, Pr\u00e9sident, je r\u00e9pudierai ma concubine \u00e0 mon gr\u00e9, et je pisse \u00e0 la raie de toutes les f\u00e9ministes qui pensent qu\u2019une femme doit \u00eatre trait\u00e9e d\u00e9cemment \u00bb. M\u00eame Louis XIV n\u2019op\u00e9rait pas avec une telle brutalit\u00e9 : il laissa Mme de Montespan vivre \u00e0 la Cour apr\u00e8s avoir rompu avec elle. Notre pr\u00e9sident, qui a pourtant d\u00fb conna\u00eetre Gis\u00e8le Halimi, ne plaide gu\u00e8re pour la \u00ab\u00a0cause des femmes\u00a0\u00bb, comme on disait alors.<br \/>\nJe n\u2019avais pas de sympathie ni d\u2019antipathie particuli\u00e8re pour Val\u00e9rie Trierweiler. Ma foi, son licenciement sec, comme on dit dans le monde des lib\u00e9raux, m\u2019inciterait presque \u00e0 la piti\u00e9 \u2014 et \u00e7a ne m\u2019\u00e9tonnerait gu\u00e8re qu\u2019elle en tire un de ces prochains jours un livre bien saignant, o\u00f9 elle expliquera les dessous chics et chocs de la politique hollandienne. Je ne crois pas qu\u2019elle soit en manque d\u2019\u00e9diteurs pour cela \u2014 tout en sachant que le <em>Monde<\/em> et le <em>Nouvel Obs<\/em>, les deux <em>Pravda<\/em> du r\u00e9gime, en diront du mal. Mais on peut vivre sans le <em>Monde<\/em> et le <em>Nouvel Obs<\/em>.<br \/>\nAu passage, cette appellation de \u00ab Premi\u00e8re dame \u00bb m\u2019horripile. Outre le fait qu\u2019elle t\u00e9moigne de notre inf\u00e9odation aux Etats-Unis, o\u00f9 la fonction est officielle, elle est s\u00e9mantiquement connot\u00e9e : seul un homme peut acc\u00e9der au pouvoir, parce qu\u2019on n\u2019a rien pr\u00e9vu en sens inverse. Comment appellerait-on demain le compagnon d\u2019une Pr\u00e9sidente ? Le Premier Homme ? Le titre est d\u00e9j\u00e0 pris \u2014 par Camus. Ou faut-il croire que \u00ab Premi\u00e8re dame \u00bb sera d\u00e9sormais une expression fig\u00e9e, comme \u00ab sage-femme \u00bb, qui s\u2019applique aussi aux accoucheurs m\u00e2les ?<br \/>\nDernier point : certains jeunes rompent par SMS \u2014 c&rsquo;est bien pratique de ne pas affronter en face les cris et les chuchotements d&rsquo;une fille d\u00e9cha\u00een\u00e9e, et on ne risque pas de voir son bureau vandalis\u00e9. D\u00e9sormais, ils rompront par l&rsquo;AFP : c&rsquo;est plus chic, quand m\u00eame, m\u00eame si c&rsquo;est tout aussi couard.<br \/>\nR\u00e9trospectivement, les affirmations de P\u00e9p\u00e8re sur la fin du r\u00e8gne des paillettes sonnent avec ironie \u00e0 nos oreilles. Tout pour l\u2019image, tout pour la soci\u00e9t\u00e9 du spectacle : pendant dix jours de suspense, on n\u2019a pour ainsi dire plus parl\u00e9 du ch\u00f4mage qui s\u2019accro\u00eet ni de l\u2019industrie qui r\u00e9gresse \u2014 \u00e0 part de l\u2019industrie fran\u00e7aise du scooter, durement concurrenc\u00e9e par un certain Piaggio sur lequel l\u2019\u00e9dile en chef partait en vrombissant roucouler pr\u00e8s de la nouvelle favorite. Encore moins des patrons qui se frottent les mains \u00e0 l\u2019id\u00e9e de faire, gr\u00e2ce \u00e0 Hollande et Ayrault, de substantielles \u00e9conomies. Plus parl\u00e9 de l\u2019Ecole qui sombre encore plus vite que d\u2019habitude, toute vaselin\u00e9e des bonnes intentions du minist\u00e8re. Plus parl\u00e9 des gens qui ont faim, des classes moyennes qui glissent vers le moyen-moins, m\u00eame plus parl\u00e9 de Dieudonn\u00e9, dont le filon s\u2019\u00e9puisait \u2014 il fallait bien trouver de nouvelles paillettes m\u00e9diatiques pour amuser le bon peuple, auquel on offre des jeux, faute de lui donner du pain.<\/p>\n<p>Jean-Paul Brighelli<\/p>\n","protected":false},"excerpt":{"rendered":"<p>\u00ab Je fais savoir que j&rsquo;ai mis fin \u00e0 la vie commune que je partageais avec Val\u00e9rie Trierweiler \u00bb : s\u00e9rieusement, Fran\u00e7ois Hollande a besoin \u00ab d\u2019un agr\u00e9g\u00e9 qui sache \u00e9crire \u00bb, comme disait De Gaulle en recrutant Pompidou. Trois fois Je (trois fois rien ?) en une courte phrase, avec une gracieuse redondance des [&hellip;]<\/p>\n","protected":false},"author":6,"featured_media":0,"comment_status":"open","ping_status":"open","sticky":false,"template":"","format":"standard","meta":{"footnotes":""},"categories":[1],"tags":[159,33,160,158,157,156,155],"class_list":{"0":"post-437","1":"post","2":"type-post","3":"status-publish","4":"format-standard","6":"category-non-classe","7":"tag-guaino","8":"tag-hollande","9":"tag-moi","10":"tag-paillettes","11":"tag-piaggio","12":"tag-rupture","13":"tag-trierweiler"},"_links":{"self":[{"href":"https:\/\/blog.causeur.fr\/bonnetdane\/wp-json\/wp\/v2\/posts\/437","targetHints":{"allow":["GET"]}}],"collection":[{"href":"https:\/\/blog.causeur.fr\/bonnetdane\/wp-json\/wp\/v2\/posts"}],"about":[{"href":"https:\/\/blog.causeur.fr\/bonnetdane\/wp-json\/wp\/v2\/types\/post"}],"author":[{"embeddable":true,"href":"https:\/\/blog.causeur.fr\/bonnetdane\/wp-json\/wp\/v2\/users\/6"}],"replies":[{"embeddable":true,"href":"https:\/\/blog.causeur.fr\/bonnetdane\/wp-json\/wp\/v2\/comments?post=437"}],"version-history":[{"count":0,"href":"https:\/\/blog.causeur.fr\/bonnetdane\/wp-json\/wp\/v2\/posts\/437\/revisions"}],"wp:attachment":[{"href":"https:\/\/blog.causeur.fr\/bonnetdane\/wp-json\/wp\/v2\/media?parent=437"}],"wp:term":[{"taxonomy":"category","embeddable":true,"href":"https:\/\/blog.causeur.fr\/bonnetdane\/wp-json\/wp\/v2\/categories?post=437"},{"taxonomy":"post_tag","embeddable":true,"href":"https:\/\/blog.causeur.fr\/bonnetdane\/wp-json\/wp\/v2\/tags?post=437"}],"curies":[{"name":"wp","href":"https:\/\/api.w.org\/{rel}","templated":true}]}}