{"id":44,"date":"2006-10-08T16:23:26","date_gmt":"2006-10-08T16:23:26","guid":{"rendered":"http:\/\/blog.causeur.fr\/bonnetdane\/?p=44"},"modified":"2021-04-22T18:54:00","modified_gmt":"2021-04-22T16:54:00","slug":"lever-le-voile","status":"publish","type":"post","link":"https:\/\/blog.causeur.fr\/bonnetdane\/lever-le-voile-44","title":{"rendered":"Lever le voile"},"content":{"rendered":"<p>Petite histoire de voile<\/p>\n<p>Pas facile, le m\u00e9tier d\u2019inspecteur ! Coinc\u00e9 que l\u2019on est entre ses convictions, ou celles de ses amis, ou celles de son parti, et les textes du minist\u00e8re\u2026<br \/>(\u00c0 noter qu\u2019on l\u2019a un peu voulue, cette situation inconfortable\u2026 Et m\u00eame que parfois on a tout fait pour \u00e7a\u2026)<br \/>Un exemple ?<br \/>Il y a quelques jours, une m\u00e8re de famille de Dourdan s\u2019est vue refoul\u00e9e par la direction de l\u2019\u00e9cole o\u00f9 sa fille est scolaris\u00e9e en CM2 \u2014 au motif qu\u2019elle se proposait d\u2019encadrer une sortie p\u00e9dagogique (les enfants sortent beaucoup, dans la Nouvelle P\u00e9dagogie) affubl\u00e9e du hidjab dont elle a fait son ordinaire. Son credo, si je puis dire, rapport par le Parisien : \u00ab Se couvrir et porter des v\u00eatements amples pour ne pas susciter le regard des hommes \u00bb.<br \/>Il y a sa photo avec l\u2019article. Honn\u00eatement, la pudeur est un pur pr\u00e9texte\u2026 Non pas un d\u00e9fi \u00e0 la concupiscence masculine, mais une d\u00e9claration de principes religieux. Un d\u00e9fi \u00e0 la la\u00efcit\u00e9.<br \/>Il s\u2019est n\u00e9anmoins trouv\u00e9 un inspecteur local, Jean-Yves Cotty, pour lui donner raison, et expliquer que la directrice, qui avait tr\u00e8s sagement invoqu\u00e9 la loi qui prescrit le port de tout signe religieux dans l\u2019exercice de la scolarit\u00e9, avait tort.<br \/>C\u2019est suivant ces raisonnements tordus que le MRAP porte plainte chaque fois que l\u2019on critique les formes exacerb\u00e9es de l\u2019Islam, au risque de susciter, et de plus en plus largement, les r\u00e9flexes carr\u00e9ment racistes d\u2019une bonne partie de la population. Les jusqu\u2019auboutistes du droit \u00e0 l\u2019expression engendrent le rejet bien plus s\u00fbrement que la critique des exc\u00e8s religieux. Exactement de la m\u00eame mani\u00e8re que le slogan \u00ab \u00e9galit\u00e9 des chances \u00bb, souvent \u00e2nonn\u00e9 par les m\u00eames, fabrique des in\u00e9galit\u00e9s \u00e0 tour de bras.<br \/>Il s\u2019est heureusement trouv\u00e9 un second inspecteur, Alain Seksig, co-coordinateur de \u00ab L\u2019Ecole face \u00e0 l\u2019obscurantisme religieux \u00bb (le rapport Obin comment\u00e9 par une vingtaine de vrais militants des Droits de l\u2019homme, dont votre serviteur, aux \u00e9ditions Max Milo \u2014 indispensable), pour affirmer que la directrice avait raison : la m\u00e8re d\u2019\u00e9l\u00e8ve n\u2019intervenait pas en tant que telle (ce qui serait le cas si elle demandait un rendez-vous \u00e0 l\u2019institutrice de sa fille, par exemple, ou participait au Conseil d\u2019\u00e9cole), mais au cours d\u2019un exercice p\u00e9dagogique \u2014 un cadre qui interdit l\u2019ostentation religieuse. \u00ab La directrice a refus\u00e9 que la maman porte son voile pendant la sortie, elle n\u2019a pas refus\u00e9 la personne en elle-m\u00eame, c\u2019est une nuance de taille \u00bb, ajoute-t-il.<br \/>Certes, souligne-t-il, encore si l\u2019on en est \u00e0 devoir expliquer ces nuances byzantines, c\u2019est que la loi est rest\u00e9e floue, comme souvent. Cette m\u00eame loi qui interdit les signes religieux \u00e0 l\u2019\u00e9cole, mais les autorise lorsque l\u2019\u00e9cole (le coll\u00e8ge, le lyc\u00e9e) devient centre d\u2019examen, car elle rentre alors dans la loi commune des \u00ab espaces publics \u00bb.<br \/>Et si j\u2019avouais que le voile islamique me g\u00eane partout ? Si je r\u00e9p\u00e9tais ce qu\u2019a dit Jack Straw, ex-secr\u00e9taire au Foreign Office de Tony Blair, un Travailliste r\u00e9put\u00e9 pour son lib\u00e9ralisme et ses bonnes mani\u00e8res diplomatiques, qui a lanc\u00e9 sans pr\u00e9ambule que porter un voile en Angleterre \u00e9tait une mani\u00e8re de signifier son refus de s\u2019int\u00e9grer \u2014 quasiment une d\u00e9claration de guerre dans un pays qui est effectivement en guerre et a eu \u00e0 souffrir du terrorisme ?<br \/>J\u2019entendais hier une militante de Ni putes ni soumises, cette organisation de femmes qui font un boulot si remarquable, et souvent aux d\u00e9pens de leur s\u00e9curit\u00e9, affirmer que l\u2019on ne porte pas impun\u00e9ment un hidjab. C\u2019est une d\u00e9claration de foi jet\u00e9e \u00e0 la face d\u2019un pays la\u00efque. On est l\u00e0 tr\u00e8s largement au-del\u00e0 de la coutume. On est dans le d\u00e9fi.<br \/>Que certains, \u00e0 gauche et \u00e0 droite, ne le comprennent pas m\u2019afflige. Parce qu\u2019\u00e0 force de tol\u00e9rance, ils font le lit de toutes les intol\u00e9rances.<br \/>C\u2019est un d\u00e9bat qui a commenc\u00e9 \u00e0 l\u2019\u00e9cole \u2014 deux mois apr\u00e8s le vote de la \u00ab loi Jospin \u00bb sur l\u2019\u00e9cole, et ce n\u2019est pas une co\u00efncidence. C\u2019est aujourd\u2019hui un d\u00e9bat qui a envahi la rue, \u2014 pour le pire.<br \/>Si nous voulons \u00f4ter des arguments aux vrais racistes qui empoisonnent les esprits fragiles, il faut r\u00e9agir, tr\u00e8s vite, \u2014 au nom de la R\u00e9publique.<\/p>\n<p>Jean-Paul Brighelli<\/p>\n","protected":false},"excerpt":{"rendered":"<p>Petite histoire de voile Pas facile, le m\u00e9tier d\u2019inspecteur ! Coinc\u00e9 que l\u2019on est entre ses convictions, ou celles de ses amis, ou celles de son parti, et les textes du minist\u00e8re\u2026(\u00c0 noter qu\u2019on l\u2019a un peu voulue, cette situation inconfortable\u2026 Et m\u00eame que parfois on a tout fait pour \u00e7a\u2026)Un exemple ?Il y a [&hellip;]<\/p>\n","protected":false},"author":6,"featured_media":0,"comment_status":"open","ping_status":"open","sticky":false,"template":"","format":"standard","meta":{"footnotes":""},"categories":[1],"tags":[],"class_list":{"0":"post-44","1":"post","2":"type-post","3":"status-publish","4":"format-standard","6":"category-non-classe"},"_links":{"self":[{"href":"https:\/\/blog.causeur.fr\/bonnetdane\/wp-json\/wp\/v2\/posts\/44","targetHints":{"allow":["GET"]}}],"collection":[{"href":"https:\/\/blog.causeur.fr\/bonnetdane\/wp-json\/wp\/v2\/posts"}],"about":[{"href":"https:\/\/blog.causeur.fr\/bonnetdane\/wp-json\/wp\/v2\/types\/post"}],"author":[{"embeddable":true,"href":"https:\/\/blog.causeur.fr\/bonnetdane\/wp-json\/wp\/v2\/users\/6"}],"replies":[{"embeddable":true,"href":"https:\/\/blog.causeur.fr\/bonnetdane\/wp-json\/wp\/v2\/comments?post=44"}],"version-history":[{"count":0,"href":"https:\/\/blog.causeur.fr\/bonnetdane\/wp-json\/wp\/v2\/posts\/44\/revisions"}],"wp:attachment":[{"href":"https:\/\/blog.causeur.fr\/bonnetdane\/wp-json\/wp\/v2\/media?parent=44"}],"wp:term":[{"taxonomy":"category","embeddable":true,"href":"https:\/\/blog.causeur.fr\/bonnetdane\/wp-json\/wp\/v2\/categories?post=44"},{"taxonomy":"post_tag","embeddable":true,"href":"https:\/\/blog.causeur.fr\/bonnetdane\/wp-json\/wp\/v2\/tags?post=44"}],"curies":[{"name":"wp","href":"https:\/\/api.w.org\/{rel}","templated":true}]}}