{"id":441,"date":"2014-02-09T09:02:41","date_gmt":"2014-02-09T09:02:41","guid":{"rendered":"http:\/\/blog.causeur.fr\/bonnetdane\/?p=441"},"modified":"2021-04-22T18:53:05","modified_gmt":"2021-04-22T16:53:05","slug":"francais-de-souche","status":"publish","type":"post","link":"https:\/\/blog.causeur.fr\/bonnetdane\/francais-de-souche-441","title":{"rendered":"Fran\u00e7ais de souche"},"content":{"rendered":"<p>La caract\u00e9ristique principale du Minable, c\u2019est sa propension \u00e0 donner des le\u00e7ons. D\u2019o\u00f9 sa pr\u00e9sence massive parmi les profs, les journalistes, le personnel politique. Ce qui bien s\u00fbr n\u2019exclut pas qu\u2019il n\u2019y ait de grands profs, de bons journalistes, voire des politiques intelligents. Mais bon\u2026<\/p>\n<p>\u00ab Apr\u00e8s l&rsquo;\u00e9mission <em>Des Paroles et des Actes<\/em> ce jeudi 6 f\u00e9vrier, deux membres du Conseil National du PS, Mehdi Ouraoui, ancien directeur de cabinet d&rsquo;Harlem D\u00e9sir, et Na\u00efma Chara\u00ef, pr\u00e9sidente de l&rsquo;Agence nationale pour la coh\u00e9sion sociale et l&rsquo;\u00e9galit\u00e9 des chances (ACSE), ont saisi le CSA. Dans une lettre envoy\u00e9e \u00e0 son pr\u00e9sident, ils qualifient l&rsquo;intervention d&rsquo;Alain Finkielkraut \u00abd&rsquo;inacceptable\u00bb et \u00abdangereuse\u00bb. Ils s&rsquo;inqui\u00e8tent pr\u00e9cis\u00e9ment de l&rsquo;usage par le philosophe de l&rsquo;expression \u00abFran\u00e7ais de souche\u00bb, \u00abdirectement emprunt\u00e9e au vocabulaire de l&rsquo;extr\u00eame droite\u00bb. \u00bb<br \/>\nhttp:\/\/www.lefigaro.fr\/flash-actu\/2014\/02\/07\/97001-20140207FILWWW00200-finkielkraut-des-socialistes-saisissent-le-csa.php<br \/>\nLe malheureux Finkielkraut a cru bon de r\u00e9pondre \u2014 non pour se justifier, mais parce que c\u2019est son m\u00e9tier de rendre les autres intelligents, treizi\u00e8me des travaux d\u2019Hercule :<br \/>\n\u00abJe suis totalement abasourdi. Hier soir, lors de l&rsquo;\u00e9mission Des paroles et des actes, j&rsquo;ai dit que face \u00e0 une ultra-droite nationaliste qui voulait r\u00e9server la civilisation fran\u00e7aise aux Fran\u00e7ais de sang et de vieille souche, la gauche a traditionnellement d\u00e9fendu l&rsquo;int\u00e9gration et l&rsquo;offrande \u00e0 l&rsquo;\u00e9tranger de cette civilisation. La gauche en se d\u00e9tournant de l&rsquo;int\u00e9gration abandonne de fait cette offrande. Manuel Valls a expliqu\u00e9 que nous avions tous trois -lui-m\u00eame, David Pujadas et moi &#8211; des origines \u00e9trang\u00e8res et que c&rsquo;\u00e9tait tout \u00e0 l&rsquo;honneur de la France. J&rsquo;ai acquiesc\u00e9 mais j&rsquo;ai ajout\u00e9 qu&rsquo;il \u00abne fallait pas oublier les Fran\u00e7ais de souche\u00bb. L&rsquo;id\u00e9e qu&rsquo;on ne puisse plus nommer ceux qui sont Fran\u00e7ais depuis tr\u00e8s longtemps me para\u00eet compl\u00e8tement d\u00e9lirante. L&rsquo;antiracisme devenu fou nous pr\u00e9cipite dans une situation o\u00f9 la seule origine qui n&rsquo;aurait pas de droit de cit\u00e9 en France, c&rsquo;est l&rsquo;origine fran\u00e7aise. Mes parents sont n\u00e9s en Pologne, j&rsquo;ai \u00e9t\u00e9 naturalis\u00e9 en m\u00eame temps qu&rsquo;eux en 1950 \u00e0 l&rsquo;\u00e2ge de un an, ce qui veut dire que je suis aussi Fran\u00e7ais que le g\u00e9n\u00e9ral de Gaulle mais que je ne suis pas tout \u00e0 fait Fran\u00e7ais comme lui. Aujourd&rsquo;hui, on peut dire absolument n&rsquo;importe quoi! Je suis stup\u00e9fait et, je dois le dire, d\u00e9sempar\u00e9 d&rsquo;\u00eatre tax\u00e9 de racisme au moment o\u00f9 j&rsquo;entonne un hymne \u00e0 l&rsquo;int\u00e9gration, et o\u00f9 je m&rsquo;inqui\u00e8te de voir la gauche choisir une autre voie, celle du refus de toute pr\u00e9s\u00e9ance de la culture fran\u00e7aise sur les cultures \u00e9trang\u00e8res ou minoritaires. L&rsquo;hospitalit\u00e9 se d\u00e9finit selon moi par le don de l&rsquo;h\u00e9ritage et non par sa liquidation.\u00bb<br \/>\nhttp:\/\/www.lefigaro.fr\/vox\/societe\/2014\/02\/07\/31003-20140207ARTFIG00274-alain-finkielkraut-une-partie-de-la-gauche-a-perdu-la-raison-et-la-memoire.php<\/p>\n<p>Admettons que l\u2019expression \u00ab Fran\u00e7ais de souche \u00bb soit aujourd\u2019hui d\u00e9licate \u00e0 employer, surtout depuis qu\u2019elle sert d\u2019\u00e9tiquette \u00e0 un site dont la mesure ni le bon go\u00fbt ne sont les qualit\u00e9s dominantes. Admettons qu\u2019un philosophe (je rappelle que Finkielkraut ne l\u2019est pas, de formation) doive utiliser les mots avec circonspection. Oui, admettons\u2026<br \/>\nMais comment admettre qu\u2019un parti (le PS) d\u00e9cide d\u2019interdire les mots qui le d\u00e9frisent ? \u00c0 l\u2019intol\u00e9rance de ceux que leur \u00e9tiquette \u00ab de gauche \u00bb ne pr\u00e9serve pas du malheur d\u2019\u00eatre des abrutis, r\u00e9pondra t\u00f4t ou tard l\u2019intol\u00e9rance massive d\u2019une foule d\u2019abrutis qui revendiqueront cr\u00e2nement, et dans la rue, une \u00e9tiquette \u00ab de droite \u00bb.<\/p>\n<p>D&rsquo;ailleurs, ils la revendiquent d\u00e9j\u00e0. L&rsquo;un des exploits les plus remarquables de ce gouvernement de fantoches est d&rsquo;avoir rassembl\u00e9 des centaines de milliers de personnes qui n&rsquo;existaient pas collectivement, et qui d\u00e9sormais s&rsquo;expriment d&rsquo;une seule voix. On salue bien bas.<\/p>\n<p>Au passage, et quitte \u00e0 chicaner sur les mots, comment distinguer les Fran\u00e7ais n\u00e9s en France depuis plusieurs g\u00e9n\u00e9rations et ceux de toute fra\u00eeche importation, n\u00e9s \u00e0 l\u2019\u00e9tranger \u2014 Finkielkraut lui-m\u00eame ? Parce que la distinction, quoi qu\u2019on en pense, fait sens : on n\u2019est pas fran\u00e7ais comme le camembert est normand : on l\u2019est parce qu\u2019on le m\u00e9rite.<br \/>\nOn ne na\u00eet pas Fran\u00e7ais \u2014 on le devient, m\u00eame quand on a des parents inscrit au registre national depuis lurette. On le devient en s\u2019affranchissant des coutumes, des relents familiaux, des communautarismes de toutes farines, des habitudes religieuses exotiques, des imp\u00e9ratifs gastronomiques exog\u00e8nes. J\u2019ai parl\u00e9 ici-m\u00eame de cet excellent livre paru l\u2019ann\u00e9e derni\u00e8re,<em> la R\u00e9publique et le cochon<\/em> (Pierre Bimbaum, http:\/\/www.seuil.com\/livre-9782021108651.htm), dans lequel l\u2019auteur analyse avec une grande finesse le r\u00f4le du porc dans l\u2019int\u00e9gration \u00e0 la communaut\u00e9 fran\u00e7aise, et la fa\u00e7on dont les Juifs (et les Musulmans, mais ce n\u2019est pas son sujet directement) ont accept\u00e9 (ou non) d\u2019entrer dans les usages alimentaires de la R\u00e9publique. On est fran\u00e7ais parce que l\u2019on ma\u00eetrise la langue (ce que Finkielkraut fait \u00e0 un niveau sup\u00e9rieur \u2014 tr\u00e8s sup\u00e9rieur aux deux hurluberlus qui veulent le tra\u00eener aujourd\u2019hui en justice au nom du politiquement correct, tr\u00e8s sup\u00e9rieur aux membres du gouvernement, tr\u00e8s sup\u00e9rieur \u00e0 l\u2019ensemble de la classe journalistique qui le juge), et parce que l\u2019on a accept\u00e9 les caract\u00e9ristiques de la civilisation fran\u00e7aise.<br \/>\nIl ne s\u2019agit pas de nationalisme \u2014 encore que \u00ab mourir pour la France \u00bb, expression qui para\u00eet de plus en plus d\u00e9su\u00e8te aux jeunes g\u00e9n\u00e9rations, qu\u2019elles soient \u00ab de souche \u00bb ou non, me paraisse la pierre de touche de la nationalit\u00e9. Encore moins d\u2019esprit cocardier \u2014 m\u00eame si ce drapeau \u00ab plein de sang dans le bas et de ciel dans le haut \u00bb a une histoire que nous pouvons revendiquer autant qu\u2019au temps d\u2019Edmond Rostand, dont les vers de mirliton me font toujours tressaillir.<br \/>\nIl s\u2019agit de terre et de terroir.<br \/>\nIl faut \u00eatre b\u00eate comme peut l\u2019\u00eatre Claude Askolovitch pour croire que \u00ab terroir \u00bb est une expression p\u00e9tainiste, alors que c\u2019est la fa\u00e7on la plus simple de distinguer un bayonne taill\u00e9 dans la croupe d\u2019un honn\u00eate porc pie noir basque d\u2019un jambon issu d\u2019une quelconque carcasse danoise \u00e9lev\u00e9e en batterie (ou, pour en rester au cochon, distinguer un prizuttu d\u2019origine, dont le gras adh\u00e8re \u00e0 la chair et poss\u00e8de un merveilleux go\u00fbt de noisette et de ch\u00e2taigne, des horreurs propos\u00e9es dans les restaurants insulaires et pour lesquelles il n\u2019y a, justement, pas de nom).<br \/>\nAlors, d\u2019accord, sur nos papiers d\u2019identit\u00e9, rien ne sp\u00e9cifie l\u2019origine de nos origines, et c\u2019est tant mieux. C\u2019est tout \u00e0 la gloire de la France, justement, que de refuser l\u2019inscription de la religion, telle qu\u2019elle se pratique dans nombre de pays \u2014 y compris en Europe \u2014 et telle qu\u2019elle se pratiquait sous P\u00e9tain. Mais c\u2019est d\u2019une hypocrisie sans nom que de pr\u00e9tendre que l\u2019on ne peut pas, par exemple, analyser les r\u00e9sultats scolaires en fonction du contexte familial tel qu\u2019il se lit \u00e0 travers les patronymes (l\u2019\u00e9tude qui a \u00e9t\u00e9 faite sur le sujet en r\u00e9gion Aquitaine est \u00e0 la fois exemplaire et en th\u00e9orie ill\u00e9gale). Nous sommes tous fran\u00e7ais par principe, et plus ou moins dans les faits.<br \/>\nParler la langue et la culture, comprendre que ce vieux pays est la\u00efque sur un antique fond chr\u00e9tien et gr\u00e9co-romain, admettre qu\u2019il y a des caract\u00e9ristiques communes (la combinaison paradoxale d\u2019une r\u00e9elle fiert\u00e9 nationale et d\u2019une tendance \u00e0 l\u2019auto-d\u00e9pr\u00e9ciation, par exemple), sourire m\u00eame \u00e0 une certaine b\u00eatise fran\u00e7aise, voil\u00e0 ce qui caract\u00e9rise le \u00ab Fran\u00e7ais de souche \u00bb. Les d\u00e9tracteurs de Finkielkraut sont loin, tr\u00e8s loin, de poss\u00e9der sa ma\u00eetrise de la langue et de la culture fran\u00e7aises. Ni son sens de la d\u00e9rision.<br \/>\nTout cela pour dire\u2026 Pour dire que la d\u00e9bauche de politiquement correct, en dehors de ses vell\u00e9it\u00e9s castratrices typiques d\u2019un parti (le PS) qui manque essentiellement de cou\u2026 rage, engendrera fatalement, \u00e0 terme, une r\u00e9action bien plus terrible que pr\u00e9vue. Ce qui est pr\u00e9vu de toute \u00e9vidence, c\u2019est la mont\u00e9e du FN, en pr\u00e9vision d\u2019un 2017 o\u00f9 l\u2019UMP, d\u00e9bord\u00e9e sur sa droite, serait absente au second tour, et laisserait le PS \u00e9taler sa morgue face \u00e0 une droite bleu-marine r\u00e9duite \u00e0 ses appuis traditionnels : strat\u00e9gie imb\u00e9cile, parce qu\u2019il n\u2019y aura pas, en faveur d\u2019un pr\u00e9sident qui est actuellement tomb\u00e9 \u00e0 19% d\u2019opinions favorables (mais il peut mieux faire\u2026), de retournement comme on en a vu en faveur de Chirac en 2002. Non, ce que le politiquement correct attise, c\u2019est la mont\u00e9e d\u2019une droite extr\u00eame, qui s\u2019exprimera dans la rue avant de s\u2019exprimer par la violence \u2014 et qui s&rsquo;exprimera dans les urnes aux municipales et plus encore aux europ\u00e9ennes. Ce qui nous guette, c\u2019est la venue d\u2019un fascisme dur \u2014 parce que le PS est fini, fichu, foutu, \u00e0 force de se caricaturer dans des initiatives qui sont autant de chiffons rouges, faute de drapeaux de la m\u00eame couleur. Incapable d\u2019affronter les r\u00e9alit\u00e9s \u00e9conomiques, le gouvernement et ses affid\u00e9s ont d\u00e9cid\u00e9 de bouger essentiellement sur le plan \u00ab soci\u00e9tal \u00bb \u2014 et \u00e7a ne leur porte pas bonheur. Les bobos parisiens qui nous gouvernent devraient de temps en temps redescendre dans le pays r\u00e9el, et mesurer exactement l\u2019exasp\u00e9ration : nous sommes \u00e0 deux doigts de l\u2019\u00e9meute, et ils perp\u00e9tuent leurs d\u00e9lires. Ce n\u2019est pas l\u2019UMP qu\u2019ils descendent (avec la politique lib\u00e9rale qu\u2019ils m\u00e8nent, qui a encore besoin de l\u2019UMP ?), c\u2019est le fascisme qu\u2019ils alimentent. Parce qu\u2019ils fonctionnent d\u00e9j\u00e0 comme des fascistes.<\/p>\n<p>Jean-Paul Brighelli<\/p>\n","protected":false},"excerpt":{"rendered":"<p>La caract\u00e9ristique principale du Minable, c\u2019est sa propension \u00e0 donner des le\u00e7ons. D\u2019o\u00f9 sa pr\u00e9sence massive parmi les profs, les journalistes, le personnel politique. Ce qui bien s\u00fbr n\u2019exclut pas qu\u2019il n\u2019y ait de grands profs, de bons journalistes, voire des politiques intelligents. Mais bon\u2026 \u00ab Apr\u00e8s l&rsquo;\u00e9mission Des Paroles et des Actes ce jeudi [&hellip;]<\/p>\n","protected":false},"author":6,"featured_media":0,"comment_status":"open","ping_status":"open","sticky":false,"template":"","format":"standard","meta":{"footnotes":""},"categories":[1],"tags":[163,149,161,162,124],"class_list":{"0":"post-441","1":"post","2":"type-post","3":"status-publish","4":"format-standard","6":"category-non-classe","7":"tag-censure","8":"tag-fascisme","9":"tag-finkielkraut","10":"tag-francais-de-souche","11":"tag-ps"},"_links":{"self":[{"href":"https:\/\/blog.causeur.fr\/bonnetdane\/wp-json\/wp\/v2\/posts\/441","targetHints":{"allow":["GET"]}}],"collection":[{"href":"https:\/\/blog.causeur.fr\/bonnetdane\/wp-json\/wp\/v2\/posts"}],"about":[{"href":"https:\/\/blog.causeur.fr\/bonnetdane\/wp-json\/wp\/v2\/types\/post"}],"author":[{"embeddable":true,"href":"https:\/\/blog.causeur.fr\/bonnetdane\/wp-json\/wp\/v2\/users\/6"}],"replies":[{"embeddable":true,"href":"https:\/\/blog.causeur.fr\/bonnetdane\/wp-json\/wp\/v2\/comments?post=441"}],"version-history":[{"count":0,"href":"https:\/\/blog.causeur.fr\/bonnetdane\/wp-json\/wp\/v2\/posts\/441\/revisions"}],"wp:attachment":[{"href":"https:\/\/blog.causeur.fr\/bonnetdane\/wp-json\/wp\/v2\/media?parent=441"}],"wp:term":[{"taxonomy":"category","embeddable":true,"href":"https:\/\/blog.causeur.fr\/bonnetdane\/wp-json\/wp\/v2\/categories?post=441"},{"taxonomy":"post_tag","embeddable":true,"href":"https:\/\/blog.causeur.fr\/bonnetdane\/wp-json\/wp\/v2\/tags?post=441"}],"curies":[{"name":"wp","href":"https:\/\/api.w.org\/{rel}","templated":true}]}}