{"id":443,"date":"2014-02-09T13:43:08","date_gmt":"2014-02-09T13:43:08","guid":{"rendered":"http:\/\/blog.causeur.fr\/bonnetdane\/?p=443"},"modified":"2021-04-22T18:53:05","modified_gmt":"2021-04-22T16:53:05","slug":"discrimination-positive","status":"publish","type":"post","link":"https:\/\/blog.causeur.fr\/bonnetdane\/discrimination-positive-443","title":{"rendered":"Discrimination positive"},"content":{"rendered":"<p>Selon un tout r\u00e9cent sondage, 67% des Fran\u00e7ais sont oppos\u00e9s \u00e0 la discrimination positive.<br \/>\nhttp:\/\/www.leparisien.fr\/politique\/integration-67-des-francais-opposes-a-la-discrimination-positive-07-02-2014-3569901.php<br \/>\nC\u2019est un signe dont devrait tenir compte le gouvernement Ayrault, qui tient compte d\u00e9j\u00e0 de tant de choses : quand le Premier ministre d\u00e9voilera, mardi, ses propositions pour une int\u00e9gration (on se souvient que le rapport incendiaire mis directement en ligne sur le site de Matignon avait d\u00e9clench\u00e9 quelques pol\u00e9miques bienvenues, dans l\u2019optique d\u2019un renfort au FN et d\u2019un effacement de l\u2019UMP, afin que 2017 ne soit plus qu\u2019un 2002 \u00e0 l\u2019envers \u2014 ce qu\u2019il sera, vu que Marine Le Pen sera \u00e9lue\u2026), on ne manquera pas de discuter ses propositions (apprentissage de l\u2019arabe et du mandarin, acc\u00e8s privil\u00e9gi\u00e9 des populations d\u2019origine immigr\u00e9e aux emplois de la fonction publique, et entr\u00e9e au Panth\u00e9on de tout ce que l\u2019on pourra trouver de Fran\u00e7ais m\u00e9ritants d\u2019origine \u00e9trang\u00e8re \u2014 moi-m\u00eame, par exemple) \u00e0 la lumi\u00e8re de ce que pensent effectivement les Fran\u00e7ais. Attachement aux valeurs de la R\u00e9publique, qui stipulent que l\u2019acc\u00e8s aux emplois d\u00e9pend du seul m\u00e9rite, ou vague puissamment x\u00e9nophobe, peu importe : le PS au pouvoir, et ses alli\u00e9s verts \u2014 qu\u2019il faut bien m\u00e9nager \u00e0 deux mois des municipales, allez, Meirieu, fais risette \u2014 a d\u00e9cid\u00e9 de faire la part belle aux communautarismes. Un effet sans doute des admonestations re\u00e7ues de David Cameron par Hollande. Il n\u2019y a pas de raison que le mod\u00e8le anglo-saxon, qui se plante, ne fasse pas \u00e9cole.<br \/>\nL\u2019\u00e9cole, justement, \u00e9tait jusqu\u2019\u00e0 ces derni\u00e8res d\u00e9cennies le mod\u00e8le le plus s\u00fbr de discrimination : r\u00e9ussir en classe, c\u2019\u00e9tait r\u00e9ussir dans la vie. Ce n\u2019est plus le cas, comme nous le savons, depuis que r\u00e9ussir en classe est une formalit\u00e9 d\u00e9cid\u00e9e en haut lieu (Chev\u00e8nement, que de crimes on commet en ton nom, toi qui le premier parlas de 80% d\u2019une classe d\u2019\u00e2ge au Bac !). Donc, d\u00e9sormais, g\u00e9n\u00e9ralisons le principe de la rue Saint-Guillaume, o\u00f9 depuis Descoings on va chaque ann\u00e9e chercher dans des banlieues plus ou moins lointaines un petit quota de d\u00e9sh\u00e9rit\u00e9s, propuls\u00e9s \u00e0 Sciences-Po (tant mieux pour eux) comme autrefois la marquise de Saint-Frusquin propulsait ses rosi\u00e8res.<br \/>\nLes Fran\u00e7ais estiment malheureusement que c\u2019est aux \u00e9trangers de s\u2019int\u00e9grer, et pas \u00e0 eux de se vaseliner la tol\u00e9rance. Et qu\u2019ils doivent adopter les habitudes de notre pays. Les Fran\u00e7ais en voyage se d\u00e9chaussent quand ils visitent les mosqu\u00e9es, ils acceptent que leurs compagnes court v\u00eatues, m\u00eame sous la neige stambouliote, s\u2019affublent de longs tissus h\u00e2tivement jet\u00e9s sur leurs jambes interminables. Ils acceptent m\u00eame que l\u2019Arabie saoudite interdise aux femmes de conduire, que des flics de la moralit\u00e9 islamique interviennent \u00e0 toute heure du jour et de la nuit chez les particuliers. Ils acceptent que les Talibans tuent pr\u00e9f\u00e9rentiellement des femmes et des enfants (35% de plus en 2013) au nom d\u2019Allah le Mis\u00e9ricordieux. Ils acceptent (mal, mais ils acceptent) que le gouvernement espagnol interdise d\u00e9sormais l\u2019avortement, avant d\u2019interdire la contraception, qui a fait tant de mal \u00e0 l\u2019Eglise de l\u2019Opus Dei\u2026 Oui, ils acceptent tout cela, les Fran\u00e7ais \u2014 ailleurs. Chez eux, ils exaltent le vin et la gastronomie made in France, comme on dit ici, et ils s\u2019indignent quand ils voient des femmes voil\u00e9es dans la rue, alors qu\u2019elles seraient tellement plus mignonnes (et, au fond, moins visibles) si elles allaient v\u00eatus de l\u00e9gers chiffons, comme les autres.<br \/>\nC\u2019est entendu, le PS et les Verts font ce qu\u2019ils peuvent pour renforcer l\u2019extr\u00eame-extr\u00eame droite, afin de couler l\u2019UMP (qui se coule bien toute seule \u2014 un parti qui se choisit Jean-Fran\u00e7ois Cop\u00e9 et qui voit en Sarkozy, l\u2019inventeur du \u00ab pr\u00e9fet musulman \u00bb, un Sauveur ne m\u00e9rite pas mieux) et de rester au pouvoir, o\u00f9 il continuera \u00e0 virer les procureurs indociles (tant pis s\u2019ils sont aussi aveugles)<br \/>\nhttp:\/\/www.lefigaro.fr\/actualite-france\/2014\/02\/04\/01016-20140204ARTFIG00417-le-procureur-falletti-dans-le-viseur-de-taubira.php<br \/>\ntout en d\u00e9mentant les faits si par malheur ils sont \u00e9vent\u00e9s,<br \/>\net \u00e0 pistonner fifille pour les postes d\u2019attach\u00e9 culturel de prestige, \u00e0 Tel-Aviv ou ailleurs<br \/>\nhttp:\/\/www.agoravox.fr\/actualites\/politique\/article\/peillon-le-serpent-a-piston-147633<br \/>\ntout en expliquant que la Gauche est avant tout morale, et qu\u2019une information vraie p\u00each\u00e9 sur le site d\u2019un antis\u00e9mite est forc\u00e9ment fausse : l\u2019Ignorance, c\u2019est la Force \u2014 mais o\u00f9 diable ai-je d\u00e9j\u00e0 lu \u00e7a ?<br \/>\nComme disait Reiser, qui me manque tous les jours, nous vivons une \u00e9poque formidable. Arrosez le fascisme, il poussera \u2014 et en mauvaise graine qu\u2019il est, il envahira tout.<br \/>\nJe ne connais qu\u2019une seule discrimination, celle que le travail et la r\u00e9ussite autorisent. Qu\u2019on ait recours \u00e0 des proc\u00e9d\u00e9s m\u00e9caniques (ce qu\u2019en termes de dynamique on appelle le piston) pour pallier les insuffisances programm\u00e9es de l\u2019Ecole donne la mesure de la falsification g\u00e9n\u00e9rale du r\u00e9gime.<\/p>\n<p>Jean-Paul Brighelli<\/p>\n","protected":false},"excerpt":{"rendered":"<p>Selon un tout r\u00e9cent sondage, 67% des Fran\u00e7ais sont oppos\u00e9s \u00e0 la discrimination positive. http:\/\/www.leparisien.fr\/politique\/integration-67-des-francais-opposes-a-la-discrimination-positive-07-02-2014-3569901.php C\u2019est un signe dont devrait tenir compte le gouvernement Ayrault, qui tient compte d\u00e9j\u00e0 de tant de choses : quand le Premier ministre d\u00e9voilera, mardi, ses propositions pour une int\u00e9gration (on se souvient que le rapport incendiaire mis directement en [&hellip;]<\/p>\n","protected":false},"author":6,"featured_media":0,"comment_status":"open","ping_status":"open","sticky":false,"template":"","format":"standard","meta":{"footnotes":""},"categories":[1],"tags":[164,17,11,113,165,166],"class_list":{"0":"post-443","1":"post","2":"type-post","3":"status-publish","4":"format-standard","6":"category-non-classe","7":"tag-discrimination-positive","8":"tag-ecole","9":"tag-peillon","10":"tag-racisme","11":"tag-sondage","12":"tag-taubira"},"_links":{"self":[{"href":"https:\/\/blog.causeur.fr\/bonnetdane\/wp-json\/wp\/v2\/posts\/443","targetHints":{"allow":["GET"]}}],"collection":[{"href":"https:\/\/blog.causeur.fr\/bonnetdane\/wp-json\/wp\/v2\/posts"}],"about":[{"href":"https:\/\/blog.causeur.fr\/bonnetdane\/wp-json\/wp\/v2\/types\/post"}],"author":[{"embeddable":true,"href":"https:\/\/blog.causeur.fr\/bonnetdane\/wp-json\/wp\/v2\/users\/6"}],"replies":[{"embeddable":true,"href":"https:\/\/blog.causeur.fr\/bonnetdane\/wp-json\/wp\/v2\/comments?post=443"}],"version-history":[{"count":0,"href":"https:\/\/blog.causeur.fr\/bonnetdane\/wp-json\/wp\/v2\/posts\/443\/revisions"}],"wp:attachment":[{"href":"https:\/\/blog.causeur.fr\/bonnetdane\/wp-json\/wp\/v2\/media?parent=443"}],"wp:term":[{"taxonomy":"category","embeddable":true,"href":"https:\/\/blog.causeur.fr\/bonnetdane\/wp-json\/wp\/v2\/categories?post=443"},{"taxonomy":"post_tag","embeddable":true,"href":"https:\/\/blog.causeur.fr\/bonnetdane\/wp-json\/wp\/v2\/tags?post=443"}],"curies":[{"name":"wp","href":"https:\/\/api.w.org\/{rel}","templated":true}]}}