{"id":445,"date":"2014-02-23T19:17:26","date_gmt":"2014-02-23T19:17:26","guid":{"rendered":"http:\/\/blog.causeur.fr\/bonnetdane\/?p=445"},"modified":"2021-04-22T18:53:05","modified_gmt":"2021-04-22T16:53:05","slug":"le-chenapan-au-centre","status":"publish","type":"post","link":"https:\/\/blog.causeur.fr\/bonnetdane\/le-chenapan-au-centre-445","title":{"rendered":"Le chenapan au centre"},"content":{"rendered":"<p>Cette semaine, <em>Marianne<\/em> se fend d\u2019un long article sur \u00ab ces enfants qui nous pourrissent la vie \u00bb. Et d\u2019\u00e9voquer les in\u00e9vitables anecdotes sur les petits malappris qui renversent les verres de l\u2019ap\u00e9ro entre copains, escagassent les h\u00f4tesses de l\u2019air (ou les paisibles voyageurs de TGV), et le \u00ab march\u00e9 \u00bb des sales gosses, march\u00e9 plein de \u00ab supernannies \u00bb et autres redresseuses de monstres.<\/p>\n<p>Au m\u00eame moment nous arrivent de Su\u00e8de des nouvelles revigorantes \u00e0 l\u2019aube des \u00e9lections europ\u00e9ennes : les Scandinaves ont leur propre \u00e9pid\u00e9mie d\u2019enfants-rois, et n\u2019osent plus rien dire \u00e0 cette marmaille d\u00e9cha\u00een\u00e9e :<br \/>\nhttp:\/\/www.slate.fr\/monde\/83599\/suede-generation-education-enfant-roi<\/p>\n<p>Le mal vient de plus loin \u2014 de chez Philippe Meirieu.<br \/>\nD\u00e8s 2008, le grand pontife de l\u2019IUFM de Lyon d\u00e9peignait, dans une conf\u00e9rence \u00e0 Neuch\u00e2tel, la mont\u00e9e des insolences des moins de seize ans :<br \/>\nhttp:\/\/www.hep-bejune.ch\/recherche\/conferences\/lenfant-roi-lenfant-sujet<br \/>\n(2008)<br \/>\nEt le candidat \u00e0 la d\u00e9putation \/ au minist\u00e8re de l\u2019Education \/ aux R\u00e9gionales \/ au S\u00e9nat (rayez les mentions d\u00e9sormais obsol\u00e8tes) est revenu lui aussi sur le concept :<br \/>\nhttp:\/\/www.meirieu.com\/ARTICLES\/esprit-attention.pdf<br \/>\nEncore et encore :<\/p>\n<div class=\"youtube-embed\" data-video_id=\"HY7EgaEarew\"><iframe loading=\"lazy\" title=\"Conf\u00e9rence de Philippe Meirieu &quot; De l&#039;enfant-consommateur \u00e0 l&#039;enfant-citoyen : quelle \u00e9ducation? &quot;\" width=\"696\" height=\"522\" src=\"https:\/\/www.youtube.com\/embed\/HY7EgaEarew?list=UUvZ6Vi8YZDWrQ0c036kNl9w\" frameborder=\"0\" allow=\"accelerometer; autoplay; clipboard-write; encrypted-media; gyroscope; picture-in-picture\" allowfullscreen><\/iframe><\/div>\n<p>Que dit l\u2019illustrissimo fachino, comme on disait de Mazarin ?<br \/>\n\u00ab Nous vivons, pour la premi\u00e8re fois, dans une soci\u00e9t\u00e9 o\u00f9 l&rsquo;immense majorit\u00e9 des enfants qui viennent au monde sont des enfants d\u00e9sir\u00e9s. Cela entra\u00eene un renversement radical : jadis, la famille \u00ab\u00a0faisait des enfants\u00a0\u00bb, aujourd&rsquo;hui, c&rsquo;est l&rsquo;enfant qui fait la famille. En venant combler notre d\u00e9sir, l&rsquo;enfant a chang\u00e9 de statut et est devenu notre ma\u00eetre : nous ne pouvons rien lui refuser, au risque de devenir de \u00ab\u00a0mauvais parents\u00a0\u00bb&#8230;<br \/>\nCe ph\u00e9nom\u00e8ne a \u00e9t\u00e9 enr\u00f4l\u00e9 par le lib\u00e9ralisme marchand : la soci\u00e9t\u00e9 de consommation met, en effet, \u00e0 notre disposition une infinit\u00e9 de gadgets que nous n&rsquo;avons qu&rsquo;\u00e0 acheter pour satisfaire les caprices de notre prog\u00e9niture.<br \/>\nCette conjonction entre un ph\u00e9nom\u00e8ne d\u00e9mographique et l&rsquo;\u00e9mergence du caprice mondialis\u00e9, dans une \u00e9conomie qui fait de la pulsion d&rsquo;achat la matrice du comportement humain, \u00e9branle les configurations traditionnelles du syst\u00e8me scolaire.<br \/>\nPour avoir enseign\u00e9 r\u00e9cemment en CM2 apr\u00e8s une interruption de plusieurs ann\u00e9es, je n&rsquo;ai pas tant \u00e9t\u00e9 frapp\u00e9 par la baisse du niveau que par l&rsquo;extraordinaire difficult\u00e9 \u00e0 contenir une classe qui s&rsquo;apparente \u00e0 une cocotte-minute. \u00bb<\/p>\n<p>Ah, le retour du p\u00e9dagogue devant une classe qui l\u2019envoie pa\u00eetre par pure insouciance\u2026 Grand moment de d\u00e9lectation pour celles et ceux qui pensent qu\u2019il en va quand m\u00eame un tout petit peu de sa faute, au petit p\u00e8re de \u00ab l\u2019enfant au centre du syst\u00e8me \u00bb \u2014 il para\u00eet qu\u2019il regrette la formule aujourd\u2019hui : oui, comme l\u2019Ours de la fable regrette d\u2019avoir \u00e9cras\u00e9 la tronche de l\u2019Amateur de jardins. Oups, j\u2019ai merdu ! dit l\u2019Ours. Mince alors ! Une nouvelle g\u00e9n\u00e9ration perdue !<\/p>\n<p>Qu\u2019on me comprenne bien : je ne reproche pas \u00e0 Meirieu d\u2019avoir initi\u00e9 une p\u00e9dagogie qui aurait enfant\u00e9 le d\u00e9sordre. Non : il a promulgu\u00e9 la p\u00e9dagogie libertaire dont le n\u00e9o-lib\u00e9ralisme, qui est bien, comme il a fini par le comprendre, l\u2019initiateur et le profiteur de ce d\u00e9sordre, avait besoin pour enfanter les jeunes-tout-pour-ma-gueule qui sont aujourd\u2019hui les premiers consommateurs de tous les gadgets g\u00e9n\u00e9rateurs de fausse sociabilit\u00e9. Des autistes \u00e0 qui Facebook fait croire qu\u2019ils communiquent. Des demeur\u00e9s qui se croient sujets sous pr\u00e9texte qu\u2019ils crient plus fort que leurs bobos de parents (qui votent pour Meirieu et ses amis socialisto-lib\u00e9raux, tout se recoupe), alors qu\u2019ils sont de purs objets manipul\u00e9s par les marchands du temple et les amuseurs de la soci\u00e9t\u00e9 du spectacle.<br \/>\nIl y a enfant-roi et enfant-roi. Le petit Maghr\u00e9bin auquel des m\u00e8res b\u00e9ates refusent de donner un ordre, c\u2019est un enfant-roi classique, connu et convenu \u2014 et tant pis pour lui s\u2019il laisse ses petites et grandes s\u0153urs briller en classe, afin de lui dire Merde le moment venu. Mais le petit enfant g\u00e2t\u00e9, d\u00e9j\u00e0 pourri et fier de l\u2019\u00eatre, \u00e7a, c\u2019est une cr\u00e9ation de notre \u00e9poque formidable, comme disait Reiser. Et tous deux r\u00e9unis, le ca\u00efd qui se veut cancre et le cr\u00e9tin qui se croit malin font l\u2019\u00e9l\u00e8ve incontr\u00f4lable, celui qui refuse obstin\u00e9ment de s\u2019asseoir en classe et en avion, l\u2019\u00e9l\u00e8ve dont on ne teste plus que les comp\u00e9tences depuis que le Minist\u00e8re a renonc\u00e9 \u00e0 lui faire ingurgiter (quelle violence !) le moindre savoir.<br \/>\n\u00c0 noter que cet enfant-roi, ce petit sauvage (n\u2019en d\u00e9plaise \u00e0 Rousseau, l\u2019enfant n\u2019est pas bon \u2014 il est violence pure tant qu\u2019on ne lui a pas appris \u00e0 parler clairement et \u00e0 substituer les mots aux injures) n\u2019est que la caricature, comme tous les enfants, de cet adulte qui se croit roi parce qu\u2019on l\u2019a fait client. Le petit sauvage est l\u2019enfant des invasions barbares dont nous parlait jadis Denys Arcand dans un film exemplaire sur la fin du monde occidental.<br \/>\nParce que c\u2019est la fin d\u2019un monde qui s\u2019esquisse \u00e0 chaque grossi\u00e8ret\u00e9 prof\u00e9r\u00e9e, chaque affirmation de l\u2019individualisme dont les marchands sont parvenus \u00e0 nous faire croire qu\u2019il \u00e9tait une bonne chose \u2014 puisqu\u2019il faisait dispara\u00eetre ces deux notions centrales, si ancr\u00e9es pourtant durant des si\u00e8cles dans la culture fran\u00e7aise, que furent la Patrie et l\u2019Etat. Pauvres gens qui n\u2019avez pas compris qu\u2019\u00e0 l\u2019Etat r\u00e9publicain, qui vous a si longtemps permis de devenir ce que vous n\u2019\u00e9tiez pas encore, s\u2019est substitu\u00e9 l\u2019Etat anonyme des multinationales. Goldman Sachs forever ! Be yourself ! Ce monde-l\u00e0 parle globbish.<br \/>\nEt pendant ce temps-l\u00e0, Hollande am\u00e8ne Gattaz aux Am\u00e9riques, et cajole les patrons fran\u00e7ais exil\u00e9s en Californie \u2014 on les aurait vou\u00e9s aux g\u00e9monies, ou pire, en d\u2019autres temps plus h\u00e9ro\u00efques. Mais dor\u00e9navant, le h\u00e9ros est un trader \u2014 un loup pour le loup de Wall Street. Fric, o\u00f9 est ta victoire ?<br \/>\nQuant \u00e0 l\u2019amour, il s\u2019est quantifi\u00e9 en pornographie. Les m\u00eames jeunes violent les biens\u00e9ances et leurs copines. Carton plein.<br \/>\nC\u2019est qu\u2019ils ont \u00e9t\u00e9 \u00e9lev\u00e9s dans un monde en loques et fier de l\u2019\u00eatre, et ils en traduisent, dans leurs comportements les plus extr\u00eames, cette barbarie de chaque instant que nous croyons \u00eatre la civilisation avanc\u00e9e \u2014 si avanc\u00e9e qu\u2019elle pue d\u00e9j\u00e0 un peu.<br \/>\nPas tous, bien s\u00fbr \u2014 mais le mod\u00e8le s\u2019impose peu \u00e0 peu, et l\u2019Ecole joue son r\u00f4le dans cette capitulation globale. Complot, pensais-je jadis : m\u00eame pas. Nous avons l\u2019Ecole que nous m\u00e9ritons, et nous m\u00e9ritons m\u00eame pire : patience, le gouvernement socialo-lib\u00e9ral (qui s\u2019\u00e9tonnera que \u00e7a plaise aux bobos, puisqu\u2019il n\u2019y a d\u00e9sormais plus de classe ouvri\u00e8re, \u00e0 en croire Fran\u00e7ois Hollande ?) s\u2019en occupe.<\/p>\n<p>Jean-Paul Brighelli<\/p>\n","protected":false},"excerpt":{"rendered":"<p>Cette semaine, Marianne se fend d\u2019un long article sur \u00ab ces enfants qui nous pourrissent la vie \u00bb. Et d\u2019\u00e9voquer les in\u00e9vitables anecdotes sur les petits malappris qui renversent les verres de l\u2019ap\u00e9ro entre copains, escagassent les h\u00f4tesses de l\u2019air (ou les paisibles voyageurs de TGV), et le \u00ab march\u00e9 \u00bb des sales gosses, march\u00e9 [&hellip;]<\/p>\n","protected":false},"author":6,"featured_media":0,"comment_status":"open","ping_status":"open","sticky":false,"template":"","format":"standard","meta":{"footnotes":""},"categories":[1],"tags":[170,171,17,167,168,140,12,169],"class_list":{"0":"post-445","1":"post","2":"type-post","3":"status-publish","4":"format-standard","6":"category-non-classe","7":"tag-barbarie","8":"tag-denys-arcand","9":"tag-ecole","10":"tag-enfant","11":"tag-goldman-sachs","12":"tag-liberalisme","13":"tag-meirieu","14":"tag-pedagogie"},"_links":{"self":[{"href":"https:\/\/blog.causeur.fr\/bonnetdane\/wp-json\/wp\/v2\/posts\/445","targetHints":{"allow":["GET"]}}],"collection":[{"href":"https:\/\/blog.causeur.fr\/bonnetdane\/wp-json\/wp\/v2\/posts"}],"about":[{"href":"https:\/\/blog.causeur.fr\/bonnetdane\/wp-json\/wp\/v2\/types\/post"}],"author":[{"embeddable":true,"href":"https:\/\/blog.causeur.fr\/bonnetdane\/wp-json\/wp\/v2\/users\/6"}],"replies":[{"embeddable":true,"href":"https:\/\/blog.causeur.fr\/bonnetdane\/wp-json\/wp\/v2\/comments?post=445"}],"version-history":[{"count":0,"href":"https:\/\/blog.causeur.fr\/bonnetdane\/wp-json\/wp\/v2\/posts\/445\/revisions"}],"wp:attachment":[{"href":"https:\/\/blog.causeur.fr\/bonnetdane\/wp-json\/wp\/v2\/media?parent=445"}],"wp:term":[{"taxonomy":"category","embeddable":true,"href":"https:\/\/blog.causeur.fr\/bonnetdane\/wp-json\/wp\/v2\/categories?post=445"},{"taxonomy":"post_tag","embeddable":true,"href":"https:\/\/blog.causeur.fr\/bonnetdane\/wp-json\/wp\/v2\/tags?post=445"}],"curies":[{"name":"wp","href":"https:\/\/api.w.org\/{rel}","templated":true}]}}