{"id":465,"date":"2014-05-08T14:39:24","date_gmt":"2014-05-08T14:39:24","guid":{"rendered":"http:\/\/blog.causeur.fr\/bonnetdane\/?p=465"},"modified":"2021-04-22T18:50:04","modified_gmt":"2021-04-22T16:50:04","slug":"hollande-hamon-et-robespierre","status":"publish","type":"post","link":"https:\/\/blog.causeur.fr\/bonnetdane\/hollande-hamon-et-robespierre-465","title":{"rendered":"Hollande, Hamon et Robespierre"},"content":{"rendered":"<p>Le tout nouveau pr\u00e9sident UMP de la communaut\u00e9 urbaine de Marseille Provence M\u00e9tropole, Guy Teissier, vient d\u2019avoir une id\u00e9e : <a href=\"http:\/\/www.lamarseillaise.fr\/marseille\/societe\/28473-mazargues-le-felibre-plutot-que-la-revolution\">il veut d\u00e9baptiser la Place Robespierre<\/a>, sise dans le IX\u00e8me arrondissement de Marseille (\u00e0 Mazargues, pour ceux qui connaissent) et lui donner le nom des Nazet, amis du f\u00e9librige et de la culture proven\u00e7ale. C\u2019est la seconde fois qu\u2019on nous fait le coup \u2014 d\u00e9j\u00e0, en 1999\u2026<\/p>\n<p><a href=\"http:\/\/blog.causeur.fr\/bonnetdane\/files\/2014\/05\/RiwLYilHmfrCMvH-556x313-noPad.jpg\"><img loading=\"lazy\" decoding=\"async\" class=\"alignnone size-medium wp-image-470\" src=\"http:\/\/blog.causeur.fr\/bonnetdane\/files\/2014\/05\/RiwLYilHmfrCMvH-556x313-noPad-300x168.jpg\" alt=\"\" width=\"300\" height=\"168\" srcset=\"https:\/\/blog.causeur.fr\/bonnetdane\/wp-content\/uploads\/sites\/25\/2014\/05\/RiwLYilHmfrCMvH-556x313-noPad-300x168.jpg 300w, https:\/\/blog.causeur.fr\/bonnetdane\/wp-content\/uploads\/sites\/25\/2014\/05\/RiwLYilHmfrCMvH-556x313-noPad.jpg 556w\" sizes=\"auto, (max-width: 300px) 100vw, 300px\" \/><\/a><br \/>\nJ\u2019aime bien le f\u00e9librige, m\u00eame si le mouvement a fini par rassembler un grand nombre d\u2019imb\u00e9ciles heureux. Mais j\u2019aime encore plus Robespierre, sans lequel nous serions retomb\u00e9s dans une monarchie glauque (sans lequel il n\u2019y aurait pas eu Bonaparte ni de Code civil : c\u2019est au passage le fr\u00e8re dudit Robespierre qui a distingu\u00e9 \u00e0 Toulon le jeune officier d\u2019artillerie).<br \/>\nHorreur et putr\u00e9faction ! Signez vite <a href=\"https:\/\/www.change.org\/fr\/p\u00e9titions\/m-royer-perreaut-lionel-maire-du-5\u00e8me-secteur-de-marseille-ne-d\u00e9baptisez-pas-la-place-robespierre-\u00e0-marseille-9\u00e8me-arrondissement\">la p\u00e9tition mise en place par les amis de Robespierre<\/a>, de la Convention et de la R\u00e9publique. Il y a tr\u00e8s tr\u00e8s peu de rues ou places Robespierre, en France, alors que des rues Danton, l\u2019organisateur des massacres de septembre, on ne sait plus qu\u2019en faire.<br \/>\nLes informations sur l\u2019\u0153uvre exact de Maximilien ne vous sont pas n\u00e9cessaires, \u00f4 mes f\u00e9aux, mais cela va mieux en le disant :<\/p>\n<p>C\u2019est Robespierre qui pour la premi\u00e8re fois, \u00e0 la mi-d\u00e9cembre 1790, employa la formule \u00ab Libert\u00e9, Egalit\u00e9, Fraternit\u00e9 \u00bb.<br \/>\nC\u2019est lui qui a donn\u00e9 et propos\u00e9 la citoyennet\u00e9 pour les Juifs, qui a propos\u00e9 l\u2019abolition de l\u2019esclavage, qui a fait voter la reconnaissance des enfants naturels, le premier \u00e0 d\u00e9fendre le suffrage universel, le premier \u00e0 aborder le non cumul des mandats, le premier \u00e0 proposer le contr\u00f4le des prix de premi\u00e8re n\u00e9cessit\u00e9\u2026<br \/>\nQuant \u00e0 la Terreur qu\u2019on lui attribue\u2026<br \/>\nC\u2019est entendu, la guillotine fut la raison suffisante, comme disait Voltaire, de la mort de 15000 personnes \u2014 plus ou moins. C&rsquo;est entendu, il y eut quelques exc\u00e8s \u00e0 Lyon ou Nantes. Mais cette violence est peu, compar\u00e9e \u00e0 celle exerc\u00e9e pendant des si\u00e8cles par les Rois de France, qui cautionnaient les pires massacres et les tortures. Et tout adversaire que je sois aujourd\u2019hui de la peine de mort, je recontextualise \u2014 en 1793, un certain 21 janvier, qu\u2019en aurais-je pens\u00e9 ?<br \/>\nD\u2019autant que si l\u2019on cherchait les vrais responsables de la Terreur, il faudrait bien davantage lorgner vers Fouquier-Tinville, H\u00e9bert, Vadier ou Bar\u00e8re \u2014 l\u2019un des principaux responsables, aussi, de la r\u00e9pression vend\u00e9enne, et non Robespierre qui rappela Carrier d\u00e8s qu\u2019il fut mis au courant des fantaisies de ce dernier, qui faisait violenter les jeunes aristocrates du beau sexe par ses volontaires antillais, au cours d\u2019orgies m\u00e9morables \u2014 avant de les exp\u00e9dier dans la Loire pour les fameux \u00ab mariages r\u00e9publicains \u00bb. Bouh le vilain. M\u00eame que Robespierre l&rsquo;a fait guillotiner.<br \/>\nLe plus beau, c\u2019est que <a href=\"http:\/\/revolution-francaise.net\/2012\/03\/15\/476-robespierre-bourreau-de-la-vendee-une-splendide-lecon-danti-methode-historique\">la d\u00e9sinformation la plus abjecte r\u00e8gne chez les historiens<\/a>. Mais les historiens, hein\u2026<br \/>\nAlors, signez et faites signer la p\u00e9tition !<\/p>\n<p>Tout cela pour dire\u2026<br \/>\nAu m\u00eame moment, <a href=\"http:\/\/cocq.wordpress.com\/2014\/05\/06\/pour-ses-deux-ans-francois-hollande-a-bien-la-republique-pour-cible\/\">Hollande nous recompose la France du XVIII\u00e8me si\u00e8cle et ses provinces<\/a>. Sous pr\u00e9texte que 22 r\u00e9gions, c\u2019est 11 de trop. Efficacit\u00e9, \u00e9conomies, etc. Faire des r\u00e9gions \u00e0 \u00e9chelle europ\u00e9enne, bla-bla-bla. Le mod\u00e8le allemand, quoi.<br \/>\nEt Beno\u00eet Hamon s\u2019est empress\u00e9 de faire chorus, et <a href=\"http:\/\/cocq.wordpress.com\/2014\/04\/25\/hamon-territorialise-lecole-de-la-republique\/\">s\u2019appr\u00eate \u00e0 territorialiser l\u2019Education Nationale<\/a> \u2014 quand vous serez sous la tutelle exclusive des potentats locaux \u00e0 la Guy Teissier, vous ne viendrez pas me reprocher de ne pas vous avoir pr\u00e9venus. Les profs sous la f\u00e9rule des grandes intelligences r\u00e9gionales, recrutement et s\u00e9lection compris, ce sera int\u00e9ressant.<br \/>\nC\u2019est pour le coup que l\u2019on multipliera les options r\u00e9gionales au Bac \u2014 notez qu\u2019il y a d\u00e9j\u00e0 l\u2019option P\u00e9tanque en Provence et l\u2019option surf \u00e0 Biarritz. Des points en plus pour compenser les faiblesses en maths.<br \/>\nTout cela sent mauvais. Tr\u00e8s mauvais. Moi, j\u2019aurais la t\u00eate de Louis XVI \u2014 ah bon, vous n\u2019aviez pas remarqu\u00e9 ? \u2014, j\u2019y regarderais \u00e0 deux fois avant de r\u00e9tablir l\u2019Ancien R\u00e9gime. Qui sait si un nouveau Robespierre ne tra\u00eene pas par l\u00e0, \u00e0 Arras ou ailleurs\u2026<\/p>\n<p>Jean-Paul Brighelli<\/p>\n","protected":false},"excerpt":{"rendered":"<p>Le tout nouveau pr\u00e9sident UMP de la communaut\u00e9 urbaine de Marseille Provence M\u00e9tropole, Guy Teissier, vient d\u2019avoir une id\u00e9e : il veut d\u00e9baptiser la Place Robespierre, sise dans le IX\u00e8me arrondissement de Marseille (\u00e0 Mazargues, pour ceux qui connaissent) et lui donner le nom des Nazet, amis du f\u00e9librige et de la culture proven\u00e7ale. C\u2019est [&hellip;]<\/p>\n","protected":false},"author":6,"featured_media":0,"comment_status":"open","ping_status":"open","sticky":false,"template":"","format":"standard","meta":{"footnotes":""},"categories":[1],"tags":[226,225,224,33,222,223],"class_list":{"0":"post-465","1":"post","2":"type-post","3":"status-publish","4":"format-standard","6":"category-non-classe","7":"tag-ancien-regime","8":"tag-guy-teissier","9":"tag-hamon","10":"tag-hollande","11":"tag-robespierre","12":"tag-terreur"},"_links":{"self":[{"href":"https:\/\/blog.causeur.fr\/bonnetdane\/wp-json\/wp\/v2\/posts\/465","targetHints":{"allow":["GET"]}}],"collection":[{"href":"https:\/\/blog.causeur.fr\/bonnetdane\/wp-json\/wp\/v2\/posts"}],"about":[{"href":"https:\/\/blog.causeur.fr\/bonnetdane\/wp-json\/wp\/v2\/types\/post"}],"author":[{"embeddable":true,"href":"https:\/\/blog.causeur.fr\/bonnetdane\/wp-json\/wp\/v2\/users\/6"}],"replies":[{"embeddable":true,"href":"https:\/\/blog.causeur.fr\/bonnetdane\/wp-json\/wp\/v2\/comments?post=465"}],"version-history":[{"count":0,"href":"https:\/\/blog.causeur.fr\/bonnetdane\/wp-json\/wp\/v2\/posts\/465\/revisions"}],"wp:attachment":[{"href":"https:\/\/blog.causeur.fr\/bonnetdane\/wp-json\/wp\/v2\/media?parent=465"}],"wp:term":[{"taxonomy":"category","embeddable":true,"href":"https:\/\/blog.causeur.fr\/bonnetdane\/wp-json\/wp\/v2\/categories?post=465"},{"taxonomy":"post_tag","embeddable":true,"href":"https:\/\/blog.causeur.fr\/bonnetdane\/wp-json\/wp\/v2\/tags?post=465"}],"curies":[{"name":"wp","href":"https:\/\/api.w.org\/{rel}","templated":true}]}}