{"id":469,"date":"2014-05-12T11:07:55","date_gmt":"2014-05-12T11:07:55","guid":{"rendered":"http:\/\/blog.causeur.fr\/bonnetdane\/?p=469"},"modified":"2021-04-22T18:50:04","modified_gmt":"2021-04-22T16:50:04","slug":"marseillaise-et-consequences","status":"publish","type":"post","link":"https:\/\/blog.causeur.fr\/bonnetdane\/marseillaise-et-consequences-469","title":{"rendered":"Marseillaise et cons\u00e9quences"},"content":{"rendered":"<p><a href=\"http:\/\/blog.causeur.fr\/bonnetdane\/files\/2014\/05\/PHOf3452a00-d910-11e3-bc5f-fefe346fb06b-805x4531.jpg\"><img loading=\"lazy\" decoding=\"async\" class=\"alignnone size-medium wp-image-475\" src=\"http:\/\/blog.causeur.fr\/bonnetdane\/files\/2014\/05\/PHOf3452a00-d910-11e3-bc5f-fefe346fb06b-805x4531-300x168.jpg\" alt=\"\" width=\"300\" height=\"168\" srcset=\"https:\/\/blog.causeur.fr\/bonnetdane\/wp-content\/uploads\/sites\/25\/2014\/05\/PHOf3452a00-d910-11e3-bc5f-fefe346fb06b-805x4531-300x168.jpg 300w, https:\/\/blog.causeur.fr\/bonnetdane\/wp-content\/uploads\/sites\/25\/2014\/05\/PHOf3452a00-d910-11e3-bc5f-fefe346fb06b-805x4531.jpg 805w\" sizes=\"auto, (max-width: 300px) 100vw, 300px\" \/><\/a>\u00ab Karaok\u00e9 d\u2019op\u00e9rette \u00bb, dit-elle : non contente de ne pas chanter l\u2019hymne national en m\u00e9moire de l\u2019abolition de l\u2019esclavage, Christiane Taubira avoue ne pas en conna\u00eetre les paroles. De surcro\u00eet, <a href=\"http:\/\/www.lefigaro.fr\/politique\/le-scan\/couacs\/2014\/05\/11\/25005-20140511ARTFIG00116-marseillaise-taubira-revendique-de-ne-pas-participer-au-karaoke-d-estrade.php\">elle a revendiqu\u00e9 son abstention<\/a>\u00a0et s\u2019est fendue d\u2019un long <a href=\"https:\/\/www.facebook.com\/ChristianeTaubira\/posts\/669950779744741\">plaidoyer pro domo sur Facebook<\/a>. Ah, pour \u00eatre moderne, elle l\u2019est \u2014 mais elle n\u2019est pas ministre de tous les Fran\u00e7ais : son attitude exclut tous ceux qui croient que la Marseillaise, n\u00e9e au moment o\u00f9 la R\u00e9volution abolissait justement l\u2019esclavage, n\u2019est pas le chant commun de tous les Fran\u00e7ais.<br \/>\nM\u00eame <em><a href=\"http:\/\/www.liberation.fr\/politiques\/2014\/05\/12\/taubira-la-marseillaise-et-le-karaoke_1015393\">Lib\u00e9<\/a><\/em> traite l\u2019\u00e9v\u00e9nement du bout des l\u00e8vres \u2014 incapables qu\u2019ils sont, rue B\u00e9ranger, d\u2019appuyer les propos incoh\u00e9rents du ministre (et non de \u00ab la \u00bb ministre, va apprendre le fran\u00e7ais, patate !).<\/p>\n<p>Et ce matin, sur BFM.TV, Beno\u00eet Hamon (h\u00e9, faudrait peut-\u00eatre donner l\u2019exemple aux m\u00f4mes !) fait chorus, si je puis dire : \u00abA ce moment-l\u00e0, je ne la chante pas non plus, comme la plupart des autres ministres. Parce qu\u2019elle est chant\u00e9e par une soliste et qu\u2019on ne veut pas ajouter notre voix dessus. Dans ces moments-l\u00e0, la Marseillaise inspire le recueillement. Je ne comprends pas qu\u2019on fasse ce proc\u00e8s \u00e0 Taubira et pas \u00e0 moi.\u00bb<\/p>\n<p>Nous savions que nous avions globalement un gouvernement de gougnafiers. Mais l\u00e0\u2026<\/p>\n<p>Qu\u2019on se rappelle.<br \/>\nLe 6 octobre 2001, la rencontre France-Alg\u00e9rie d\u00e9rapait, <a href=\"https:\/\/www.youtube.com\/watch?v=I0RrhBrMXbw\">d\u00e8s les hymnes<\/a>.<br \/>\nEt Chirac, bien inspir\u00e9, pr\u00e9f\u00e9rait quitter le Parc des Princes. M\u00eame \u00e9v\u00e9nement lors du <a href=\"http:\/\/www.lepoint.fr\/actualites-societe\/2008-10-15\/apres-la-marseillaise-sifflee-a-france-tunisie-sarkozy-convoque\/920\/0\/282596\">France-Tunisie d\u2019octobre 2008<\/a>.\u00a0Mais qu\u2019est-ce que nous avons fait \u00e0 ces Fran\u00e7ais qui se disent \u00ab indig\u00e8nes de la R\u00e9publique \u00bb pour qu\u2019ils se croient tout permis ? Qu\u2019est-ce que l\u2019Ecole a n\u00e9glig\u00e9 de leur enseigner ? \u00ab H\u00e9, respecte-moi, toi, le bolos \u00bb \u2014 mais tu n\u2019es pas respectable, crapule ! Tu es un sous-produit de ce que l\u2019Ecole en d\u00e9sh\u00e9rence a fait de pire. Et je te d\u00e9nie le droit de dire quoi que ce soit. Parce que je suis un R\u00e9publicain, mais pas un ventre mou de d\u00e9mocrate.<br \/>\nQuand je pense que certains p\u00e9dagogues leur ont donn\u00e9 le droit de s\u2019exprimer\u2026<br \/>\nAlors oui, Taubira d\u00e9mission ! Et vite ! Et tout de suite ! Ce ministre est indigne. Ce gouvernement est indigne.<br \/>\nMais je parie que \u00e7a fera encore un peu jaser dans les gazettes, sans qu\u2019il ne se passe rien \u2014 d\u2019ailleurs, il ne se passe rien, sinon que les pauvres sont encore plus pauvres, et que les riches se gavent \u2014 pendant que les bobos pensent que Mme Taubira, parce qu\u2019elle a donn\u00e9 des gages au lobby LGBT, est une femme de gauche. Du spectacle, pour la soci\u00e9t\u00e9 du m\u00eame nom. Pas m\u00eame une trag\u00e9die : une farce.<br \/>\nQuand m\u00eame ! Etre oblig\u00e9 de reconna\u00eetre que Jean-Fran\u00e7ois Cop\u00e9 ou Florian Philippot ont eu ce matin des r\u00e9actions appropri\u00e9es, quoi qu\u2019on puisse penser d\u2019eux\u2026 Il fallait le PS pour donner, chaque jour, plus de cr\u00e9dibilit\u00e9 aux repr\u00e9sentants de la droite la plus dure\u2026<br \/>\n\u00c7a va se payer dans les urnes, aux Europ\u00e9ennes \u2014 comme le reste. J\u2019y reviendrai dans deux ou trois jours.<\/p>\n<p>Jean-Paul Brighelli<\/p>\n<p>&nbsp;<\/p>\n<p>PS. Pour une faute bien moindre de Nicolas Sarkozy, la France intellectuelle s&rsquo;est lanc\u00e9e dans des <a href=\"http:\/\/www.liberation.fr\/societe\/2009\/02\/16\/un-marathon-lecture-de-la-princesse-de-cleves-pour-sarkozy_589\">lectures publiques<\/a> de <em>la Princesse de Cl\u00e8ves<\/em>. J&rsquo;appelle de mes v\u0153ux un karaok\u00e9 g\u00e9ant place Vend\u00f4me, pour apprendre au ministre les paroles exactes de la Marseillaise.<\/p>\n<p>PPS. Parmi les innombrables boulots de n\u00e8gre que j&rsquo;ai faits, j&rsquo;ai r\u00e9dig\u00e9 un magnifique livre (magnifique par sa mise en page et la richesse des informations) sur la Marseillaise en 1989 \u2014 pour le Bicentenaire, sign\u00e9 <a href=\"http:\/\/www.priceminister.com\/nav\/Livres\/kw\/frederic+robert+la+marseillaise\">Fr\u00e9d\u00e9ric Robert<\/a>. On y apprend entre autres que Danielle Casanova, pour laquelle j&rsquo;ai un immense respect (et pas uniquement parce qu&rsquo;elle \u00e9tait corse ou qu&rsquo;un bateau porte son nom !) dopait ses co-d\u00e9tenues, \u00e0 Auschwitz, en leur faisant entonner la Marseillaise, que P\u00e9tain avait fait interdire. Rien que pour \u00e7a\u2026<\/p>\n<p>Et puis\u2026 Le souvenir de <em><a href=\"https:\/\/www.youtube.com\/watch?v=KTsg9i6lvqU\">Casablanca<\/a><\/em>\u2026<\/p>\n","protected":false},"excerpt":{"rendered":"<p>\u00ab Karaok\u00e9 d\u2019op\u00e9rette \u00bb, dit-elle : non contente de ne pas chanter l\u2019hymne national en m\u00e9moire de l\u2019abolition de l\u2019esclavage, Christiane Taubira avoue ne pas en conna\u00eetre les paroles. De surcro\u00eet, elle a revendiqu\u00e9 son abstention\u00a0et s\u2019est fendue d\u2019un long plaidoyer pro domo sur Facebook. Ah, pour \u00eatre moderne, elle l\u2019est \u2014 mais elle n\u2019est [&hellip;]<\/p>\n","protected":false},"author":6,"featured_media":474,"comment_status":"open","ping_status":"open","sticky":false,"template":"","format":"standard","meta":{"footnotes":""},"categories":[1],"tags":[228,224,227,166],"class_list":{"0":"post-469","1":"post","2":"type-post","3":"status-publish","4":"format-standard","5":"has-post-thumbnail","7":"category-non-classe","8":"tag-esclavage","9":"tag-hamon","10":"tag-marseillaise","11":"tag-taubira"},"_links":{"self":[{"href":"https:\/\/blog.causeur.fr\/bonnetdane\/wp-json\/wp\/v2\/posts\/469","targetHints":{"allow":["GET"]}}],"collection":[{"href":"https:\/\/blog.causeur.fr\/bonnetdane\/wp-json\/wp\/v2\/posts"}],"about":[{"href":"https:\/\/blog.causeur.fr\/bonnetdane\/wp-json\/wp\/v2\/types\/post"}],"author":[{"embeddable":true,"href":"https:\/\/blog.causeur.fr\/bonnetdane\/wp-json\/wp\/v2\/users\/6"}],"replies":[{"embeddable":true,"href":"https:\/\/blog.causeur.fr\/bonnetdane\/wp-json\/wp\/v2\/comments?post=469"}],"version-history":[{"count":0,"href":"https:\/\/blog.causeur.fr\/bonnetdane\/wp-json\/wp\/v2\/posts\/469\/revisions"}],"wp:featuredmedia":[{"embeddable":true,"href":"https:\/\/blog.causeur.fr\/bonnetdane\/wp-json\/wp\/v2\/media\/474"}],"wp:attachment":[{"href":"https:\/\/blog.causeur.fr\/bonnetdane\/wp-json\/wp\/v2\/media?parent=469"}],"wp:term":[{"taxonomy":"category","embeddable":true,"href":"https:\/\/blog.causeur.fr\/bonnetdane\/wp-json\/wp\/v2\/categories?post=469"},{"taxonomy":"post_tag","embeddable":true,"href":"https:\/\/blog.causeur.fr\/bonnetdane\/wp-json\/wp\/v2\/tags?post=469"}],"curies":[{"name":"wp","href":"https:\/\/api.w.org\/{rel}","templated":true}]}}