{"id":47,"date":"2006-11-04T10:45:08","date_gmt":"2006-11-04T10:45:08","guid":{"rendered":"http:\/\/blog.causeur.fr\/bonnetdane\/?p=47"},"modified":"2021-04-22T18:54:00","modified_gmt":"2021-04-22T16:54:00","slug":"iufm-mon-amour","status":"publish","type":"post","link":"https:\/\/blog.causeur.fr\/bonnetdane\/iufm-mon-amour-47","title":{"rendered":"IUFM mon amour"},"content":{"rendered":"<p>La loi Fillon fait obligation aux universit\u00e9s de s&rsquo;incorporer les Instituts Universitaires de Formation des Ma\u00eetres (\u00e0 moins que ce soit le contraire, et que l&rsquo;on ne somme les IUFM de s&rsquo;int\u00e9grer aux Facs\u2026). Quoi qu&rsquo;il en soit, quelque chose de d\u00e9finitif est sur le point de se passer.<br \/>Apr\u00e8s avoir longtemps hurl\u00e9 \u00e0 l&rsquo;ind\u00e9pendance, lesdits IUFM mettent la p\u00e9dale douce sur la protestation. C&rsquo;est que nombre de bras cass\u00e9s qui y enseignent voient dans cette int\u00e9gration une opportunit\u00e9 majeure : se faire valider massivement comme Ma\u00eetres de conf\u00e9rence \u2014 une situation inesp\u00e9r\u00e9e pour tous ceux qui n&rsquo;ont en fait de dipl\u00f4mes qu&rsquo;une recherche h\u00e2tive en \u00ab\u00a0sciences de l&rsquo;\u00e9ducation\u00a0\u00bb, dont on ne soulignera jamais assez que c&rsquo;est une contradiction dans les termes\u2026<br \/>Les Pr\u00e9sidents d&rsquo;universit\u00e9, qui dans un premier temps ont pens\u00e9 qu&rsquo;ils allaient se voir attribuer la manne financi\u00e8re desdits Instituts (un \u00e9tudiant d&rsquo;IUFM co\u00fbte \u00e0 la nation plus de 16 000 euros par an, contre un peu plus de 6000 pour un \u00e9tudiant standard \u2014 une occasion en or, se sont dit certains, de mettre leur beurre dans nos \u00e9pinards) devraient y penser \u00e0 deux fois : rien ne leur garantit que les titularisations des intervenants en IUFM ne se feraient pas au d\u00e9triment du quota g\u00e9n\u00e9ral de postes attribu\u00e9s \u00e0 leur universit\u00e9 \u2014 et dans certains cas, cela g\u00e8lerait toute cr\u00e9ation de poste pour des ann\u00e9es\u2026<br \/>De nombreuses questions restent en suspens. La formation aujourd&rsquo;hui dispens\u00e9e dans les IUFM doit-elle \u00e9choir d\u00e9sormais aux universitaires de la Fac de rattachement ? Les universit\u00e9s ont toujours \u00e9t\u00e9 jalouses, et \u00e0 bon droit, de la formation CAPES \/ Agr\u00e9gation (tant qu&rsquo;il reste une agr\u00e9gation, mais les P\u00e9dad\u00e9magogues y mettront bient\u00f4t bon ordre, eux qui ne veulent voir qu&rsquo;une seule t\u00eate et une seule formation\u2026). R\u00e9cup\u00e8reront-elles les heures attribu\u00e9es aux IUFM \u00e0 cet effet ? Peut-on raisonnablement, dans cette hypoth\u00e8se, continuer \u00e0 supporter, pour les n\u00e9o-certifi\u00e9s ou n\u00e9o-agr\u00e9g\u00e9s, la tutelle p\u00e9dagogique d&rsquo;instituts qui, au moins pour les premiers, ont la capacit\u00e9 de refuser toute brebis galeuse ? D&rsquo;ailleurs, est-il bien raisonnable d&rsquo;obliger les futurs profs \u00e0 subir, des heures durant, des cours auxquels ils trouvent peu de satisfaction ?<br \/>\u00c0 terme, la formation des \u00ab\u00a0professeurs des \u00e9coles\u00a0\u00bb ne pourrait-elle pas \u00eatre rationalis\u00e9e \u2014 sous la houlette majoritaire ou exclusive d&rsquo;enseignants du Sup\u00e9rieur ma\u00eetres de leurs disciplines respectives, d\u00e9barrassant enfin la formation du surpoids de la p\u00e9dagogie triomphante ?<br \/>Autant de questions auxquelles je n&rsquo;ai pas de r\u00e9ponse pr\u00e9con\u00e7ue \u2014 la note ci-dessus \u00e9tant, comme chacun l&rsquo;aura remarqu\u00e9, particuli\u00e8rement neutre\u2026<br \/>\u00c0 vous, usagers de l&rsquo;IUFM, de r\u00e9pondre. Nous attendons vos t\u00e9moignages, vos suggestions, vos remarques. Vos cours sont-ils satisfaisants ? Comment les am\u00e9liorer \u2014 \u00e9entuellement ? Les programmes mis en \u0153uvre correspondent-ils aux contraintes de vos futurs m\u00e9tiers ? Futurs instituteurs, presque certifi\u00e9s et quasi agr\u00e9g\u00e9s, quelle \u00e9volution pensez-vous souhaitable, pour ces Instituts ? <br \/>Toutes les remarques sont bienvenues, dans quelque sens qu&rsquo;elles aillent. Et je veux bien, si une majorit\u00e9 nette se dessine en faveur des IUFM, remballer mes critiques \u2014 mais ai-je vraiment formul\u00e9 des critiques ?<br \/>JPB<\/p>\n","protected":false},"excerpt":{"rendered":"<p>La loi Fillon fait obligation aux universit\u00e9s de s&rsquo;incorporer les Instituts Universitaires de Formation des Ma\u00eetres (\u00e0 moins que ce soit le contraire, et que l&rsquo;on ne somme les IUFM de s&rsquo;int\u00e9grer aux Facs\u2026). Quoi qu&rsquo;il en soit, quelque chose de d\u00e9finitif est sur le point de se passer.Apr\u00e8s avoir longtemps hurl\u00e9 \u00e0 l&rsquo;ind\u00e9pendance, lesdits [&hellip;]<\/p>\n","protected":false},"author":6,"featured_media":0,"comment_status":"open","ping_status":"open","sticky":false,"template":"","format":"standard","meta":{"footnotes":""},"categories":[1],"tags":[],"class_list":{"0":"post-47","1":"post","2":"type-post","3":"status-publish","4":"format-standard","6":"category-non-classe"},"_links":{"self":[{"href":"https:\/\/blog.causeur.fr\/bonnetdane\/wp-json\/wp\/v2\/posts\/47","targetHints":{"allow":["GET"]}}],"collection":[{"href":"https:\/\/blog.causeur.fr\/bonnetdane\/wp-json\/wp\/v2\/posts"}],"about":[{"href":"https:\/\/blog.causeur.fr\/bonnetdane\/wp-json\/wp\/v2\/types\/post"}],"author":[{"embeddable":true,"href":"https:\/\/blog.causeur.fr\/bonnetdane\/wp-json\/wp\/v2\/users\/6"}],"replies":[{"embeddable":true,"href":"https:\/\/blog.causeur.fr\/bonnetdane\/wp-json\/wp\/v2\/comments?post=47"}],"version-history":[{"count":0,"href":"https:\/\/blog.causeur.fr\/bonnetdane\/wp-json\/wp\/v2\/posts\/47\/revisions"}],"wp:attachment":[{"href":"https:\/\/blog.causeur.fr\/bonnetdane\/wp-json\/wp\/v2\/media?parent=47"}],"wp:term":[{"taxonomy":"category","embeddable":true,"href":"https:\/\/blog.causeur.fr\/bonnetdane\/wp-json\/wp\/v2\/categories?post=47"},{"taxonomy":"post_tag","embeddable":true,"href":"https:\/\/blog.causeur.fr\/bonnetdane\/wp-json\/wp\/v2\/tags?post=47"}],"curies":[{"name":"wp","href":"https:\/\/api.w.org\/{rel}","templated":true}]}}