{"id":472,"date":"2014-05-18T17:08:43","date_gmt":"2014-05-18T17:08:43","guid":{"rendered":"http:\/\/blog.causeur.fr\/bonnetdane\/?p=472"},"modified":"2021-04-22T18:50:04","modified_gmt":"2021-04-22T16:50:04","slug":"une-sale-odeur-deurope","status":"publish","type":"post","link":"https:\/\/blog.causeur.fr\/bonnetdane\/une-sale-odeur-deurope-472","title":{"rendered":"Une sale odeur d&rsquo;Europe"},"content":{"rendered":"<p>F\u00eate des M\u00e8res aidant, et nonobstant le fait que ce soit une initiative p\u00e9tainiste, je cherchais un cadeau \u00e0 faire \u00e0 la mienne \u2014 80 ans, bon pied bon \u0153il, mais elle ne para\u00eet gu\u00e8re plus \u00e2g\u00e9e que moi, coquette imp\u00e9nitente, fort peu ancr\u00e9e dans le pass\u00e9 mais cultivant la nostalgie \u00e0 ses heures \u2014 et g\u00e2t\u00e9e par mon p\u00e8re au-del\u00e0 de l\u2019imaginable, ce qui rend la question des cadeaux toujours d\u00e9licate.<br \/>\nAlors je me suis rappel\u00e9 une sc\u00e8ne d\u2019enfance \u2014 une senteur plut\u00f4t. Une fra\u00eecheur \u2014 le c\u00f4t\u00e9 \u00ab le presbyt\u00e8re n\u2019a rien perdu de son charme ni le jardin de son \u00e9clat \u00bb. Le parfum de la dame en pied-de-poule \u2014 c\u2019\u00e9tait \u00e0 la mode dans les ann\u00e9es 1950. Quand l\u2019Europe en \u00e9tait aux balbutiements, \u00e0 la Communaut\u00e9 du charbon et de l\u2019acier, au Benelux, aux embrassades De Gaulle-Adenauer, bref, l\u2019Histoire se faisait. Et Balmain (Germaine Cellier, en fait) avait os\u00e9, \u00e0 la Lib\u00e9ration, pousser jusqu\u2019\u00e0 la limite l\u2019usage du garbanum (une racine moyen-orientale, un truc insupportable en l\u2019\u00e9tat), en composition avec de la rose et du jasmin (la rose, mal mani\u00e9e, a tout du d\u00e9odorant pour toilettes, mais pouss\u00e9e \u00e0 son climax cela produit Joy, le parfum-phare de Patou). La fragrance s\u2019appelait Vent Vert. Un d\u00e9lice.<br \/>\nJ\u2019ai acquis un flacon et je l\u2019ai offert \u2014 par la Poste, avec quelques jours d\u2019avance \u2014 \u00e0 ma g\u00e9nitrice\u2026<br \/>\nErreur fatale. Coup de fil imm\u00e9diat \u2014 pas pour me morig\u00e9ner, n\u2019exag\u00e9rons pas, mais parce que le Vent Vert d\u2019aujourd\u2019hui n\u2019a plus rien \u00e0 voir avec celui d\u2019autrefois.<br \/>\nAh bon ? On peut modifier compl\u00e8tement la texture d\u2019un parfum mythique ? Le N\u00b05 ne serait plus qu\u2019un 5 bis ? Miss Dior serait d\u00e9pucel\u00e9e ? Et l\u2019Heure bleue s\u2019est d\u00e9color\u00e9e ?<br \/>\nEh bien oui \u2014 <a href=\"http:\/\/www.elle.fr\/Beaute\/Dossiers-beaute\/Parfums\/La-fin-des-parfums-cultes-2179048\">gr\u00e2ce \u00e0 l\u2019Europe<\/a>.<\/p>\n<p>Les ingr\u00e9dients qui composaient les grands parfums mythiques sont de plus en plus souvent interdits tout bonnement par les r\u00e8glements europ\u00e9ens. Thierry Wasser (responsable des parfums chez Guerlain) s\u2019insurge : \u00ab Avec leurs directives, ils vont finir par tuer Nah\u00e9ma [eau de parfum de Guerlain] car sa teneur en rose est jug\u00e9e excessive. Ils ont d\u00e9j\u00e0 tu\u00e9 Parure [m\u00eame cr\u00e9ateur] de plusieurs coups mortels en interdisant le bouleau pyrog\u00e9n\u00e9, la mousse de ch\u00eane et le lyral qui lui donnait sa note de muguet. \u00bb Il suffit d\u00e9sormais qu\u2019une Polonaise se plaigne d\u2019irritations, qu\u2019un Slov\u00e8ne ait le nez qui coule dans le cou de sa copine, pour que l\u2019Europe s\u2019insurge et interdise tel ou tel produit \u2014 sans compter ceux qui viennent d\u2019esp\u00e8ces animales que les lobbies \u00e9colos prot\u00e8gent. La r\u00e9glementation \u00e9volue \u00e0 toute allure, et interdira bient\u00f4t tous les grands parfums fran\u00e7ais \u2014 resteront ces eaux de toilette standardis\u00e9es, vaguement citronn\u00e9es, qui envahissent les march\u00e9s (et surtout les supermarch\u00e9s). Abus du dogme du principe de pr\u00e9caution. Une \u00ab \u00e9tude scientifique \u00bb pointe du doigt la pr\u00e9sence d\u2019\u00e9l\u00e9ments allerg\u00e8nes dans Chanel n\u00b05 \u2014 et <a href=\"http:\/\/www.france24.com\/fr\/20121102-bruxelles-interdira-pas-le-parfum-chanel-allergies-parfumerie-union-europe\/\">les bonnes \u00e2mes s\u2019insurgent<\/a> que la Commission europ\u00e9enne n\u2019ait pas encore interdit la plus c\u00e9l\u00e8bre cr\u00e9ation de Coco \u2014 ou Dior Addict, \u00e9galement dans la ligne de mire. On ne les interdit pas \u2014 on les banalise. L\u2019Europe aime les produits pasteuris\u00e9s, c\u2019est vrai pour les fromages, c\u2019est vrai pour les parfums \u2014 deux produits typiquement fran\u00e7ais, comme c\u2019est bizarre\u2026<\/p>\n<p>Les parfums, formules secr\u00e8tes n\u00e9es de quelques nez, ne sont pas d\u00e9pos\u00e9s, pour mieux prot\u00e9ger leur secret et leur myst\u00e8re. Chaque marque tire dans son coin, et les grands parfumeurs sont d\u00e9sunis face aux l\u00e9gislateurs. Que certains produits interdits dans les parfums soient toujours autoris\u00e9s dans la nourriture en dit long sur le poids des groupes de pression \u2014 et qu\u2019est-ce que cette Europe livr\u00e9e aux influences des trusts ?<br \/>\nJe d\u00e9nie aux l\u00e9gislateurs le droit d\u2019intervenir sur mes souvenirs d\u2019enfance. Je vais voter contre, contre les partis pr\u00eats \u00e0 voter Joncker ou Schultz, contre l\u2019Europe d\u00e9natur\u00e9e tricot\u00e9e en trente ans par les eurocrates, contre l\u2019Europe qui m\u2019interdit de voguer sur le parfum comme l\u2019\u00e2me des autres hommes sur la musique\u2014 comme disait Baudelaire.<br \/>\nAnecdotique ? Peut-\u00eatre. Mais significatif. L\u2019Europe de l\u2019UMPS, je ne peux plus la sentir \u2014 litt\u00e9ralement. Quitte \u00e0 parodier Camus\u00a0: \u00ab\u00a0Si on me donne \u00e0 choisir entre l\u2019Europe et ma m\u00e8re, je choisis ma m\u00e8re\u00a0\u00bb. D\u00e9sol\u00e9 pour ma m\u00e8re, qui a v\u00e9cu la construction de l\u2019Europe \u2014 qu\u2019elle appelait de ses v\u0153ux, au sortir de la guerre \u2014 et qui s\u2019appr\u00eate \u00e0 voter pour la moins europhile des listes, d\u00e9sol\u00e9 pour Vent Vert, qui ne sera plus jamais, par la faute de quelques d\u00e9cideurs bruxellois, ni ce que je sentais sur elle, ni ce qu\u2019elle se rappelait.<\/p>\n<p>Jean-Paul Brighelli<\/p>\n","protected":false},"excerpt":{"rendered":"<p>F\u00eate des M\u00e8res aidant, et nonobstant le fait que ce soit une initiative p\u00e9tainiste, je cherchais un cadeau \u00e0 faire \u00e0 la mienne \u2014 80 ans, bon pied bon \u0153il, mais elle ne para\u00eet gu\u00e8re plus \u00e2g\u00e9e que moi, coquette imp\u00e9nitente, fort peu ancr\u00e9e dans le pass\u00e9 mais cultivant la nostalgie \u00e0 ses heures \u2014 [&hellip;]<\/p>\n","protected":false},"author":6,"featured_media":0,"comment_status":"open","ping_status":"open","sticky":false,"template":"","format":"standard","meta":{"footnotes":""},"categories":[1],"tags":[233,237,236,239,212,235,238,240,234],"class_list":{"0":"post-472","1":"post","2":"type-post","3":"status-publish","4":"format-standard","6":"category-non-classe","7":"tag-balmain","8":"tag-chanel","9":"tag-dior","10":"tag-elections-europeennes","11":"tag-europe","12":"tag-guerlain","13":"tag-parfums","14":"tag-principe-de-precaution","15":"tag-vent-vert"},"_links":{"self":[{"href":"https:\/\/blog.causeur.fr\/bonnetdane\/wp-json\/wp\/v2\/posts\/472","targetHints":{"allow":["GET"]}}],"collection":[{"href":"https:\/\/blog.causeur.fr\/bonnetdane\/wp-json\/wp\/v2\/posts"}],"about":[{"href":"https:\/\/blog.causeur.fr\/bonnetdane\/wp-json\/wp\/v2\/types\/post"}],"author":[{"embeddable":true,"href":"https:\/\/blog.causeur.fr\/bonnetdane\/wp-json\/wp\/v2\/users\/6"}],"replies":[{"embeddable":true,"href":"https:\/\/blog.causeur.fr\/bonnetdane\/wp-json\/wp\/v2\/comments?post=472"}],"version-history":[{"count":0,"href":"https:\/\/blog.causeur.fr\/bonnetdane\/wp-json\/wp\/v2\/posts\/472\/revisions"}],"wp:attachment":[{"href":"https:\/\/blog.causeur.fr\/bonnetdane\/wp-json\/wp\/v2\/media?parent=472"}],"wp:term":[{"taxonomy":"category","embeddable":true,"href":"https:\/\/blog.causeur.fr\/bonnetdane\/wp-json\/wp\/v2\/categories?post=472"},{"taxonomy":"post_tag","embeddable":true,"href":"https:\/\/blog.causeur.fr\/bonnetdane\/wp-json\/wp\/v2\/tags?post=472"}],"curies":[{"name":"wp","href":"https:\/\/api.w.org\/{rel}","templated":true}]}}