{"id":477,"date":"2014-05-26T05:42:40","date_gmt":"2014-05-26T05:42:40","guid":{"rendered":"http:\/\/blog.causeur.fr\/bonnetdane\/?p=477"},"modified":"2021-04-22T18:50:04","modified_gmt":"2021-04-22T16:50:04","slug":"quatrieme-reich","status":"publish","type":"post","link":"https:\/\/blog.causeur.fr\/bonnetdane\/quatrieme-reich-477","title":{"rendered":"Quatri\u00e8me Reich"},"content":{"rendered":"<p>La France (et pas mal d\u2019autres pays europ\u00e9ens, surtout ceux du Sud \u2014 qui s\u2019en \u00e9tonnera ?) vient donc de se livrer \u00e0 un exercice \u00e9lectoral \u00e0 vis\u00e9e interne, \u00e0 propos d\u2019un scrutin europ\u00e9en. Ce qui fait dire \u00e0 ce glorieux imb\u00e9cile de Jos\u00e9 Bov\u00e9 que ce scrutin est nul et non avenu \u2014 ce qui revient \u00e0 peu pr\u00e8s \u00e0 mettre la poussi\u00e8re sous le tapis. \u00ab Ce n\u2019est pas une \u00e9lection \u00e0 valeur nationale, c\u2019est un scrutin europ\u00e9en, et au niveau europ\u00e9en, ce sont les Europ\u00e9anistes qui ont gagn\u00e9 \u00bb : tels sont les \u00ab \u00e9l\u00e9ments de langage \u00bb que les \u00e9tats-majors, bien oblig\u00e9s, ont fourni dimanche soir, dans l\u2019urgence, \u00e0 leurs troupes. Pauvres pignoufs !<br \/>\nCette \u00e9lection a pris en France, et un peu partout en Europe, des allures de pl\u00e9biscite national. La d\u00e9mocratie dont tous ces d\u00e9mocrates se gargarisent n\u2019a pas la possibilit\u00e9 de s\u2019exprimer sous forme officielle de r\u00e9f\u00e9rendum ? Eh bien, le peuple souverain a saut\u00e9 sur la premi\u00e8re occasion de manifester son opposition aux gougnafiers qui nous gouvernent \u2014 et le terme inclut pour moi aussi bien le PS, retomb\u00e9 dans les eaux basses du marigot o\u00f9 s\u2019abreuvent les \u00e9l\u00e9phants, que l\u2019UMP, incapable de capitaliser sur l\u2019effondrement du parti au pouvoir, absent de toute la campagne des Europ\u00e9ennes, et d\u00e9chir\u00e9 de querelles intestines qu\u2019aucun Spasfon id\u00e9ologique n\u2019apaisera.<br \/>\n\u00c0 vrai dire, le PS a fait de son mieux pour \u00e9liminer pr\u00e9ventivement l\u2019UMP du jeu europ\u00e9en, persuad\u00e9 qu\u2019il \u00e9tait que la strat\u00e9gie visant \u00e0 faire croire qu\u2019il est la seule alternative au FN est la bonne pour remporter, \u00e0 terme, la pr\u00e9sidentielle de 2017. On n\u2019a vu ou entendu que des d\u00e9bats PS \/ FN \u2014 et les m\u00e9dias aux ordres ont complaisamment n\u00e9glig\u00e9 d\u2019inviter l\u2019UMP \u00e0 ces joutes. C\u2019\u00e9tait une id\u00e9e d\u2019escrocs, qui ne voyaient plus d\u2019autre strat\u00e9gie gagnante que cette bipolarisation nouvelle.<br \/>\nRetour de flammes : avant m\u00eame cette \u00e9ch\u00e9ance, le peuple vient de lui signifier qu\u2019en cas de duel avec Marine Le Pen, et malgr\u00e9 les plaisanteries naus\u00e9abondes de Jean-Marie (qui doivent faire bondir Philippot, \u00e0 moins qu\u2019il ne pense que ces roulements d\u2019\u00e9paules pour bistrot du Commerce ne cristallisent dans leurs convictions la petite portion de fachos qui constitue la vieille garde du parti bleu-marine), Hollande II sera balay\u00e9 avant m\u00eame de r\u00e9gner, quoi qu\u2019en pensent les bobos parisiens qui ne passent jamais le p\u00e9riph, et ne vont en province que dans le Luberon.<br \/>\nLe soir m\u00eame, Jean-Claude Juncker se proclamait d\u00e9j\u00e0 \u00e9lu \u00e0 la t\u00eate de la commission europ\u00e9enne. Les soubresauts fran\u00e7ais (ou danois, ou espagnols, ou anglais, ou italiens, ou hongrois, ou\u2026) lui importent peu : une grande petite ambition satisfaite le remplit d\u2019aise. S\u00fbr que \u00e7a va nous faire aimer l&rsquo;Europe !<br \/>\nQui ne voit que si les gouvernants ne tiennent pas imm\u00e9diatement compte du vote de dimanche, soit en changeant radicalement de politique, et en cessant de nous saigner pour rembourser une dette qui ne peut l\u2019\u00eatre, soit en d\u00e9missionnant et en appelant \u00e0 de nouvelles \u00e9lections \u00e0 la proportionnelle, \u00e7a va se passer dans la rue ? Qu\u2019aucun gouvernement ne peut tenir encore trois ans sur des bases aussi minces \u2014 parce que la popularit\u00e9 s\u2019effrite de fa\u00e7on exponentielle, ils devraient le savoir, une fois que le mouvement est lanc\u00e9, et que l\u2019on ne remonte pas d\u2019une d\u00e9saffection : c\u2019est le propre des passions de ne pas r\u00e9fl\u00e9chir, et ces imb\u00e9ciles croient intelligents d\u2019adresser au d\u00e9sespoir des signaux \u00ab raisonnables \u00bb \u2014 moins de petits Fran\u00e7ais impos\u00e9s, ce qui signifie \u00e9videmment que ce sont les classes moyennes qui paieront pour les autres (et comptez sur le FN pour expliquer pos\u00e9ment qui sont les autres). Nous glissons tout doucement vers une guerre civile qui ne dira pas son nom, via des milices d\u2019auto-d\u00e9fense, des pogroms discrets et autres joyeuset\u00e9s dont l\u2019Allemagne de Weimar pourrissante nous a donn\u00e9 l\u2019exemple. Une guerre civile molle qui engloutira ce qui reste de r\u00e9publicain, et dont nous ne sortirons qu\u2019au prix d\u2019un grand carnage de valeurs.<br \/>\nPendant ce temps, Merkel sur son petit nuage se fiche pas mal de ce qui se passe chez les voisins. Elle a gagn\u00e9 dans son pays, elle couronnera demain Juncker, son homme-lige, et pr\u00e9tendra gouverner l\u2019Europe comme elle a gouvern\u00e9 la Gr\u00e8ce. Deustchland \u00fcber alles est de retour \u2014 il fallait bien qu\u2019un jour ou l\u2019autre, les Allemands fassent payer le prix de 1945. Le Japon a fait de m\u00eame en conqu\u00e9rant tranquillement l\u2019Am\u00e9rique dans les ann\u00e9es 1970-1980. C\u2019est de bonne gu\u00e9guerre.<br \/>\nC\u2019est \u00e0 ce Quatri\u00e8me Reich, le Reich des grands int\u00e9r\u00eats bancaires, du lib\u00e9ralisme pontifiant, que les Fran\u00e7ais viennent de dire non : additionnez les voix du FN, celles du Front de Gauche, qui n\u2019en pense pas moins, et celles de Dupont-Aignan, et vous avez 40% de r\u00e9volt\u00e9s qui crachent sur l\u2019Europe des trusts financiers. Ce Non ne sera pas entendu \u2014 parce que le PS croit pouvoir surfer jusqu\u2019en 2017, et que l\u2019UMP, d\u2019ici l\u00e0, aura \u00e9clat\u00e9 en factions sanguinaires. Il ne sera pas entendu, et c\u2019est dans la rue que \u00e7a va se passer.<\/p>\n<p>Jean-Paul Brighelli<\/p>\n","protected":false},"excerpt":{"rendered":"<p>La France (et pas mal d\u2019autres pays europ\u00e9ens, surtout ceux du Sud \u2014 qui s\u2019en \u00e9tonnera ?) vient donc de se livrer \u00e0 un exercice \u00e9lectoral \u00e0 vis\u00e9e interne, \u00e0 propos d\u2019un scrutin europ\u00e9en. Ce qui fait dire \u00e0 ce glorieux imb\u00e9cile de Jos\u00e9 Bov\u00e9 que ce scrutin est nul et non avenu \u2014 ce [&hellip;]<\/p>\n","protected":false},"author":6,"featured_media":0,"comment_status":"open","ping_status":"open","sticky":false,"template":"","format":"standard","meta":{"footnotes":""},"categories":[1],"tags":[212,241,125,124,242],"class_list":{"0":"post-477","1":"post","2":"type-post","3":"status-publish","4":"format-standard","6":"category-non-classe","7":"tag-europe","8":"tag-europeennes","9":"tag-fn","10":"tag-ps","11":"tag-ump"},"_links":{"self":[{"href":"https:\/\/blog.causeur.fr\/bonnetdane\/wp-json\/wp\/v2\/posts\/477","targetHints":{"allow":["GET"]}}],"collection":[{"href":"https:\/\/blog.causeur.fr\/bonnetdane\/wp-json\/wp\/v2\/posts"}],"about":[{"href":"https:\/\/blog.causeur.fr\/bonnetdane\/wp-json\/wp\/v2\/types\/post"}],"author":[{"embeddable":true,"href":"https:\/\/blog.causeur.fr\/bonnetdane\/wp-json\/wp\/v2\/users\/6"}],"replies":[{"embeddable":true,"href":"https:\/\/blog.causeur.fr\/bonnetdane\/wp-json\/wp\/v2\/comments?post=477"}],"version-history":[{"count":0,"href":"https:\/\/blog.causeur.fr\/bonnetdane\/wp-json\/wp\/v2\/posts\/477\/revisions"}],"wp:attachment":[{"href":"https:\/\/blog.causeur.fr\/bonnetdane\/wp-json\/wp\/v2\/media?parent=477"}],"wp:term":[{"taxonomy":"category","embeddable":true,"href":"https:\/\/blog.causeur.fr\/bonnetdane\/wp-json\/wp\/v2\/categories?post=477"},{"taxonomy":"post_tag","embeddable":true,"href":"https:\/\/blog.causeur.fr\/bonnetdane\/wp-json\/wp\/v2\/tags?post=477"}],"curies":[{"name":"wp","href":"https:\/\/api.w.org\/{rel}","templated":true}]}}