{"id":479,"date":"2014-06-01T06:21:06","date_gmt":"2014-06-01T06:21:06","guid":{"rendered":"http:\/\/blog.causeur.fr\/bonnetdane\/?p=479"},"modified":"2021-04-22T18:50:04","modified_gmt":"2021-04-22T16:50:04","slug":"le-hollandisme-maladie-infantile-du-socialisme","status":"publish","type":"post","link":"https:\/\/blog.causeur.fr\/bonnetdane\/le-hollandisme-maladie-infantile-du-socialisme-479","title":{"rendered":"Le hollandisme, maladie infantile du socialisme"},"content":{"rendered":"<p>Jean-Pierre le Goff, dont le petit doigt est \u00e0 lui seul plus cultiv\u00e9, politiquement parlant, que l\u2019ensemble du gouvernement, s\u2019est r\u00e9cemment fendu d\u2019une analyse de la politique \u00ab soci\u00e9tale \u00bb du gouvernement dont je ne saurais trop recommander la lecture aux gens intelligents qui viennent faire un tour sur Bonnetdane. Voir<\/p>\n<p><a href=\"http:\/\/www.comite-valmy.org\/spip.php?article4281\">http:\/\/www.comite-valmy.org\/spip.php?article4281<\/a><\/p>\n<p>L\u2019auteur de <em>La Barbarie douce<\/em> (1999 \u2014 remarquable analyse de ce qu\u2019une certaine gauche p\u00e9dago a fait de l\u2019\u00e9cole, sous pr\u00e9texte de faire r\u00e9ussir tout le monde \u00e0 l\u2019occasion de la semaine des quatre jeudis) y dissipe avec une grande rigueur le rideau de fum\u00e9e qu\u2019un parti social-d\u00e9mocrate \u2014 le PS et ses alli\u00e9s \u2014, qui a renonc\u00e9 \u00e0 tout vrai principe de gauche, a d\u00e9velopp\u00e9 pour camoufler le fait qu\u2019il a renonc\u00e9 \u00e0 toute intervention cr\u00e9dible dans le domaine \u00e9conomique \u2014 le seul susceptible de faire bouillir la marmite des damn\u00e9s de la terre \u2014 et classes moyennes comprises, cela finit par faire du monde.<br \/>\nR\u00e9sumons : les lois sur le mariage gay, par exemple, sont des manifestations typiques de ce gauchisme culturel que d\u00e9non\u00e7ait L\u00e9nine en 1920 \u2014 une d\u00e9viation qui sous pr\u00e9texte de \u00ab puret\u00e9 \u00bb r\u00e9volutionnaire, feint d&rsquo;oublier que le facteur \u00e9conomique est d\u00e9terminant en derni\u00e8re instance \u2014 et pas l\u2019autorisation de passer ou non devant un maire (et, <em>in fine<\/em>, devant un juge aux Affaires familiales), ou l\u2019affirmation un peu p\u00e9remptoire qu\u2019un double cunni peut engendrer des b\u00e9b\u00e9s (ou en donne l\u2019autorisation, ce qui revient au m\u00eame). Ce qui aurait \u00e9t\u00e9 vraiment r\u00e9volutionnaire (un terme incompatible avec les lib\u00e9raux au pouvoir, nous sommes bien d\u2019accord), c\u2019e\u00fbt \u00e9t\u00e9 de proclamer la non-n\u00e9cessit\u00e9 du mariage bourgeois, et l\u2019\u00e9galit\u00e9 des droits pour tous : le prol\u00e9tariat, qui n\u2019avait pas les moyens de s\u2019offrir une dot, a invent\u00e9 l\u2019union libre de fait bien avant que les pseudo-libertaires ne s\u2019en emparent.<br \/>\nLe Goff ou moi \u2014 question de g\u00e9n\u00e9ration \u2014 avons exp\u00e9riment\u00e9 jusqu\u2019au d\u00e9go\u00fbt les impasses du gauchisme culturel, qui \u00e0 se vouloir pur et sans compromission avec les \u00ab partis bourgeois \u00bb (c\u2019est tout le sens de la diatribe de L\u00e9nine) a fini par sombrer dans la collaboration de classe la plus honteuse : on \u00e9vite de s\u2019allier au P\u00a0\u00bbC\u00a0\u00bbF, comme on \u00e9crivait \u00e0 l&rsquo;\u00e9poque, on critique le Programme commun, on se croit r\u00e9volutionnaire parce qu\u2019on lit le <em>Monde<\/em> et on finit suceur de barreau de chaise \u00e0 <em>Lib\u00e9<\/em> ou publiciste chez\u2026 Publicis. Ou prof sur le Net, jusqu\u2019auboutiste des causes les plus vari\u00e9es et les plus avari\u00e9es qui n\u2019ont jamais qu\u2019un seul objet (et la plupart de leurs thurif\u00e9raires ont si peu de conscience politique qu\u2019ils ne s\u2019en aper\u00e7oivent pas) : d\u00e9fendre l\u2019\u00e9tat des choses, la r\u00e9partition actuelle du capital, la \u00ab rigueur budg\u00e9taire \u00bb et l\u2019Europe de Juncker-Schultz.<br \/>\nQuitte \u00e0 para\u00eetre plus l\u00e9niniste que Vladimir Ilitch, je voudrais le r\u00e9p\u00e9ter encore et encore : le seul probl\u00e8me, c\u2019est de donner \u00e0 manger \u00e0 ceux qui ont faim. Et cela fait du monde, en France m\u00eame : on s\u2019occupera du reste du monde ult\u00e9rieurement, l\u2019alter-mondialisme est une d\u00e9viation majeure qui permet de se pr\u00e9occuper des \u00ab \u00e9trangers \u00bb, des primo-arrivants, des manouches et de ceux qui croient que Yannick Noah est un artiste, au lieu d\u2019imposer une politique qui redonne au moins l\u2019espoir de grignoter un peu de l\u2019immense fortune fran\u00e7aise \u2014 la redistribution oui, les r\u00e9formes Taubira (la femme qui ne sait pas chanter la Marseillaise, et encore moins l\u2019Internationale) non.<br \/>\nEvidemment, il est plus simple d\u2019amuser le peuple, via des journalistes incomp\u00e9tents et \/ ou complices, avec des \u00e9crans de fum\u00e9e, en esp\u00e9rant que cela vous donnera une chance en 2017, qu\u2019avec une r\u00e9duction visible des in\u00e9galit\u00e9s.<\/p>\n<p>Au passage je pr\u00e9f\u00e8re \u00eatre dans ma peau que dans celle de Thomas Piketty, qui s\u2019est d\u00e9carcass\u00e9 \u00e0 prouver \u00e0 ses anciens amis qu\u2019une autre politique \u00e9conomique est n\u00e9cessaire (et possible), et qui est le plus grand cocu de l\u2019arriv\u00e9e de la \u00ab Gauche \u00bb au pouvoir et qui a bien compris, en allant vendre sa salade aux USA, qu\u2019il est possible de travailler avec des capitalistes intelligents, en attendant de prendre le pouvoir pour de bon, mais pas avec des \u00ab socialistes \u00bb fran\u00e7ais obs\u00e9d\u00e9s par les sondages, aveugl\u00e9s d\u2019ambitions minuscules et de mauvaise foi \u2014 d\u00e9finitivement disqualifi\u00e9s.<br \/>\nM\u00e9lenchon a rat\u00e9 le coche : \u00e0 faire du Parti de Gauche le v\u00e9hicule d\u2019une ambition personnelle, il n\u2019est pas parvenu \u00e0 pr\u00e9senter ses propositions \u00e9conomiques comme une solution aux difficult\u00e9s croissantes des Fran\u00e7ais. La seule qui a capitalis\u00e9 sur le sentiment intense de frustration, c\u2019est Marine Le Pen. Calcul ou retournement, le FN tient ces temps-ci un discours anti-capitaliste tr\u00e8s dr\u00f4le \u00e0 entendre, pour qui se rappelle ses prises de position ultra-lib\u00e9rales d\u2019il y a quelques ann\u00e9es. De m\u00eame, il (ou le Comit\u00e9 Racine qui th\u00e9orise pour lui) a sur l\u2019Ecole des positions que 90% des profs approuvent, en le disant ou sans le dire \u2014 et les 10% qui restent sont juste les hommes-liges du PS et des Verts, ceux qui ont ou qui esp\u00e8rent des positions compatibles avec leur petitesse conceptuelle, pas avec le bien public, et certainement pas avec celui des \u00e9l\u00e8ves.<br \/>\nAlors soyons tout \u00e0 fait clair : si demain je pense qu\u2019une alliance tactique avec des partis de droite (un ticket Jupp\u00e9-Bayrou, mais aussi bien un infl\u00e9chissement du Bleu-Marine) peut faire avancer la cause de ceux qui souffrent r\u00e9ellement, victimes des d\u00e9graissages des grandes entreprises, de la politique de d\u00e9flation syst\u00e9matique, ou des pr\u00e9textes d\u00e9magogico-p\u00e9dagogiques qui th\u00e9orisent le succ\u00e8s de tous afin de r\u00e9aliser la r\u00e9ussite des m\u00eames, eh bien je m\u2019allierai, et sans un battement de cils. Parce que toute alliance avec le PS est devenue impossible (et depuis plusieurs ann\u00e9es, depuis l\u2019\u00e8re Jospin en fait), et que persister \u00e0 se vouloir \u00ab de gauche \u00bb avec les guignols sanglants qui nous gouvernent est une entreprise illusoire : la Droite est aujourd\u2019hui \u2014 parce que les uns sont en crise, et que les autres ont faim de pouvoir \u2014 le v\u00e9hicule le plus commode des ambitions r\u00e9ellement r\u00e9volutionnaires.<\/p>\n<p>Jean-Paul Brighelli<\/p>\n","protected":false},"excerpt":{"rendered":"<p>Jean-Pierre le Goff, dont le petit doigt est \u00e0 lui seul plus cultiv\u00e9, politiquement parlant, que l\u2019ensemble du gouvernement, s\u2019est r\u00e9cemment fendu d\u2019une analyse de la politique \u00ab soci\u00e9tale \u00bb du gouvernement dont je ne saurais trop recommander la lecture aux gens intelligents qui viennent faire un tour sur Bonnetdane. Voir http:\/\/www.comite-valmy.org\/spip.php?article4281 L\u2019auteur de La [&hellip;]<\/p>\n","protected":false},"author":6,"featured_media":0,"comment_status":"open","ping_status":"open","sticky":false,"template":"","format":"standard","meta":{"footnotes":""},"categories":[1],"tags":[125,245,33,244,140,243],"class_list":{"0":"post-479","1":"post","2":"type-post","3":"status-publish","4":"format-standard","6":"category-non-classe","7":"tag-fn","8":"tag-gauchisme","9":"tag-hollande","10":"tag-lenine","11":"tag-liberalisme","12":"tag-socialisme"},"_links":{"self":[{"href":"https:\/\/blog.causeur.fr\/bonnetdane\/wp-json\/wp\/v2\/posts\/479","targetHints":{"allow":["GET"]}}],"collection":[{"href":"https:\/\/blog.causeur.fr\/bonnetdane\/wp-json\/wp\/v2\/posts"}],"about":[{"href":"https:\/\/blog.causeur.fr\/bonnetdane\/wp-json\/wp\/v2\/types\/post"}],"author":[{"embeddable":true,"href":"https:\/\/blog.causeur.fr\/bonnetdane\/wp-json\/wp\/v2\/users\/6"}],"replies":[{"embeddable":true,"href":"https:\/\/blog.causeur.fr\/bonnetdane\/wp-json\/wp\/v2\/comments?post=479"}],"version-history":[{"count":0,"href":"https:\/\/blog.causeur.fr\/bonnetdane\/wp-json\/wp\/v2\/posts\/479\/revisions"}],"wp:attachment":[{"href":"https:\/\/blog.causeur.fr\/bonnetdane\/wp-json\/wp\/v2\/media?parent=479"}],"wp:term":[{"taxonomy":"category","embeddable":true,"href":"https:\/\/blog.causeur.fr\/bonnetdane\/wp-json\/wp\/v2\/categories?post=479"},{"taxonomy":"post_tag","embeddable":true,"href":"https:\/\/blog.causeur.fr\/bonnetdane\/wp-json\/wp\/v2\/tags?post=479"}],"curies":[{"name":"wp","href":"https:\/\/api.w.org\/{rel}","templated":true}]}}