{"id":489,"date":"2014-06-28T15:01:19","date_gmt":"2014-06-28T15:01:19","guid":{"rendered":"http:\/\/blog.causeur.fr\/bonnetdane\/?p=489"},"modified":"2021-04-22T18:50:03","modified_gmt":"2021-04-22T16:50:03","slug":"hors-concours","status":"publish","type":"post","link":"https:\/\/blog.causeur.fr\/bonnetdane\/hors-concours-489","title":{"rendered":"Hors concours"},"content":{"rendered":"<p>Au grand concours de la B\u00eatise de la semaine, il y a bien sur Beno\u00eet Hamon qui a l\u2019air de penser qu\u2019une<a href=\"http:\/\/www.leparisien.fr\/societe\/reforme-de-l-evaluation-hamon-veut-stimuler-au-lieu-de-decourager-23-06-2014-3946939.php\"> faute grammaticale et une faute syntaxique sont intrins\u00e8quement diff\u00e9rentes<\/a>. Mais je voudrais ici saluer un sommet, atteint ces derniers jours, en commentaire sur l\u2019affaire Bonnemaison, par un multi-r\u00e9cidiviste, Bernard Kouchner.<\/p>\n<p>Interrog\u00e9 sur ce qu\u2019il pensait du d\u00e9licat probl\u00e8me de l\u2019euthanasie, le french doctor ex-PS ex-Sarko-boy s\u2019est exclam\u00e9 : \u00ab \u00ab N\u2019employons plus jamais le mot \u00ab euthanasie \u00bb. D&rsquo;abord, il y a le mot nazi dedans, ce qui n&rsquo;est pas tr\u00e8s gentil. Et puis on a tout de suite l&rsquo;impression qu&rsquo;il y a une agression, qu&rsquo;on va forcer les gens \u00bb. Si ! C&rsquo;est <a href=\"http:\/\/www.lemonde.fr\/sante\/article\/2014\/06\/26\/kouchner-veut-bannir-le-terme-euthanasie_4446012_1651302.html\">l\u00e0<\/a>. Profitez bien de la vid\u00e9o.<br \/>\nHmm\u2026 Que je sache, le bon docteur Bonnemaison ne les achevait pas au gaz, mais au curare.<\/p>\n<p>Mais Kouchner tenait \u00e0 remporter \u00e0 la fois la palme de la khonnerie hebdomadaire (ou mensuelle, ou peut-\u00eatre annuelle : avant d\u2019en retrouver une de ce format\u2026) tout en pulv\u00e9risant le Point Godwin. Euthanazie ! Sachant que les parents de Kouchner ont \u00e9t\u00e9 malheureusement d\u00e9port\u00e9s \u00e0 Auschwitz en 1944, qu\u2019aurait pens\u00e9 Lacan d\u2019un tel mot-valise ?<\/p>\n<p>\u00c0 noter qu\u2019il donne des id\u00e9es.<\/p>\n<p>Les lyc\u00e9ens du Bac S dont je parlais dans ma derni\u00e8re chronique, ceux qui se plaignaient de la trop grande rigueur de l\u2019\u00e9preuve de maths, ont sans dout\u00e9 \u00e9t\u00e9 trop mathis\u00e9s.<\/p>\n<p>Mon chat, Whisky, a des puces. Lorsque je le passe au peigne fin, irai-je jusqu\u2019\u00e0 appeler cela un d\u00e9pucepelage ? Et dysorthographier, est-ce caresser \u00e0 rebrousse-poils le chat des aiguilles ?<br \/>\nEt pour en rester aux chats, on sait qu\u2019ils abhorrent les enfants. C\u2019est normal, les chats sont des gastronomes \u00e0 heures fixes, qui r\u00e9pugnent au mou tard. Enfin, Whisky a quelques puces : c\u2019est mieux que la France, qui ne manque pas de polytiques.<br \/>\nQuant \u00e0 mon ordinateur, il a commenc\u00e9 par des puces, et maintenant il a des bugs : c\u2019est parce que je m\u2019en sers comme d\u2019un pense-petites-b\u00eates.<\/p>\n<p>Je parlais il y a peu du <em>Petit Fictionnaire illustr\u00e9<\/em> d\u2019Alain Finkielkraut, o\u00f9 l\u2019on trouve le \u00ab sapotage \u00bb \u2014 \u00ab soupe servie froide intentionnellement \u00bb. Bernard Kouchner nous expliquera un jour que cette soupe froide se mitonne sur du gaz pas chaud. Sans rire.<\/p>\n<p>Ou que les sales gosses qui pissent sur les colonnes de fourmis pratiquent la formication \u2014 une forme fr\u00e9quente de sexualit\u00e9 enfantine\u2026<\/p>\n<p>Pour en revenir au curare du docteur Bonnemaison, je m\u2019\u00e9tonne que ce d\u00e9tail n\u2019ait pas excit\u00e9 la verge \u2014 pardon, la verve \u2014 de l\u2019ex-ministre. Le cul rare est tr\u00e8s appr\u00e9ci\u00e9 des sodomites \u2014 petites b\u00eates ravageuses des fonds de culottes\u2026<\/p>\n<p>Franchement, qu\u2019un m\u00e9decin de cette g\u00e9n\u00e9ration (on y faisait encore des \u00e9tudes s\u00e9rieuses, le latin et le grec \u00e9taient les langues de r\u00e9f\u00e9rence des carabins d\u2019autrefois) semble ignorer que l\u2019euthanasie, c\u2019est la \u00ab bonne mort \u00bb (eh oui, il en est des moins go\u00fbteuses\u2026), c\u2019est \u00e0 se taper la t\u00eate contre les murs (je pr\u00e9cise, dans ce contexte, qu\u2019un fondu encha\u00een\u00e9 n\u2019est pas forc\u00e9ment un fou sous camisole). Peut-\u00eatre est-ce l\u2019\u00e2ge \u2014 \u00ab le pourrissement de certaines cellules peu connues \u00bb, comme disait Boris Vian. Faut-il d\u00e9j\u00e0 lui rappeler qu\u2019un ectoplasme n\u2019est pas une plaquette sanguine de 100 grammes ?<\/p>\n<p>La v\u00e9rit\u00e9, c\u2019est qu\u2019on ne l\u2019avait pas film\u00e9 depuis un certain temps, et que les cam\u00e9ras lui manquaient. On se souvient de son affectation \u00e0 attendre le soleil d\u2019apr\u00e8s-midi pour d\u00e9barquer du riz en Somalie : <a href=\"http:\/\/www.youtube.com\/watch?v=jxc9tS0ymsc\">c\u2019est \u00e0 1mn40<\/a>, \u00e0 se passer en boucle.<\/p>\n<p>\u00c0 l\u2019\u00e9poque il repr\u00e9sentait Mitterrand. Plus tard, il a repr\u00e9sent\u00e9 Sarko. Maintenant qu\u2019il ne repr\u00e9sente plus que lui-m\u00eame, il en est \u00e0 faire des calembours d\u00e9biles. Ah, c\u2019est pas b\u00f4 de vieillir !<\/p>\n<p>Jean-Paul Brighelli<\/p>\n<p>&nbsp;<\/p>\n<p>PS. Assez d\u00e9cod\u00e9. Signez et faites signer la <a href=\"http:\/\/www.marianne.net\/Laicite-il-est-temps-de-se-ressaisir-_a239732.html\">p\u00e9tition sur la la\u00efcit\u00e9<\/a> lanc\u00e9e \u00e0 l&rsquo;initiative de Marianne. C&rsquo;est r\u00e9dig\u00e9 en termes mesur\u00e9s, mais l&rsquo;essentiel y est dit. Et il y a dans les signataires plein de beau monde fr\u00e9quentable \u2014 le bon docteur Kouchner n&rsquo;y est pas, dis !<\/p>\n","protected":false},"excerpt":{"rendered":"<p>Au grand concours de la B\u00eatise de la semaine, il y a bien sur Beno\u00eet Hamon qui a l\u2019air de penser qu\u2019une faute grammaticale et une faute syntaxique sont intrins\u00e8quement diff\u00e9rentes. Mais je voudrais ici saluer un sommet, atteint ces derniers jours, en commentaire sur l\u2019affaire Bonnemaison, par un multi-r\u00e9cidiviste, Bernard Kouchner. Interrog\u00e9 sur ce [&hellip;]<\/p>\n","protected":false},"author":6,"featured_media":0,"comment_status":"open","ping_status":"open","sticky":false,"template":"","format":"standard","meta":{"footnotes":""},"categories":[1],"tags":[258,259,260,161,261],"class_list":{"0":"post-489","1":"post","2":"type-post","3":"status-publish","4":"format-standard","6":"category-non-classe","7":"tag-bernard-kouchner","8":"tag-calembour","9":"tag-euthanasie","10":"tag-finkielkraut","11":"tag-point-godwin"},"_links":{"self":[{"href":"https:\/\/blog.causeur.fr\/bonnetdane\/wp-json\/wp\/v2\/posts\/489","targetHints":{"allow":["GET"]}}],"collection":[{"href":"https:\/\/blog.causeur.fr\/bonnetdane\/wp-json\/wp\/v2\/posts"}],"about":[{"href":"https:\/\/blog.causeur.fr\/bonnetdane\/wp-json\/wp\/v2\/types\/post"}],"author":[{"embeddable":true,"href":"https:\/\/blog.causeur.fr\/bonnetdane\/wp-json\/wp\/v2\/users\/6"}],"replies":[{"embeddable":true,"href":"https:\/\/blog.causeur.fr\/bonnetdane\/wp-json\/wp\/v2\/comments?post=489"}],"version-history":[{"count":0,"href":"https:\/\/blog.causeur.fr\/bonnetdane\/wp-json\/wp\/v2\/posts\/489\/revisions"}],"wp:attachment":[{"href":"https:\/\/blog.causeur.fr\/bonnetdane\/wp-json\/wp\/v2\/media?parent=489"}],"wp:term":[{"taxonomy":"category","embeddable":true,"href":"https:\/\/blog.causeur.fr\/bonnetdane\/wp-json\/wp\/v2\/categories?post=489"},{"taxonomy":"post_tag","embeddable":true,"href":"https:\/\/blog.causeur.fr\/bonnetdane\/wp-json\/wp\/v2\/tags?post=489"}],"curies":[{"name":"wp","href":"https:\/\/api.w.org\/{rel}","templated":true}]}}