{"id":491,"date":"2014-07-08T05:47:43","date_gmt":"2014-07-08T05:47:43","guid":{"rendered":"http:\/\/blog.causeur.fr\/bonnetdane\/?p=491"},"modified":"2021-04-22T18:50:03","modified_gmt":"2021-04-22T16:50:03","slug":"fado-pour-fabienne","status":"publish","type":"post","link":"https:\/\/blog.causeur.fr\/bonnetdane\/fado-pour-fabienne-491","title":{"rendered":"Fado pour Fabienne"},"content":{"rendered":"<p>C\u2019est toujours pareil : il suffit que l\u2019on s\u2019\u00e9loigne pour qu\u2019il se passe des choses.<\/p>\n<p>Je me suis donc \u00e9loign\u00e9 quatre jours au Portugal : si vous ne connaissez pas Lisbonne, courez-y, c\u2019est une ville splendide, avec tout ce qu\u2019il faut de mus\u00e9es passionnants, de ruines de 1755, de restaurants tout \u00e0 fait sublimes et diablement comp\u00e9titifs. Bref, je ne vais pas vous refaire le guide touristique, mais trouver dans le clo\u00eetre d\u2019une \u00e9glise portugaise des panneaux d\u2019azulejos consacr\u00e9s aux <em>Fables<\/em> de La Fontaine (et pas les plus courantes), croyez-moi, cela vous redresse l\u2019orgueil national, si je puis ainsi m\u2019exprimer.<br \/>\nParfois, je regardais les infos, sur la t\u00e9l\u00e9 de ma chambre d\u2019h\u00f4tel. C\u2019est comme \u00e7a que j\u2019ai appris, vendredi, qu\u2019une institutrice d\u2019Albi avait \u00e9t\u00e9 poignard\u00e9e \u00e0 mort par une m\u00e8re d\u2019\u00e9l\u00e8ve.<br \/>\nCela a tout de m\u00eame occup\u00e9 trois minutes d\u2019une t\u00e9l\u00e9 d\u2019infos continues portugaise. Je n\u2019ai pas tout compris, mais les interviews \u00e9tant en fran\u00e7ais, ce que je n\u2019avais pas saisi est devenu tr\u00e8s clair.<br \/>\nJ\u2019ai m\u00eame su que notre coll\u00e8gue assassin\u00e9e (je ne vois pas tr\u00e8s bien quel autre terme utiliser, vu que Rachida \u2014 ainsi s\u2019appelle-t-elle \u2014 ne se rendait pas \u00e0 l\u2019\u00e9cole de ses enfants avec un couteau de cuisine sans une petite id\u00e9e derri\u00e8re la t\u00eate) avait eu droit au maximum du traitement minimum dans ce genre de cas : le ministre s\u2019est d\u00e9plac\u00e9 \u00e0 Albi. Il n\u2019est tout de m\u00eame pas all\u00e9 jusqu\u2019\u00e0 convoquer une conf\u00e9rence de presse. Il n\u2019est pas tr\u00e8s bien conseill\u00e9, Hamon \u2014 <a href=\"http:\/\/www.lexpress.fr\/education\/hamon-difficile-l-education-nationale-je-m-y-attendais_1556947.html#zvBpigu3oITDVLSY.99\">il l\u2019avoue lui-m\u00eame<\/a>. Mais Chatel n\u2019avait gu\u00e8re fait mieux lorsqu\u2019une enseignante de B\u00e9ziers <a href=\"http:\/\/www.midilibre.fr\/2011\/10\/13\/beziers-une-professeur-de-maths-s-immole-par-le-feu-dans-la-cour-du-lycee-jean-moulin,401794.php\">s\u2019\u00e9tait immol\u00e9e par le feu dans la cour de son lyc\u00e9e<\/a>, comme jadis Jan Palach (qui se souvient encore de Jan Palach ? Les autorit\u00e9s communistes tch\u00e8ques de cet hiver 1969 avaient camoufl\u00e9 elles aussi la vraie raison de suicide du jeune homme, qui protestait contre l\u2019invasion de son pays par les forces du Pacte de Varsovie \u2014 il a fallu vingt ans pour que son geste porte). Et \u00e0 l\u2019\u00e9poque, comme le rapportait le Midi Libre, \u00ab le rectorat n\u2019avait pas souhait\u00e9 communiquer sur le sujet \u00bb.<br \/>\nJ\u2019\u00e9tais tout \u00e0 fait horrifi\u00e9. Cela fait des ann\u00e9es que je plaise pour que les parents, comme autrefois, veuillent bien rester \u00e0 la porte de l\u2019\u00e9cole. Des ann\u00e9es que je m\u2019oppose aux avanc\u00e9es de la FCPE qui r\u00e9clame encore et toujours plus d\u2019entrisme. Des ann\u00e9es que je me bats pour que l\u2019\u00e9cole soit un lieu d\u2019enseignement, de transmission des savoirs, et pas une p\u00e9taudi\u00e8re o\u00f9 les m\u00e8res d\u00e9s\u0153uvr\u00e9es viennent tailler une bavette avec des instituteurs qui ont autre chose \u00e0 faire \u2014 par exemple remplir encore et encore des fiches d\u2019\u00e9valuation.<br \/>\nVendredi, c\u2019\u00e9tait le dernier jour de cours. La f\u00eate. Fabienne, elle r\u00e9cup\u00e8rerait ses deux enfants \u00e0 la sortie des classes \u2014 les siennes.<br \/>\nUn quartier d\u2019Albi para\u00eet-il tr\u00e8s m\u00e9lang\u00e9. La t\u00e9l\u00e9 portugaise a m\u00eame pr\u00e9cis\u00e9 que la meurtri\u00e8re \u00e9tait d\u2019origine \u00e9trang\u00e8re. Et d\u00e9j\u00e0 soign\u00e9e pour des troubles psychiatriques.<br \/>\nEt on la laisse entrer \u00e0 l\u2019\u00e9cole avec une arme. Tout va bien.<br \/>\nD\u2019ailleurs, manifestement, il n\u2019y aura pas d\u2019enqu\u00eate. Circulez, y a rien \u00e0 voir. Une folle. Intern\u00e9e \u00e0 nouveau.<br \/>\nLorsqu\u2019un enseignant se suicide, et c\u2019est fr\u00e9quent, m\u00eame si le minist\u00e8re ne tient plus de statistiques sur le sujet depuis 2002, c\u2019est forc\u00e9ment parce qu\u2019il a des probl\u00e8mes hors \u00e9cole. Il est rarissime que l\u2019institution avoue qu\u2019elle y est peut-\u00eatre pour quelque chose. <a href=\"http:\/\/www.snes.edu\/Suicide-de-Pierre-Jacques-Reconnu.html\">Elle vient de le faire<\/a>, neuf mois plus tard, pour notre coll\u00e8gue marseillais qui s\u2019\u00e9tait suicid\u00e9, en d\u00e9but d\u2019ann\u00e9e, en protestation contre des programmes qui avaient vid\u00e9 son enseignement de tout contenu r\u00e9el. J\u2019avais \u00e9voqu\u00e9 cette histoire <a href=\"http:\/\/blog.causeur.fr\/bonnetdane\/pour-la-peau-dun-prof-00406.html\">ici m\u00eame en septembre<\/a>.<\/p>\n<p>Puis la cha\u00eene a parl\u00e9 d\u2019autre chose. Et je suis sorti d\u00eener. Bacalhau, Santa bacalhau\u2026<\/p>\n<p>Hier, je rentre en France. Et je re\u00e7ois un SMS qui tourne apparemment chez nos coll\u00e8gues :<br \/>\n\u00ab Vingt minutes du Journal sont consacr\u00e9es aux Bleus qui ont perdu, et deux \u00e0 notre coll\u00e8gue d\u2019Albi poignard\u00e9e devant ses \u00e9l\u00e8ves par un parent. Elle laisse \u00e0 34 ans deux petits enfants orphelins, un geste affreux qu\u2019on banalise et excuse par un simple coup de folie. Pas de discours de notre ministre bien s\u00fbr ni m\u00eame des Inspections. Puisque les \u00e9coles sont ferm\u00e9es et qu\u2019on ne peut lui offrir une minute de silence, une petite pens\u00e9e au moins par SMS. \u00c0 faire passer \u00e0 tous les coll\u00e8gues et enseignants (et pas que). Tr\u00e8s bonnes vacances \u00e0 tous. \u00bb<\/p>\n<p>Et c\u2019est bien vrai qu\u2019un Journal se calcule en minutes. Une bande de mercenaires sur-pay\u00e9s est renvoy\u00e9e \u00e0 la maison, \u00e7a, c\u2019est du deuil national (Hollande, qui a d\u00e9cid\u00e9ment toutes les chances, pourra donc assister au d\u00e9fil\u00e9 du 14 juillet, sans \u00eatre oblig\u00e9 de se rendre au Br\u00e9sil pour complaire \u00e0 tous ces imb\u00e9ciles et d\u00e9placer au lendemain la date de la R\u00e9volution, autre broutille, compar\u00e9e au foot). 20 minutes de Journal, sur toutes les cha\u00eenes ; je viens de v\u00e9rifier en replay. Une institutrice meurt dans l\u2019exercice de ses fonctions parce que nous laissons n\u2019importe qui entrer dans nos \u00e9coles, deux minutes de d\u00e9ploration \u2014 une d\u00e9ploration bien moindre que celle engendr\u00e9e par le deuil des supporters \u2014 il devait y en avoir, des supporters, parmi les autres parents d\u2019\u00e9l\u00e8ves d\u2019Albi. Et ils votent.<\/p>\n<p>Je suis en train de r\u00e9diger un livre sur l\u2019\u00e9tat pr\u00e9sent de l\u2019Ecole apr\u00e8s deux ans de socialisme \u2014 non, je rigole : \u00ab socialisme \u00bb est un terme tr\u00e8s exag\u00e9r\u00e9, pour d\u00e9signer le tout-lib\u00e9ral aujourd\u2019hui en \u0153uvre. Je crois que je vais le d\u00e9dicacer \u00e0 Fabienne, \u00e0 Pierre, et \u00e0 Lise, \u00e0 toutes celles et tous ceux que l\u2019Education Nationale a broy\u00e9s et continue de broyer. Puisqu\u2019ils n\u2019ont m\u00eame pas eu droit \u00e0 leur minute de silence, autant parler, et parler encore, m\u00eame si le ministre n\u2019entend rien. M\u00eame si personne n\u2019entend rien.<\/p>\n<p>Jean-Paul Brighelli<\/p>\n<p>&nbsp;<\/p>\n<p>PS. Le ministre, qui est plein de sollicitude et d&rsquo;anticipation, vient de nous envoyer, \u00e0 nous les enseignants de base, le courrier suivant :<\/p>\n<p><span style=\"font-family: 'Times New Roman';font-size: x-small\">Madame, Monsieur,<\/span><\/p>\n<p><span style=\"font-family: 'Times New Roman';font-size: x-small\">La fin de l\u2019ann\u00e9e 2014 sera marqu\u00e9e par un rendez-vous d\u00e9mocratique parmi les plus importants : les \u00e9lections professionnelles.<\/span><\/p>\n<p><span style=\"font-family: 'Times New Roman';font-size: x-small\">Les presque cinq millions d\u2019agents de la fonction publique seront ainsi appel\u00e9s \u00e0 \u00e9lire leurs repr\u00e9sentants dans les instances de concertation tant nationales que locales.<\/span><\/p>\n<p><span style=\"font-family: 'Times New Roman';font-size: x-small\">Pour ce qui est de l\u2019\u00c9ducation nationale, de l\u2019enseignement sup\u00e9rieur et de la recherche, vous serez pr\u00e8s d\u2019un million et demi \u00e0 \u00eatre invit\u00e9s \u00e0 voter, du 27 novembre au 4 d\u00e9cembre, pour celles et ceux qui vous sembleront le mieux incarner votre vision de l\u2019\u00c9cole.\u00a0<\/span><br \/>\n<span style=\"font-family: 'Times New Roman';font-size: x-small\">Ces repr\u00e9sentants si\u00e9geront pour quatre ans dans les comit\u00e9s et commissions qui contribuent \u00e0 d\u00e9finir l\u2019avenir de notre \u00e9ducation et \u00e0 garantir le bien-fond\u00e9 des d\u00e9cisions portant sur la carri\u00e8re et les conditions de travail de chacun d\u2019entre vous.<\/span><\/p>\n<p><span style=\"font-family: 'Times New Roman';font-size: x-small\">Une forte participation \u00e0 ces \u00e9lections donnera \u00e0 vos repr\u00e9sentants toute la l\u00e9gitimit\u00e9 n\u00e9cessaire pour s\u2019exprimer sur les choix collectifs qui concernent notre \u00e9cole r\u00e9publicaine, tant publique que priv\u00e9e, de la maternelle \u00e0 l\u2019enseignement sup\u00e9rieur.<\/span><\/p>\n<p><span style=\"font-family: 'Times New Roman';font-size: x-small\">Pour les d\u00e9cideurs politiques, une telle l\u00e9gitimit\u00e9 est essentielle pour permettre la meilleure prise en compte possible des r\u00e9alit\u00e9s du terrain dans les grandes orientations qui seront trac\u00e9es, avec le concours de vos repr\u00e9sentants, pour les quatre ann\u00e9es \u00e0 venir.<\/span><\/p>\n<p><span style=\"font-family: 'Times New Roman';font-size: x-small\">Des informations sur le d\u00e9tail et les modalit\u00e9s de ce vote vous seront prochainement pr\u00e9cis\u00e9es. Elles seront r\u00e9guli\u00e8rement rappel\u00e9es tout au long de la p\u00e9riode qui nous s\u00e9pare des \u00e9lections.<\/span><br \/>\n<span style=\"font-family: 'Times New Roman';font-size: x-small\">Par ailleurs, d\u00e8s la fin du mois de septembre, les personnels de direction, les directeurs d\u2019\u00e9tablissement, ainsi que les pr\u00e9sidents d\u2019universit\u00e9, disposeront de toutes les informations n\u00e9cessaires pour vous \u00e9clairer.<\/span><br \/>\n<span style=\"font-family: 'Times New Roman';font-size: x-small\">Vous pourrez aussi bient\u00f4t vous rendre sur\u00a0<\/span><a href=\"http:\/\/www.education.gouv.fr\/\"><span style=\"color: blue;font-family: 'Times New Roman';font-size: x-small\"><span style=\"text-decoration: underline\">www.education.gouv.fr<\/span><\/span><\/a><span style=\"font-family: 'Times New Roman';font-size: x-small\">\u00a0(ou sur\u00a0<\/span><a href=\"http:\/\/www.enseignementsup-recherche.gouv\/\"><span style=\"color: blue;font-family: 'Times New Roman';font-size: x-small\"><span style=\"text-decoration: underline\">www.enseignementsup-recherche.gouv<\/span><\/span><\/a><span style=\"font-family: 'Times New Roman';font-size: x-small\">\u00a0si vous travaillez dans un \u00e9tablissement de l\u2019enseignement sup\u00e9rieur) pour trouver les r\u00e9ponses \u00e0 vos questions \u00e9ventuelles.<\/span><\/p>\n<p><span style=\"font-family: 'Times New Roman';font-size: x-small\">Comme vous le constatez, nous sommes enti\u00e8rement mobilis\u00e9s pour vous permettre de participer \u00e0 ce vote dans les meilleures conditions possibles.<\/span><\/p>\n<p><span style=\"font-family: 'Times New Roman';font-size: x-small\">Ces \u00e9lections doivent \u00eatre l\u2019occasion d\u2019un d\u00e9bat collectif sur l\u2019avenir de l\u2019\u00e9ducation. C\u2019est pourquoi les organisations syndicales s\u2019adresseront directement \u00e0 vous dans les semaines qui viennent pour vous exposer le point de vue qu\u2019elles entendent d\u00e9fendre si vous leur accordez votre confiance. Elles vous proposeront \u00e9galement des moments d\u2019\u00e9change au cours desquels vous pourrez confronter vos id\u00e9es avec les programmes de celles et ceux qui aspirent \u00e0 vous repr\u00e9senter.<\/span><\/p>\n<p><span style=\"font-family: 'Times New Roman';font-size: x-small\">En participant massivement aux \u00e9lections professionnelles de d\u00e9cembre, vous ferez entendre votre voix et celle de tous ceux qui font vivre l\u2019\u00e9ducation au quotidien. Vous contribuerez ainsi \u00e0 faire avancer nos \u00e9l\u00e8ves et nos \u00e9tudiants sur la voie de la r\u00e9ussite et de l\u2019\u00e9galit\u00e9.<\/span><br \/>\n<span style=\"font-family: 'Times New Roman';font-size: x-small\">Beno\u00eet Hamon<\/span><br \/>\n<span style=\"font-family: 'Times New Roman';font-size: x-small\">Ministre de l\u2019\u00c9ducation nationale,<\/span><br \/>\n<span style=\"font-family: 'Times New Roman';font-size: x-small\">de l\u2019enseignement sup\u00e9rieur<\/span><br \/>\n<span style=\"font-family: 'Times New Roman';font-size: x-small\">et de la recherche \u00a0 \u00a0 \u00a0 \u00a0 \u00a0 \u00a0 \u00a0 \u00a0 \u00a0 \u00a0 \u00a0 \u00a0 \u00a0 \u00a0 \u00a0 \u00a0 \u00a0 \u00a0 \u00a0 \u00a0 \u00a0 \u00a0 \u00a0 \u00a0 \u00a0 \u00a0 \u00a0 \u00a0 \u00a0 \u00a0 \u00a0 \u00a0 \u00a0 \u00a0 \u00a0 \u00a0 \u00a0 \u00a0 \u00a0 \u00a0 \u00a0 \u00a0 \u00a0 \u00a0 \u00a0 \u00a0 \u00a0 \u00a0 \u00a0 \u00a0 \u00a0 \u00a0 \u00a0 \u00a0 \u00a0 \u00a0 \u00a0 \u00a0 \u00a0 \u00a0 \u00a0 \u00a0 \u00a0 \u00a0 \u00a0 \u00a0 \u00a0 \u00a0 \u00a0 \u00a0 \u00a0 \u00a0 \u00a0 \u00a0 \u00a0 \u00a0 \u00a0 \u00a0 \u00a0 \u00a0 \u00a0 \u00a0 \u00a0 \u00a0 \u00a0 \u00a0 \u00a0 \u00a0 \u00a0 \u00a0 \u00a0 \u00a0 \u00a0 \u00a0 \u00a0 \u00a0 \u00a0 \u00a0 \u00a0 \u00a0 \u00a0 \u00a0 \u00a0 \u00a0 \u00a0 \u00a0 \u00a0 \u00a0 \u00a0 \u00a0 \u00a0 \u00a0 \u00a0 \u00a0 \u00a0 \u00a0 \u00a0 \u00a0 \u00a0 \u00a0 \u00a0 \u00a0 \u00a0 \u00a0 \u00a0 \u00a0 \u00a0 \u00a0 \u00a0 \u00a0 \u00a0 \u00a0 \u00a0 \u00a0 \u00a0 \u00a0 \u00a0 \u00a0 \u00a0 \u00a0 \u00a0 \u00a0 \u00a0 \u00a0 \u00a0 \u00a0 \u00a0 \u00a0 \u00a0 \u00a0 \u00a0 \u00a0 \u00a0 \u00a0 \u00a0 \u00a0 \u00a0 \u00a0 \u00a0 \u00a0 \u00a0 \u00a0 \u00a0 \u00a0 \u00a0 \u00a0 \u00a0 \u00a0 \u00a0 \u00a0 \u00a0 \u00a0 \u00a0 \u00a0 \u00a0 \u00a0 \u00a0 \u00a0 \u00a0 \u00a0 \u00a0 \u00a0 \u00a0 \u00a0 \u00a0 \u00a0 \u00a0 \u00a0 \u00a0 \u00a0 \u00a0 \u00a0 \u00a0 \u00a0 \u00a0 \u00a0 \u00a0 \u00a0 \u00a0 \u00a0 \u00a0 \u00a0 \u00a0 \u00a0 \u00a0 \u00a0 \u00a0 \u00a0 \u00a0 \u00a0 \u00a0 \u00a0 \u00a0 \u00a0 \u00a0 \u00a0 \u00a0 \u00a0 \u00a0 \u00a0 \u00a0 \u00a0 \u00a0 \u00a0 \u00a0 \u00a0 \u00a0 \u00a0 \u00a0 \u00a0 \u00a0 \u00a0 \u00a0 \u00a0 \u00a0 \u00a0 \u00a0 \u00a0 \u00a0 \u00a0 \u00a0 \u00a0 \u00a0 \u00a0 \u00a0 \u00a0 \u00a0 \u00a0 \u00a0 \u00a0 \u00a0\u00a0<\/span><\/p>\n<div><\/div>\n<div><\/div>\n<div><span style=\"font-family: 'Franklin Gothic Book'\">\u00c0 quoi un \u00ab\u00a0humble enseignant de base\u00a0\u00bb, Samuel Mourier, vient de r\u00e9pondre la chose suivante :<\/span><\/div>\n<div><\/div>\n<div><span style=\"font-family: 'Franklin Gothic Book'\">\u00a0 \u00a0 \u00a0 \u00a0 \u00a0 \u00a0 \u00a0 \u00a0 \u00a0 \u00a0 \u00a0 \u00a0 \u00a0 \u00a0 \u00a0 \u00a0 \u00a0 \u00a0 \u00a0 \u00a0 \u00a0 \u00a0 \u00a0 \u00a0 \u00a0 \u00a0 \u00a0 \u00a0 \u00a0 \u00a0 \u00a0 \u00a0 \u00a0 \u00a0 \u00a0 \u00a0 \u00a0 \u00a0 \u00a0 \u00a0 \u00a0 \u00a0 \u00a0 \u00a0 \u00a0 \u00a0 \u00a0 \u00a0 \u00a0 \u00a0 \u00a0 \u00a0 \u00a0 \u00a0 \u00a0 \u00a0 \u00a0 \u00a0 \u00a0 \u00a0 \u00a0 \u00a0 \u00a0 \u00a0 \u00a0 \u00a0 \u00a0 \u00a0 \u00a0 \u00a0 \u00a0 \u00a0 \u00a0 \u00a0 \u00a0 \u00a0 \u00a0 \u00a0 \u00a0 \u00a0 \u00a0 \u00a0 \u00a0 \u00a0 \u00a0 \u00a0 \u00a0 \u00a0 \u00a0 \u00a0 \u00a0 \u00a0 \u00a0 \u00a0 \u00a0 \u00a0 \u00a0 \u00a0 \u00a0 \u00a0 \u00a0 \u00a0 \u00a0 \u00a0 \u00a0 \u00a0 \u00a0 \u00a0 \u00a0 \u00a0 \u00a0 \u00a0 \u00a0 \u00a0 \u00a0 \u00a0 \u00a0 \u00a0 \u00a0 \u00a0 \u00a0 \u00a0 \u00a0 \u00a0 \u00a0 Monsieur le Ministre,\u00a0<\/span><\/div>\n<p>&nbsp;<\/p>\n<div>\u00a0<span class=\"Apple-style-span\" style=\"font-family: 'Franklin Gothic Book'\">Pour reprendre le d\u00e9but de votre courrier,\u00a0<em>la fin de l&rsquo;ann\u00e9e<\/em>\u00a0(scolaire) a \u00e9t\u00e9 marqu\u00e9e par l&rsquo;assassinat, avec un couteau de boucher, en classe, pendant les heures de pr\u00e9sence des enfants, d&rsquo;une enseignante de maternelle, \u00e9pouse et m\u00e8re de famille&#8230;<\/span><\/div>\n<p>&nbsp;<\/p>\n<div><span style=\"font-family: 'Franklin Gothic Book'\">Voir que le minist\u00e8re (capable de nous envoyer un mail\u00a0\u00e0 tous, \u00e0 nos adresses individuelles) nous parle d\u00e9j\u00e0 des \u00e9lections professionnelles de d\u00e9cembre (!!!!) et donc,\u00a0n&rsquo;a pas pris la mesure du besoin que nous avons tous, d&rsquo;entendre quelque chose de sa part au sujet de ce drame qui peut arriver \u00e0 n&rsquo;importe lequel d&rsquo;entre nous, d\u00e9place l&rsquo;objet du courrier auquel je r\u00e9ponds \u00e0 un rang\u00a0\u00e9loign\u00e9 dans l&rsquo;\u00e9chelle des priorit\u00e9s.<\/p>\n<p>Le silence m\u00e9diatique des institutions me semble symptomatique du peu de souci que les hautes instances ont des enseignants de base&#8230;<\/span><\/div>\n<p>&nbsp;<\/p>\n<div><span style=\"font-family: 'Franklin Gothic Book'\">Monsieur le\u00a0Ministre, je suis triste de voir ce que vaut la vie de quelqu&rsquo;un qui n&rsquo;a pas l&rsquo;honneur de\u00a0se faire tuer un autre jour\u00a0que celui de la sortie&#8230;<\/span><\/div>\n<p>&nbsp;<\/p>\n<div><span style=\"font-family: 'Franklin Gothic Book'\">J&rsquo;ai enseign\u00e9 \u00e0 mes \u00e9l\u00e8ves que la D\u00e9mocratie, la R\u00e9publique, c&rsquo;\u00e9tait<\/span><\/div>\n<p>&nbsp;<\/p>\n<div><span style=\"font-family: 'Franklin Gothic Book'\">\u00a0\u00a0\u00a0\u00a0\u00a0\u00a0 l&rsquo;\u00e9galit\u00e9 de tous et non un \u00e9tat o\u00f9 existent\u00a0des serfs qui ne comptent pas et des seigneurs qui dirigent,<\/span><\/div>\n<p>&nbsp;<\/p>\n<div><span style=\"font-family: 'Franklin Gothic Book'\">\u00a0\u00a0\u00a0\u00a0\u00a0\u00a0 la repr\u00e9sentation de chacun\u00a0dans des assembl\u00e9es d\u00e9lib\u00e9ratives\u00a0qui font les lois,<\/span><\/div>\n<p>&nbsp;<\/p>\n<div><span style=\"font-family: 'Franklin Gothic Book'\">\u00a0\u00a0\u00a0\u00a0\u00a0 \u00a0des serviteurs (sens initial du mot ministre) du peuple au travail pour que celui-ci vive tout court \u00e0 d\u00e9faut de vivre mieux, &#8230;<\/span><\/div>\n<p>&nbsp;<\/p>\n<div>\u00a0<span class=\"Apple-style-span\" style=\"font-family: 'Franklin Gothic Book'\">Je me sens\u00a0honteux de leur avoir menti&#8230;<\/span><\/div>\n<p>&nbsp;<\/p>\n<div>\u00a0<span class=\"Apple-style-span\" style=\"font-family: 'Franklin Gothic Book'\">Monsieur le Ministre, bonsoir.<\/span><\/div>\n<div><span style=\"font-family: 'Franklin Gothic Book'\">Samuel Mourier<\/span><\/div>\n<p>&nbsp;<\/p>\n<div>\u00a0Mourier Samuel (CE2)<\/div>\n<div>Ecole Brossolette<br \/>\nPlace de la Constituante<br \/>\n11 100 NARBONNE<\/div>\n<p>&nbsp;<\/p>\n<p>&nbsp;<\/p>\n<p>&nbsp;<\/p>\n<p>&nbsp;<\/p>\n<p>&nbsp;<\/p>\n<p>&nbsp;<\/p>\n<p>&nbsp;<\/p>\n<p>&nbsp;<\/p>\n<p>&nbsp;<\/p>\n<p>&nbsp;<\/p>\n<p>&nbsp;<\/p>\n<p>&nbsp;<\/p>\n<p>&nbsp;<\/p>\n<p>&nbsp;<\/p>\n<p>&nbsp;<\/p>\n<p>&nbsp;<\/p>\n<p>&nbsp;<\/p>\n","protected":false},"excerpt":{"rendered":"<p>C\u2019est toujours pareil : il suffit que l\u2019on s\u2019\u00e9loigne pour qu\u2019il se passe des choses. Je me suis donc \u00e9loign\u00e9 quatre jours au Portugal : si vous ne connaissez pas Lisbonne, courez-y, c\u2019est une ville splendide, avec tout ce qu\u2019il faut de mus\u00e9es passionnants, de ruines de 1755, de restaurants tout \u00e0 fait sublimes et [&hellip;]<\/p>\n","protected":false},"author":6,"featured_media":0,"comment_status":"open","ping_status":"open","sticky":false,"template":"","format":"standard","meta":{"footnotes":""},"categories":[1],"tags":[263,264,262,266,224,265],"class_list":{"0":"post-491","1":"post","2":"type-post","3":"status-publish","4":"format-standard","6":"category-non-classe","7":"tag-albi","8":"tag-assassinat","9":"tag-fabienne","10":"tag-foot","11":"tag-hamon","12":"tag-medias"},"_links":{"self":[{"href":"https:\/\/blog.causeur.fr\/bonnetdane\/wp-json\/wp\/v2\/posts\/491","targetHints":{"allow":["GET"]}}],"collection":[{"href":"https:\/\/blog.causeur.fr\/bonnetdane\/wp-json\/wp\/v2\/posts"}],"about":[{"href":"https:\/\/blog.causeur.fr\/bonnetdane\/wp-json\/wp\/v2\/types\/post"}],"author":[{"embeddable":true,"href":"https:\/\/blog.causeur.fr\/bonnetdane\/wp-json\/wp\/v2\/users\/6"}],"replies":[{"embeddable":true,"href":"https:\/\/blog.causeur.fr\/bonnetdane\/wp-json\/wp\/v2\/comments?post=491"}],"version-history":[{"count":0,"href":"https:\/\/blog.causeur.fr\/bonnetdane\/wp-json\/wp\/v2\/posts\/491\/revisions"}],"wp:attachment":[{"href":"https:\/\/blog.causeur.fr\/bonnetdane\/wp-json\/wp\/v2\/media?parent=491"}],"wp:term":[{"taxonomy":"category","embeddable":true,"href":"https:\/\/blog.causeur.fr\/bonnetdane\/wp-json\/wp\/v2\/categories?post=491"},{"taxonomy":"post_tag","embeddable":true,"href":"https:\/\/blog.causeur.fr\/bonnetdane\/wp-json\/wp\/v2\/tags?post=491"}],"curies":[{"name":"wp","href":"https:\/\/api.w.org\/{rel}","templated":true}]}}