{"id":513,"date":"2014-09-17T03:54:26","date_gmt":"2014-09-17T03:54:26","guid":{"rendered":"http:\/\/blog.causeur.fr\/bonnetdane\/?p=513"},"modified":"2021-04-22T18:50:03","modified_gmt":"2021-04-22T16:50:03","slug":"enarchie-et-dependances","status":"publish","type":"post","link":"https:\/\/blog.causeur.fr\/bonnetdane\/enarchie-et-dependances-513","title":{"rendered":"Enarchie et d\u00e9pendances"},"content":{"rendered":"<p>\u00ab Ils ont fait Sciences- Po, pass\u00e9 ou non un concours de l\u2019administration, regard\u00e9 autour d\u2019eux\u2026 Et finalement trouv\u00e9 un poste d\u2019attach\u00e9 parlementaire ou un job dans une collectivit\u00e9 et, pour les plus chanceux ou les plus habiles, dans un \u00ab Cabinet \u00bb. \u00bb<br \/>\nAinsi parle, <a href=\"http:\/\/www.michele-delaunay.net\/delaunay\/blog\/le-tunnel-ou-comment-faire-carriere-sans-mettre-un-pied-dans-la-vraie-vie\">sur son blog<\/a>, Mich\u00e8le Delaunay, l\u2019ancien ministre d\u00e9l\u00e9gu\u00e9 charg\u00e9 des personnes \u00e2g\u00e9es et de l\u2019autonomie dans le gouvernement Ayrault, et \u00e9lue de Bordeaux. \u00c0 partir de cette phrase initiale, elle d\u00e9veloppe une longue m\u00e9taphore fil\u00e9e sur le \u00ab virus \u00bb, qui se d\u00e9veloppe en \u00ab maladie \u00bb : \u00ab Grand air, bobine sur le journal apr\u00e8s l\u2019avoir eue sur de grandes affiches, ils sont quelqu\u2019un, c\u2019est \u00e0 dire d\u00e9j\u00e0 plus tout-\u00e0-fait eux-m\u00eames. \u00bb<br \/>\n\u00ab Ils \u00bb, ce sont les professionnels de la politique, ceux qui ont encha\u00een\u00e9 Sciences-Po, l\u2019ENA (parfois m\u00eame, ainsi qu\u2019on le sait gr\u00e2ce \u00e0 Najat Vallaud-Belkacem, avoir r\u00e9ussi l\u2019ENA n\u2019est pas une obligation) et une \u00e9lection locale \u2014 conseiller r\u00e9gional \/ municipal \/ g\u00e9n\u00e9ral, l\u2019un n\u2019exclut pas l\u2019autre. \u00ab Milieux un tantinet confin\u00e9s \u00bb, dit Mich\u00e8le Delaunay. \u00ab Le danger maximum vient avec le succ\u00e8s dans une \u00e9lection o\u00f9 l\u2019on a \u00e9t\u00e9 parachut\u00e9, voire m\u00eame que l\u2019on a s\u00e9lectionn\u00e9e sur la carte si on a eu la chance d\u2019\u00eatre dans les instances du Parti, d\u2019avoir un mentor de grand renom ou de grand pouvoir, d\u2019\u00eatre choisi par un qui ne voulait\/pouvait pas se repr\u00e9senter. \u00bb \u00c0 Lyon, par exemple.<br \/>\nDe profession r\u00e9elle, note l\u2019ancienne dermatologue-canc\u00e9rologue du CHU de Bordeaux, pas de traces. La politique est une drogue forte, et l\u2019on sait bien que les vrais drogu\u00e9s ne font rien \u00e0 part chercher la prochaine fumette ou la prochaine pilule (les injections, comme chacun sait, ne sont plus tr\u00e8s mode).<br \/>\nComme le note finement l\u2019ancienne ministre, les politiques qui viennent d\u2019un milieu \u00ab modeste \u00bb, comme on dit, sont plus longtemps que les purs h\u00e9ritiers porteurs sains du virus \u2014 jusqu\u2019au moment o\u00f9 ils basculent, et passent dans la sph\u00e8re des nantis, dans \u00ab l\u2019entre-soi \u00bb.<br \/>\nLe peuple, pendant ce temps, s\u2019\u00e9tonne qu\u2019ils soient si loin du monde r\u00e9el \u2014 celui o\u00f9 le pain quotidien se fait hebdomadaire, comme disait Pr\u00e9vert. Celui o\u00f9 l\u2019on se fiche que les maisons de retraite soient gay-friendly (<a href=\"http:\/\/www.metronews.fr\/info\/michele-delaunay-si-des-maisons-de-retraite-homos-ouvrent-je-les-accompagnerai\/mmkB!abpFJKAct3IK6\/\">une marotte de l\u2019ancienne ministre<\/a>, le gouvernement Ayrault ne savait plus quoi faire pour marquer son ob\u00e9dience au lobby LGBT) ou \u00e9quip\u00e9es de chambres doubles afin que les pensionnaires vivent confortablement leurs amours s\u00e9nescentes, tout simplement parce qu\u2019au tarif des maisons de retraite, on n\u2019a pas les moyens d\u2019y mettre mamie, et l&rsquo;on sait bien que l\u2019on finira soi-m\u00eame dans l\u2019un de ces mouroirs dont parle Jacques Chauvir\u00e9 dans l\u2019admirable <em>Passage des \u00e9migrants<\/em>.<br \/>\nComment est-ce possible ? \u00ab Entr\u00e9s t\u00f4t dans le tunnel, ils n\u2019en sont jamais ressortis. \u00bb Ils y sont entr\u00e9s b\u00e9b\u00e9s \u2014 on a besoin de jeunes, n\u2019est-ce pas\u2026 Il n\u2019est jamais trop t\u00f4t pour mal faire. La jeunesse aussi est un naufrage.<br \/>\nLe probl\u00e8me, c\u2019est que ces jeunes gens n\u2019ont aucune exp\u00e9rience dans l\u2019art de ne pas arriver \u00e0 payer ses factures, la technique de la queue \u00e0 P\u00f4le Emploi, les mille et une recettes de pommes de terre \/ riz \/ spaghettis \/ couscous, le robusta du matin et la Kro du soir. Ils s&rsquo;\u00e9tonnent d&rsquo;ailleurs que les pauvres soient gros. Ils ne savent rien de la mis\u00e8re r\u00e9elle \u2014 ni m\u00eame de la difficult\u00e9 \u00e0 boucler le mois, les loyers \u00e9tant ce qu\u2019ils sont. Ils ont des voitures de fonction, et <a href=\"http:\/\/rue89.nouvelobs.com\/2013\/11\/20\/giscard-a-nkm-malediction-metro-247662\">comme Giscard en 1974 ou NKM en 2013<\/a>, ils ignorent ce que co\u00fbte un ticket de m\u00e9tro \u2014 et ils n\u2019ont pas la prestance de Chirac sautant par dessus les portillons de la RATP.<a href=\"http:\/\/blog.causeur.fr\/bonnetdane\/files\/2014\/09\/chirac-metro.jpeg\"><img loading=\"lazy\" decoding=\"async\" class=\"alignnone size-full wp-image-516\" src=\"http:\/\/blog.causeur.fr\/bonnetdane\/files\/2014\/09\/chirac-metro.jpeg\" alt=\"\" width=\"221\" height=\"291\" \/><\/a><\/p>\n<p>Que l\u2019on mette deux heures, retards compris, pour aller d\u2019un chez soi banlieusard \u00e0 un bureau parisien leur para\u00eet exotique.<br \/>\nQuand ils sont ministres de l\u2019Education, on leur pr\u00e9pare leurs visites dans les \u00e9tablissements \u00ab sensibles \u00bb, transform\u00e9s pour l\u2019occasion en villages Potemkine. J\u2019ai eu l\u2019occasion de conseiller \u00e0 un ancien ministre d\u2019y aller \u00e0 l\u2019improviste : eh bien, c\u2019est impossible, para\u00eet-il. Ils risqueraient de se frotter par accident \u00e0 la r\u00e9alit\u00e9 du terrain. Sarkozy imposait, lors de ses visites dans ces zones \u00e0 grand risque qu\u2019on appelle globalement la province, un glacis de 200 m\u00e8tres pour ne pas \u00eatre importun\u00e9 par les cris des manifestants. \u00c0 Saint-L\u00f4, en janvier 2009, le <a href=\"http:\/\/tempsreel.nouvelobs.com\/politique\/20090129.OBS2057\/prefet-mute-injuste-et-parfaitement-lamentable.html\">pr\u00e9fet de la Manche y a laiss\u00e9 sa place<\/a>.<\/p>\n<p><a href=\"http:\/\/blog.causeur.fr\/bonnetdane\/files\/2014\/09\/vignette.php_.jpeg\"><img loading=\"lazy\" decoding=\"async\" class=\"alignnone size-full wp-image-517\" src=\"http:\/\/blog.causeur.fr\/bonnetdane\/files\/2014\/09\/vignette.php_.jpeg\" alt=\"\" width=\"150\" height=\"150\" \/><\/a><\/p>\n<p>Et je ne suis pas bien s\u00fbr qu&rsquo;au gr\u00e9 de ses visites minist\u00e9rielles dans les maisons de retraite, Mich\u00e8le Delaunay ait \u00e9t\u00e9 confront\u00e9e \u00e0 la r\u00e9alit\u00e9 des asiles de vieillards, les douches hebdomadaires, les personnels d\u00e9bord\u00e9s, parfois violents, la mise syst\u00e9matique sous camisole chimique, les repas concentrationnaires. Mais justement, le fait qu&rsquo;elle ait longtemps pratiqu\u00e9 la m\u00e9decine a pu l&rsquo;aider \u00e0 voir \u00e0 travers les guirlandes et les discours appr\u00eat\u00e9s \u2014 \u00ab\u00a0alors, papy, content ?\u00a0\u00bb<\/p>\n<p>Mais qui aidera Najat Vallaud-Belkacem \u00e0 comprendre ce qu&rsquo;est une vraie ZEP ? Certainement pas les \u00e9narques de la rue de Grenelle \u2014 gentils, pas b\u00eates, d\u00e9phas\u00e9s.<\/p>\n<p>Je ne suis pas assez fin historien pour savoir quand a commenc\u00e9 ce d\u00e9calage entre les politiques et la r\u00e9alit\u00e9. Peut-\u00eatre avant la cr\u00e9ation de l\u2019ENA. Peut-\u00eatre est-ce inh\u00e9rent \u00e0 l\u2019exercice m\u00eame du pouvoir : le personnel du Premier Empire, \u00e0 partir de 1807-1808, ne sait plus rien de ce qui se passe en France \u2014 et l\u2019empereur non plus. C\u2019est ainsi que l\u2019on finit par perdre des batailles.<br \/>\nJean-Paul Brighelli<br \/>\nPS. Je regardais hier la prestation de Manuel Valls devant les d\u00e9put\u00e9s. Un discours de politique g\u00e9n\u00e9rale plein de ces anaphores qu\u2019adorent, depuis Guaino, les \u00ab plumes \u00bb de l\u2019Elys\u00e9e ou de Matignon. Sans grand int\u00e9r\u00eat. Puis, en r\u00e9ponse aux r\u00e9actions des chefs de groupe parlementaires (my God, est-il possible d\u2019\u00eatre Christian Jacob ?), on a vu soudain un autre Valls, plus spontan\u00e9, parlant sans papier cette fois, \u00e9loquent souvent, persuasif presque. Et j\u2019ai eu comme un bref sentiment de piti\u00e9 pour ce type finalement assez dou\u00e9 et que Hollande entra\u00eene dans les abysses. Casse-toi, Manuel, sinon c\u2019est cuit pour toi en 2017 ! Run, Manuel, run ! V\u00e9te !<\/p>\n","protected":false},"excerpt":{"rendered":"<p>\u00ab Ils ont fait Sciences- Po, pass\u00e9 ou non un concours de l\u2019administration, regard\u00e9 autour d\u2019eux\u2026 Et finalement trouv\u00e9 un poste d\u2019attach\u00e9 parlementaire ou un job dans une collectivit\u00e9 et, pour les plus chanceux ou les plus habiles, dans un \u00ab Cabinet \u00bb. \u00bb Ainsi parle, sur son blog, Mich\u00e8le Delaunay, l\u2019ancien ministre d\u00e9l\u00e9gu\u00e9 charg\u00e9 [&hellip;]<\/p>\n","protected":false},"author":6,"featured_media":0,"comment_status":"open","ping_status":"open","sticky":false,"template":"","format":"standard","meta":{"footnotes":""},"categories":[1],"tags":[304,303,305,306],"class_list":{"0":"post-513","1":"post","2":"type-post","3":"status-publish","4":"format-standard","6":"category-non-classe","7":"tag-ena","8":"tag-michele-delaunay","9":"tag-sciences-po","10":"tag-vallaud-belkacem"},"_links":{"self":[{"href":"https:\/\/blog.causeur.fr\/bonnetdane\/wp-json\/wp\/v2\/posts\/513","targetHints":{"allow":["GET"]}}],"collection":[{"href":"https:\/\/blog.causeur.fr\/bonnetdane\/wp-json\/wp\/v2\/posts"}],"about":[{"href":"https:\/\/blog.causeur.fr\/bonnetdane\/wp-json\/wp\/v2\/types\/post"}],"author":[{"embeddable":true,"href":"https:\/\/blog.causeur.fr\/bonnetdane\/wp-json\/wp\/v2\/users\/6"}],"replies":[{"embeddable":true,"href":"https:\/\/blog.causeur.fr\/bonnetdane\/wp-json\/wp\/v2\/comments?post=513"}],"version-history":[{"count":0,"href":"https:\/\/blog.causeur.fr\/bonnetdane\/wp-json\/wp\/v2\/posts\/513\/revisions"}],"wp:attachment":[{"href":"https:\/\/blog.causeur.fr\/bonnetdane\/wp-json\/wp\/v2\/media?parent=513"}],"wp:term":[{"taxonomy":"category","embeddable":true,"href":"https:\/\/blog.causeur.fr\/bonnetdane\/wp-json\/wp\/v2\/categories?post=513"},{"taxonomy":"post_tag","embeddable":true,"href":"https:\/\/blog.causeur.fr\/bonnetdane\/wp-json\/wp\/v2\/tags?post=513"}],"curies":[{"name":"wp","href":"https:\/\/api.w.org\/{rel}","templated":true}]}}