{"id":515,"date":"2014-09-22T17:14:09","date_gmt":"2014-09-22T17:14:09","guid":{"rendered":"http:\/\/blog.causeur.fr\/bonnetdane\/?p=515"},"modified":"2021-04-22T18:50:03","modified_gmt":"2021-04-22T16:50:03","slug":"ecosse-catalogne-corse-pays-basque-meme-combat","status":"publish","type":"post","link":"https:\/\/blog.causeur.fr\/bonnetdane\/ecosse-catalogne-corse-pays-basque-meme-combat-515","title":{"rendered":"Ecosse, Catalogne, Corse, Pays basque : m\u00eame combat !"},"content":{"rendered":"<p>Les Ecossais ont donc majoritairement vot\u00e9 <em>No<\/em> au r\u00e9f\u00e9rendum sur l\u2019ind\u00e9pendance : le contraire aurait \u00e9t\u00e9 surprenant, vu le matraquage op\u00e9r\u00e9 non seulement par les Anglais, soudain inquiets de perdre le contr\u00f4le de la poule aux \u0153ufs d\u2019or, mais globalement par le monde entier, soucieux de ne pas encourager un si vilain exemple. Pour l\u2019Europe, particuli\u00e8rement, malgr\u00e9 le pseudo-exemple allemand, qui serait \u00e0 la source des recompositions de r\u00e9gions voulues par Fran\u00e7ois Hollande, le type qui n\u2019a jamais fait de g\u00e9ographie, et qui semble croire que le Bordelais lorgne sur le Limousin, l\u2019Auvergne sur Rh\u00f4ne-Alpes et la Corse \u2014 ben la Corse, on n\u2019y touche pas, on sait trop bien ce qui arrive aux b\u00e2timents publics quand on les contrarie. Et puis pour l\u2019\u00e9conomie mondialis\u00e9e, ces histoires de r\u00e9gion, cela sonne un peu archa\u00efque. Dans l\u2019optique des Nouveaux Ma\u00eetres \u2014 Alibaba et Goldmann-Sachs r\u00e9unis \u2014, la planisph\u00e8re s\u2019article autour de la Chine industrielle (production) en une tr\u00e8s vaste p\u00e9riph\u00e9rie regroupant le reste du monde (consommateurs). Bref, l\u2019Empire du Milieu m\u00e9rite \u00e0 nouveau son nom.<br \/>\n\u00ab \u00c0 titre personnel, oui, je suis heureuse, parce qu\u2019on n\u2019aime jamais voir les nations qui constituent l\u2019Europe se d\u00e9liter\u2026 \u00bb, a dit Najat Vallaud-Belkacem sur les ondes de France-Info, en ouverture de son <a href=\"http:\/\/www.franceinfo.fr\/emission\/l-interview-politique\/2014-2015\/najat-vallaud-belkacem-l-education-est-un-temps-long-19-09-2014-08-01\">interview du 19 septembre<\/a>.\u00a0Ma foi, elle a presque touch\u00e9 du doigt l\u2019essentiel de cette \u00e9lection rat\u00e9e \u2014 mais une occasion manqu\u00e9e ne peut manquer d\u2019amener une nouvelle occasion plus r\u00e9ussie \u2014 en Catalogne par exemple. L\u2019essentiel, c\u2019est que les Etats sont morts, dans le Grand Projet Mondialis\u00e9. Le pur jacobin que je suis s\u2019en \u00e9meut, mais il constate : \u00ab l\u2019Etat, c\u2019est moi \u00bb, disait Louis XIV \u2014 et l\u2019Etat, d\u00e9sormais, c\u2019est Hollande. On mesure la d\u00e9perdition de sens. Le soleil s\u2019est couch\u00e9.<\/p>\n<p>Dans un livre qui vient de para\u00eetre (<em>la France p\u00e9riph\u00e9rique \u2014 Comment on a sacrifi\u00e9 les classes populaires<\/em>, Flammarion), le g\u00e9ographe Christophe Guilluy montre fort bien que la France est d\u00e9sormais une galaxie de malaises additionn\u00e9s tournant autour des \u00ab villes mondialis\u00e9es \u00bb que sont Paris et deux ou trois autres centres urbains. Ce qui, explique-t-il, entra\u00eene des r\u00e9actions, frictions, \u00e9meutes et vote FN dans des endroits fort \u00e9loign\u00e9s des bastions historiques du lep\u00e9nisme. Les cartes de la d\u00e9sindustrialisation et de la mont\u00e9e des extr\u00eames se superposent exactement. Et apr\u00e8s les Bonnets rouges, pr\u00e9cise-t-il, on peut s\u2019attendre \u00e0 d\u2019autres jacqueries \u2014 au moment m\u00eame o\u00f9 je lisais son analyse, les Bretons incendiaient le Centre des imp\u00f4ts de Morlaix. Et la Bretagne, pour tant, est fort \u00e9loign\u00e9e de H\u00e9nin-Beaumont ou de Vitrolles. Mais voil\u00e0 : ce sont d\u00e9sormais les p\u00e9riph\u00e9ries qui flambent.<br \/>\nEh bien, je vois la tentation ind\u00e9pendantiste de l\u2019Ecosse, de la Catalogne ou du Pays basque comme des r\u00e9actions p\u00e9riph\u00e9riques au viol permanent op\u00e9r\u00e9 par la mondialisation. Ce ne sont pas des r\u00e9actions contre les Etats \u2014 il n\u2019y a plus d\u2019Etat \u2014, mais contre les abolisseurs de fronti\u00e8res, les importateurs de saloperies \u00e0 deux balles, les financiers transnationaux, contre ceux qui trouvent que le McDo est meilleur que le haggis ou le figatelli, contre les app\u00e9tits qui pompent du p\u00e9trole pour assouvir la City, ou qui exploitent Barcelone pour faire vivre Madrid.<br \/>\nEn fait, soutenir les r\u00e9gions, aujourd\u2019hui, a un sens exactement \u00e0 l\u2019oppos\u00e9 de ce qu\u2019il a pu avoir en 1940-1944 \u2014 il faut \u00eatre b\u00eate comme Askolovitch pour croire qu\u2019exalter le vrai camembert normand est une man\u0153uvre p\u00e9tainiste. Soutenir les r\u00e9gions, c\u2019est combattre l\u2019uniformisation voulue par les oligarques du gouvernement mondial, et, plus pr\u00e8s de nous, les valets de l\u2019ultra-lib\u00e9ralisme qui ont fait de l\u2019Europe le champ de man\u0153uvres de leurs int\u00e9r\u00eats \u2014 les leurs, pas les n\u00f4tres.<\/p>\n<p>Jean-Paul Brighelli<\/p>\n","protected":false},"excerpt":{"rendered":"<p>Les Ecossais ont donc majoritairement vot\u00e9 No au r\u00e9f\u00e9rendum sur l\u2019ind\u00e9pendance : le contraire aurait \u00e9t\u00e9 surprenant, vu le matraquage op\u00e9r\u00e9 non seulement par les Anglais, soudain inquiets de perdre le contr\u00f4le de la poule aux \u0153ufs d\u2019or, mais globalement par le monde entier, soucieux de ne pas encourager un si vilain exemple. Pour l\u2019Europe, [&hellip;]<\/p>\n","protected":false},"author":6,"featured_media":0,"comment_status":"open","ping_status":"open","sticky":false,"template":"","format":"standard","meta":{"footnotes":""},"categories":[1],"tags":[312,309,307,310,308,212,314,311,313,315],"class_list":{"0":"post-515","1":"post","2":"type-post","3":"status-publish","4":"format-standard","6":"category-non-classe","7":"tag-camembert","8":"tag-catalogne","9":"tag-christophe-guilluy","10":"tag-corse","11":"tag-ecosse","12":"tag-europe","13":"tag-mondialisation","14":"tag-pays-basque","15":"tag-regions","16":"tag-ultra-liberalisme"},"_links":{"self":[{"href":"https:\/\/blog.causeur.fr\/bonnetdane\/wp-json\/wp\/v2\/posts\/515","targetHints":{"allow":["GET"]}}],"collection":[{"href":"https:\/\/blog.causeur.fr\/bonnetdane\/wp-json\/wp\/v2\/posts"}],"about":[{"href":"https:\/\/blog.causeur.fr\/bonnetdane\/wp-json\/wp\/v2\/types\/post"}],"author":[{"embeddable":true,"href":"https:\/\/blog.causeur.fr\/bonnetdane\/wp-json\/wp\/v2\/users\/6"}],"replies":[{"embeddable":true,"href":"https:\/\/blog.causeur.fr\/bonnetdane\/wp-json\/wp\/v2\/comments?post=515"}],"version-history":[{"count":0,"href":"https:\/\/blog.causeur.fr\/bonnetdane\/wp-json\/wp\/v2\/posts\/515\/revisions"}],"wp:attachment":[{"href":"https:\/\/blog.causeur.fr\/bonnetdane\/wp-json\/wp\/v2\/media?parent=515"}],"wp:term":[{"taxonomy":"category","embeddable":true,"href":"https:\/\/blog.causeur.fr\/bonnetdane\/wp-json\/wp\/v2\/categories?post=515"},{"taxonomy":"post_tag","embeddable":true,"href":"https:\/\/blog.causeur.fr\/bonnetdane\/wp-json\/wp\/v2\/tags?post=515"}],"curies":[{"name":"wp","href":"https:\/\/api.w.org\/{rel}","templated":true}]}}