{"id":519,"date":"2014-09-30T03:21:04","date_gmt":"2014-09-30T03:21:04","guid":{"rendered":"http:\/\/blog.causeur.fr\/bonnetdane\/?p=519"},"modified":"2021-04-22T18:50:03","modified_gmt":"2021-04-22T16:50:03","slug":"marseille-capitale-europeenne-du-sport","status":"publish","type":"post","link":"https:\/\/blog.causeur.fr\/bonnetdane\/marseille-capitale-europeenne-du-sport-519","title":{"rendered":"Marseille, Capitale europ\u00e9enne du Sport"},"content":{"rendered":"<p>Marseille veut donc \u00eatre nomm\u00e9e Capitale europ\u00e9enne du sport en 2017, et n\u2019a plus aujourd\u2019hui qu\u2019un adversaire dans la course \u00e0 la d\u00e9signation, Sofia. Comme depuis 2001 toutes les villes d\u00e9sign\u00e9es ont \u00e9t\u00e9 choisies en Europe de l\u2019Ouest, le sort de la \u00ab capitale phoc\u00e9enne \u00bb, comme disent les journalistes, est suspendu au choix de 2016, annonc\u00e9 le 5 novembre prochain \u2014 Prague ou Palerme. Si c\u2019est Prague, conclut <em><a href=\"http:\/\/www.lefigaro.fr\/politique\/2014\/06\/20\/01002-20140620ARTFIG00326-marseille-veut-etre-capitale-europeenne-du-sport-en-2017.php\">le Figaro<\/a><\/em>, ce pourrait bien \u00eatre Marseille l\u2019ann\u00e9e suivante.<br \/>\nBonne id\u00e9e. La d\u00e9signation de Marseille comme Capitale europ\u00e9enne de la Culture avait quelque peu \u00e9tonn\u00e9 \u2014 ici-m\u00eame. Nous ne croulons pas sous les th\u00e9\u00e2tres (quatre ou cinq en exploitation plus ou moins r\u00e9guli\u00e8re, et le plus grand, la Cri\u00e9e, est en d\u00e9samiantage depuis des mois, on ne l\u2019avait laiss\u00e9 ouvert que pour bien figurer sur le tableau). Ce ne sont pas non plus les galeries d\u2019art (quelques-unes) ni les cin\u00e9mas (quatre ou cinq au total, les autres sont en p\u00e9riph\u00e9rie) qui ont permis \u00e0 la ville d\u2019\u00eatre \u00e9lue : quand j\u2019\u00e9tais gosse, il y avait jusqu\u2019\u00e0 vingt salles sur la seule Canebi\u00e8re : il en reste une, le reste \u00e9tant devenu entreprises de gros \/ demi-gros en direction du Maghreb. Marseille est la seule ville de France \u00e0 n\u2019avoir pas r\u00e9habilit\u00e9 son centre, et \u00e0 voir sa bourgeoisie s\u2019exiler sur de lointains villages \u2014 Cassis, par exemple.<br \/>\nBref, la Capitale europ\u00e9enne de la Culture a surtout brill\u00e9 par ses constructions opportunistes, r\u00e9alis\u00e9es avec l\u2019argent de l\u2019Europe.<br \/>\nMais pour le Sport, c\u2019est autre chose. Je ne peux qu\u2019approuver.<br \/>\nLe Marseillais de base pratique de nombreux sports, sur une base quotidienne. Le tir, bien s\u00fbr \u2014 m\u00eame si l\u2019\u00e9preuve de flingage \u00e0 la cible mouvante \u00e0 5 m\u00e8tres \u00e0 la kalachnikov n\u2019est pas encore homologu\u00e9e par les instances olympiques. La course aussi \u2014 surtout quand un individu patibulaire mais presque, comme disait Coluche, vous poursuit avec un rasoir \u00e0 la main. La boxe enfin \u2014 une amie s\u2019est fait agresser par deux individus qui lui ont propos\u00e9 de leur faire une g\u00e2terie \u00e0 4 heures de l\u2019apr\u00e8s-midi en plein centre sous pr\u00e9texte qu\u2019elle portait un short \u2014 par 30\u00b0 en fin d\u2019\u00e9t\u00e9 \u2014 et pas de voile. Ils l\u2019ont bouscul\u00e9e, elle en a frapp\u00e9 un pour se d\u00e9gager, ils l\u2019ont rou\u00e9e de coups (forc\u00e9ment hein, elle \u00e9tait peut-\u00eatre impure), avec l&rsquo;aide d&rsquo;un passant qui lui a expliqu\u00e9 qu&rsquo;elle avait insult\u00e9 leur culture, et sous l\u2019\u0153il int\u00e9ress\u00e9 de trois flics locaux attabl\u00e9s \u00e0 une terrasse toute proche : sollicit\u00e9s, ils ont expliqu\u00e9 qu\u2019ils n\u2019\u00e9taient pas l\u00e0 pour \u00e7a \u2014 ni pour rien d&rsquo;ailleurs, le viol du code et des jeunes filles en fleur \u00e9tant ici un sport local. La m\u00eame aventure m\u2019est arriv\u00e9e il y a quelques jours, dans la queue d\u2019un supermarch\u00e9 (nous manquons d\u2019\u00e9quipements, \u00e0 Marseille, nous pratiquons donc le sport dans des endroits incongrus) o\u00f9 un autre patibulaire m\u2019a propos\u00e9 gentiment de m\u2019arranger le nez d\u2019un coup de t\u00eate \u2014 on est serviable, dans le Midi. Et l\u2019ann\u00e9e derni\u00e8re, l\u2019un de mes \u00e9l\u00e8ves de Maths Sup, gentil gar\u00e7on qui venait d\u2019une ville p\u00e9riph\u00e9rique moins sportive, s\u2019est fait braquer \u00e0 dix heures du soir par deux individus de m\u00eame farine, arm\u00e9s d\u2019un couteau, en plein centre ville, \u00e0 deux pas du commissariat central de Noailles, o\u00f9 ils devaient achever leur belote, et a d\u00fb les escorter chez lui afin qu\u2019ils le d\u00e9lestent de son ordinateur, de son portable, et de ce qu\u2019il avait d\u2019argent liquide \u2014 15 euros. Il a d\u00e9m\u00e9nag\u00e9, du coup, et il est rentr\u00e9 chez lui \u2014 petit joueur ! Encore un qui n&rsquo;avait pas int\u00e9gr\u00e9 le Citius Altius Fortius Mortibus local. Il aurait au moins pu coller sa photo de lendemain d&rsquo;agression sur <a href=\"http:\/\/www.mpsport2017.com\/\">le site ouvert tout expr\u00e8s pour la candidature de la ville<\/a>, o\u00f9 les vrais Marseillais survivants sont invit\u00e9s \u00e0 d\u00e9poser leurs t\u00e9moignages sportifs..<br \/>\nLe Marseillais r\u00e9el s\u2019entra\u00eene, afin d\u2019\u00eatre pr\u00eat. Jour et nuit des coureurs arpentent la Corniche, et d\u00e9boulent au sprint sur le Vieux-Port. Ah, c\u2019est beau, cette jeunesse aux muscles tendus, au visage ruisselant, les poings serr\u00e9s sur le trousseau de clefs, arme opportuniste et efficace en cas d\u2019agression.<\/p>\n<p><a href=\"http:\/\/blog.causeur.fr\/bonnetdane\/files\/2014\/09\/IMG_00000241.jpg\"><img loading=\"lazy\" decoding=\"async\" class=\"alignnone size-large wp-image-523\" src=\"http:\/\/blog.causeur.fr\/bonnetdane\/files\/2014\/09\/IMG_00000241-1024x1024.jpg\" alt=\"\" width=\"1024\" height=\"1024\" srcset=\"https:\/\/blog.causeur.fr\/bonnetdane\/wp-content\/uploads\/sites\/25\/2014\/09\/IMG_00000241-1024x1024.jpg 1024w, https:\/\/blog.causeur.fr\/bonnetdane\/wp-content\/uploads\/sites\/25\/2014\/09\/IMG_00000241-150x150.jpg 150w, https:\/\/blog.causeur.fr\/bonnetdane\/wp-content\/uploads\/sites\/25\/2014\/09\/IMG_00000241-300x300.jpg 300w, https:\/\/blog.causeur.fr\/bonnetdane\/wp-content\/uploads\/sites\/25\/2014\/09\/IMG_00000241.jpg 1936w\" sizes=\"auto, (max-width: 1024px) 100vw, 1024px\" \/><\/a><br \/>\nNous sommes si sollicit\u00e9s par les jeunes sportifs des Quartiers Nord que nous venons d\u2019\u00e9lire dans ce coin St\u00e9phane Ravier (1), \u00a0l\u2019un des deux s\u00e9nateurs FN \u2014 avec des voix de droite et de gauche, nous ne sommes pas \u00e0 parti pris, ici. D\u2019ailleurs, la seule \u00e0 avoir sauv\u00e9 les meubles de la Gauche (d&rsquo;extr\u00eame justesse) est Samia Ghali \u2014 les trois autres s\u00e9nateurs PS se sont fait battre par des dissidents emmen\u00e9s par Jean-No\u00ebl Guerini, exclu rue de Solferino mais pl\u00e9biscit\u00e9 ici. La prochaine fois, les instances du PS r\u00e9fl\u00e9chiront \u00e0 deux fois avant de s\u2019en prendre \u00e0 un parrain. On a le respect de la famille et des traditions, ici. Enfin, dans l&rsquo;aventure, Patrick Menucci a disparu \u2014 il s&rsquo;entra\u00eene sans doute pour les prochaines \u00e9preuves, cat\u00e9gorie troisi\u00e8me mi-temps.<br \/>\nAlors oui, la Ville de Jean-Claude Gaudin m\u00e9rite amplement d\u2019\u00eatre \u00e9lue Capitale du Sport. \u00abNous avons privil\u00e9gi\u00e9 la culture au cours des derni\u00e8res ann\u00e9es pour la pr\u00e9paration de l&rsquo;ann\u00e9e capitale europ\u00e9enne de la culture. Si nous sommes choisi capitale europ\u00e9enne du sport, la priorit\u00e9 sera donn\u00e9e \u00e0 la r\u00e9novation de nos stades, piscines et gymnases\u00bb, commente Jean-Claude Gondard, directeur g\u00e9n\u00e9ral des services de la mairie \u2014 et vrai maire de la ville. \u00abCe sont 200 millions d&rsquo;euros qui y seront consacr\u00e9s sur le milliard d&rsquo;investissements pr\u00e9vus pour les six prochaines ann\u00e9es\u00bb. Et Jean-Claude Gaudin\u00a0d\u2019ajouter : \u00abCe serait bien que l&rsquo;\u00c9tat aide la deuxi\u00e8me ville de France, car non seulement on nous r\u00e9duit nos dotations mais on nous oblige \u00e0 mettre en place ces nouveaux rythmes scolaires qui vont nous couter une fortune ! \u00bb<br \/>\nComme je l\u2019ai expliqu\u00e9 r\u00e9cemment sur <a href=\"https:\/\/www.youtube.com\/watch?v=pviNURpBrGQ\">France 3 Provence<\/a>, il faut \u00e0 Marseille 3500 animateurs pour se plier aux fantaisies gouvernementales sur les rythmes scolaires, et d\u00e9but septembre, il n\u2019y en avait que 350 : c\u2019est qu\u2019il est difficile, ici, de trouver des jeunes qui aient \u00e0 la fois un BAFA et un casier judiciaire vierge. Bah, on en fera des volontaires encadrants pour les festivit\u00e9s sportives.<\/p>\n<p>Jean-Paul Brighelli<\/p>\n<p>(1) Auquel on doit un trait d&rsquo;esprit s\u00e9lectionn\u00e9 (mais non retenu, c&rsquo;est bien dommage) par le Club de l&rsquo;humour politique. Interrog\u00e9 l&rsquo;ann\u00e9e derni\u00e8re sur l&rsquo;avenir politique \u00e0 Marseille de Bernard Tapie, Ravier a d\u00e9clar\u00e9 : \u00ab\u00a0Le seul Tapie qui a de l&rsquo;avenir ici, c&rsquo;est le tapis de pri\u00e8re.\u00a0\u00bb<\/p>\n","protected":false},"excerpt":{"rendered":"<p>Marseille veut donc \u00eatre nomm\u00e9e Capitale europ\u00e9enne du sport en 2017, et n\u2019a plus aujourd\u2019hui qu\u2019un adversaire dans la course \u00e0 la d\u00e9signation, Sofia. Comme depuis 2001 toutes les villes d\u00e9sign\u00e9es ont \u00e9t\u00e9 choisies en Europe de l\u2019Ouest, le sort de la \u00ab capitale phoc\u00e9enne \u00bb, comme disent les journalistes, est suspendu au choix de [&hellip;]<\/p>\n","protected":false},"author":6,"featured_media":0,"comment_status":"open","ping_status":"open","sticky":false,"template":"","format":"standard","meta":{"footnotes":""},"categories":[1],"tags":[316,125,317,318,61],"class_list":{"0":"post-519","1":"post","2":"type-post","3":"status-publish","4":"format-standard","6":"category-non-classe","7":"tag-capitale-europeenne-du-sport","8":"tag-fn","9":"tag-gaudin","10":"tag-guerini","11":"tag-marseille"},"_links":{"self":[{"href":"https:\/\/blog.causeur.fr\/bonnetdane\/wp-json\/wp\/v2\/posts\/519","targetHints":{"allow":["GET"]}}],"collection":[{"href":"https:\/\/blog.causeur.fr\/bonnetdane\/wp-json\/wp\/v2\/posts"}],"about":[{"href":"https:\/\/blog.causeur.fr\/bonnetdane\/wp-json\/wp\/v2\/types\/post"}],"author":[{"embeddable":true,"href":"https:\/\/blog.causeur.fr\/bonnetdane\/wp-json\/wp\/v2\/users\/6"}],"replies":[{"embeddable":true,"href":"https:\/\/blog.causeur.fr\/bonnetdane\/wp-json\/wp\/v2\/comments?post=519"}],"version-history":[{"count":0,"href":"https:\/\/blog.causeur.fr\/bonnetdane\/wp-json\/wp\/v2\/posts\/519\/revisions"}],"wp:attachment":[{"href":"https:\/\/blog.causeur.fr\/bonnetdane\/wp-json\/wp\/v2\/media?parent=519"}],"wp:term":[{"taxonomy":"category","embeddable":true,"href":"https:\/\/blog.causeur.fr\/bonnetdane\/wp-json\/wp\/v2\/categories?post=519"},{"taxonomy":"post_tag","embeddable":true,"href":"https:\/\/blog.causeur.fr\/bonnetdane\/wp-json\/wp\/v2\/tags?post=519"}],"curies":[{"name":"wp","href":"https:\/\/api.w.org\/{rel}","templated":true}]}}