{"id":524,"date":"2014-10-09T04:09:28","date_gmt":"2014-10-09T04:09:28","guid":{"rendered":"http:\/\/blog.causeur.fr\/bonnetdane\/?p=524"},"modified":"2021-04-22T18:50:03","modified_gmt":"2021-04-22T16:50:03","slug":"du-bon-usage-du-francais-et-de-la-francaise","status":"publish","type":"post","link":"https:\/\/blog.causeur.fr\/bonnetdane\/du-bon-usage-du-francais-et-de-la-francaise-524","title":{"rendered":"Du bon usage du fran\u00e7ais et de la Fran\u00e7aise"},"content":{"rendered":"<p>Alors ? \u00ab Madame le pr\u00e9sident ? \u00bb \u00ab Madame la pr\u00e9sidente ? \u00bb \u00ab Madame le ministre ? \u00bb \u00ab Madame\u2026 \u00bb<br \/>\nOn ne plaisante pas avec le genre : cela peut vous co\u00fbter jusqu\u2019\u00e0 1300 euros par mois \u2014 c\u2019est du moins ce qui est arriv\u00e9 au d\u00e9put\u00e9 du Vaucluse <a href=\"http:\/\/rmc.bfmtv.com\/mediaplayer\/video\/julien-aubert-ump-se-defend-madame-la-presidente-c-est-la-femme-du-president-328540.html\">Julien Aubert<\/a>, que Sandrine Mazetier, la (vice)pr\u00e9sidente de s\u00e9ance \u00e0 l\u2019Assembl\u00e9e a fustig\u00e9 au portefeuille parce qu\u2019il avait opt\u00e9 pour l\u2019Acad\u00e9mique au d\u00e9triment du linguistiquement correct. 1300 euros pour avoir respect\u00e9 la langue, voil\u00e0 qui ferait r\u00eaver bien des profs : imaginez, si vous pouviez taxer chaque \u00e9l\u00e8ve auteur d\u2019une impropri\u00e9t\u00e9\u2026 Voil\u00e0 r\u00e9solu le douloureux probl\u00e8me des salaires notoirement insuffisants des enseignants.<br \/>\nSoyons clairs : \u00ab Madame le pr\u00e9sident \u00bb est absolument correct. En fran\u00e7ais, \u00ab Madame la pr\u00e9sidente \u00bb d\u00e9signe la femme du pr\u00e9sident : je travaille une fois de plus en ce moment sur <em>les Liaisions dangereuses<\/em>, et Mme de Tourvel y est constamment appel\u00e9e \u00ab la divine Pr\u00e9sidente \u00bb, parce que son mari, heureusement absent, est Pr\u00e9sident \u00e0 mortier, comme on disait, d\u2019un parlement r\u00e9gional. Noblesse de robe. Et Baudelaire mourait d&rsquo;amour pour la \u00ab\u00a0pr\u00e9sidente \u00bb Sabatier, \u00ab \u00a0la tr\u00e8s ch\u00e8re, la tr\u00e8s belle, l&rsquo;idole immortelle \u00bb, pendant que Gautier la baisait sauvagement et lui \u00e9crivait des <a href=\"http:\/\/www.freres-goncourt.fr\/bergeratGautier\/presidente.htm\">lettres torrides<\/a> \u2014 \u00e0 chacun selon ses moyens. Tout comme le \u00ab Madame le ministre \u00bb que le m\u00eame Julien Aubert, dix minutes plus tard, adressa \u00e0 S\u00e9gol\u00e8ne Royal, qui ne s\u2019en est pas particuli\u00e8rement \u00e9mue.<br \/>\nParce qu\u2019enfin, comme le signale avec un vrai humour Sandrine Campese dans <em><a href=\"http:\/\/leplus.nouvelobs.com\/contribution\/1247643-un-depute-sanctionne-pour-avoir-repete-madame-le-president-irrespectueux-au-contraire.html\">l\u2019Obs<\/a><\/em>, \u00ab Madame la maire \u00bb, parmi tant d\u2019ambigu\u00eft\u00e9s malsonnantes, serait particuli\u00e8rement mal venu \u2014 \u00ab Je vois la maire d\u2019ici \u00bb, comme dirait un kakemphaton que j\u2019ai beaucoup aim\u00e9\u2026 La f\u00e9minisation syst\u00e9matique voulue par les plus cr\u00e9tines des f\u00e9ministes, et par une Gauche qui n\u2019a vraiment rien d\u2019autre \u00e0 faire que des r\u00e9formes soci\u00e9tales, vu que les autres sont vot\u00e9es \u00e0 Berlin ou \u00e0 Bruxelles, est une faute contre la langue. \u00ab Professeure \u00bb, \u00ab auteure \u00bb, et autres monstruosit\u00e9s peuvent, si \u00e7a leur chante, trouver un h\u00e9bergement dans les colonnes du <em>Monde<\/em>, mais pas sous la souris d\u2019un honn\u00eate homme (mince alors, je ne peux pas \u00e9crire \u00ab honn\u00eate femme \u00bb sans verser dans le quiproquo \u2014 peut-\u00eatre parce que l\u2019homme d\u2019\u00ab honn\u00eate homme \u00bb d\u00e9signe l\u2019\u00eatre humain, h\u00e9, patate !). Sandrine Mazetier est cette d\u00e9put\u00e9e qui proposa jadis de <a href=\"http:\/\/www.liberation.fr\/societe\/2013\/02\/01\/la-deputee-sandrine-mazetier-ne-veut-plus-parler-d-ecole-maternelle_878591\">d\u00e9baptiser les \u00e9coles maternelles<\/a>, parce qu\u2019elles trouvait que l\u2019adjectif r\u00e9duisait la femme \u00e0 sa fonction reproductrice. Elle a des enfants, la madame ? Ou faut-il dire \u00ab\u00a0le madame \u00bb, elle qui avait pr\u00e9c\u00e9demment interpell\u00e9 \u00a0Julien Aubert \u00ab\u00a0monsieur la d\u00e9put\u00e9(e) \u00bb? Comme quoi donner le \u00ab la \u00bb peut d\u00e9sormais \u00eatre une faute d&rsquo;accord\u2026 Bizarre, bizarre\u2026<br \/>\nQue dit la langue ? La langue dit que seul l\u2019usage impose, et non une sous-commission des lois. Sandrine Mazetier, qui a fait une classe pr\u00e9pa et m\u00eame une Licence de Lettres classiques, avant de d\u00e9river vers le CELSA, aurait d\u00fb l\u2019apprendre : c\u2019est Vaugelas qui a formul\u00e9 cela le plus nettement. \u00ab\u00a0L\u2019usage est le ma\u00eetre de la langue \u00bb, dit-il \u2014 avant de pr\u00e9ciser que par \u00ab usage \u00bb il faut encore entendre le \u00ab bon usage \u00bb, conform\u00e9ment \u00e0 \u00ab la fa\u00e7on de parler de la partie la plus saine de la Cour, conform\u00e9ment \u00e0 la fa\u00e7on d\u2019\u00e9crire de la plus saine partie des auteurs du temps \u00bb \u2014 pas les journalistes qui se croient oblig\u00e9s de rajouter des \u0153ufs \u00e0 des mots qui ne leur ont rien fait. Pour le moment, ni l\u2019Acad\u00e9mie ni le Larousse n\u2019ont encore ent\u00e9rin\u00e9 \u00ab professeure \u00bb \u2014 ni le f\u00e9minin de \u00ab ministre \u00bb. Val\u00e9rie P\u00e9cresse, que j\u2019ai un peu fr\u00e9quent\u00e9e, pr\u00e9f\u00e9rait \u00eatre \u00ab madame le ministre \u00bb, parce que l\u2019expression associe une femme \u00e0 une fonction, et que la fonction est neutre, d&rsquo;autant plus neutre qu&rsquo;elle est prestigieuse (pas de ma faute si en fran\u00e7ais le neutre se confond, morphologiquement, avec le masculin). Amis enseignants, demandez donc dans vos acad\u00e9mies si le recteur, quand il est une femme, exige d\u2019\u00eatre appel\u00e9 \u00ab madame la recteur \u00bb ou \u00ab madame la rectrice \u00bb \u2014 beurk\u2026 \u00c0 Clermont-Ferrand, par exemple, Marie-Dani\u00e8le Campion est appel\u00e9e \u00ab madame le recteur \u00bb, et elle a bien raison.<br \/>\n<a href=\"http:\/\/www.atlantico.fr\/decryptage\/attention-vos-accords-braves-gens-brigades-repression-vice-grammatical-gauche-institutionnelle-guettent-jean-paul-brighelli-1795732.html\"> Interview\u00e9 par Atlantico sur le sujet<\/a>, j\u2019ai juste rappel\u00e9 que \u00ab le vrai f\u00e9minisme, celui que je pourrais revendiquer, consiste \u00e0 former des hommes et des femmes, indiff\u00e9remment, pour les amener au plus haut de leurs capacit\u00e9s afin qu&rsquo;ils occupent les postes les plus \u00e9minents pour lesquels ils sont faits \u00bb et que \u00ab la politique des quotas est une absurdit\u00e9 sans nom : je n&rsquo;ai aucune objection \u00e0 avoir un gouvernement essentiellement ou totalement f\u00e9minin, d\u00e8s lorsque les femmes choisis seront plus comp\u00e9tentes que les hommes. Le vrai f\u00e9minisme consiste \u00e0 avoir des femmes comp\u00e9tentes \u00e0 de vrais postes de pr\u00e9sidents (et elles se ficheront pas mal, alors, d&rsquo;\u00eatre appel\u00e9es pr\u00e9sidentes), et non des guignols de sexe f\u00e9minin \u00e0 des postes pour lesquels elles ne sont pas faits \u00bb \u2014 vice-pr\u00e9sidente de l\u2019Assembl\u00e9e, par exemple. Parce qu\u2019enfin, soit le genre des mots (qui n\u2019est pas un sexe des mots, comme je l\u2019entends parfois) est devenu indiff\u00e9rent, et nous allons vers des temps troubl\u00e9s, soit il a \u00e9t\u00e9 sanctifi\u00e9 par l\u2019usage, m\u00eame quand l\u2019usage est arbitraire : demandez ce qu\u2019ils en pensent \u00e0 amour, d\u00e9lice et orgue, auxquels le m\u00eame Vaugelas a impos\u00e9 un changement de genre selon qu\u2019ils sont singulier ou pluriel. Au lieu de se focaliser sur des appellations incontr\u00f4l\u00e9es, les f\u00e9ministes feraient mieux de s\u2019occuper des <a href=\"http:\/\/www.lepoint.fr\/invites-du-point\/jean-paul-brighelli\/brighelli-deferlante-de-voiles-a-l-universite-03-10-2014-1869088_1886.php\">jeunes Maghr\u00e9bines forc\u00e9es de porter un voile<\/a>. Elles feraient mieux de se battre pour que les ouvri\u00e8res illettr\u00e9es de Gad et d\u2019ailleurs apprennent correctement \u00e0 lire et \u00e0 \u00e9crire (j\u2019ai particip\u00e9 dans les ann\u00e9es 1970 \u00e0 des formations d\u2019immigr\u00e9s auxquels nous apprenions \u00e0 d\u00e9crypter le fran\u00e7ais, assez pour qu\u2019ils \u00e9vitent les pi\u00e8ges tendus dans les contrats que leur faisaient signer les patrons et les marchands de sommeil de l\u2019\u00e9poque \u2014 apparemment, \u00e7a ne se fait plus). Elles feraient mieux de se battre pour que le slogan \u00ab \u00e0 travail \u00e9gal, salaire \u00e9gal \u00bb ne soit pas un vain mot. Bref, elles feraient mieux de se battre, au lieu de sodomiser les dipt\u00e8res et les lexicographes avec un olisbos l\u00e9gislatif. Mais pour cela, il aurait fallu qu\u2019elles soient f\u00e9ministes avant d\u2019\u00eatre hollandistes, et qu&rsquo;elles sussent parler fran\u00e7ais. Et \u00e7a\u2026<\/p>\n<p>Jean-Paul Brighelli<\/p>\n","protected":false},"excerpt":{"rendered":"<p>Alors ? \u00ab Madame le pr\u00e9sident ? \u00bb \u00ab Madame la pr\u00e9sidente ? \u00bb \u00ab Madame le ministre ? \u00bb \u00ab Madame\u2026 \u00bb On ne plaisante pas avec le genre : cela peut vous co\u00fbter jusqu\u2019\u00e0 1300 euros par mois \u2014 c\u2019est du moins ce qui est arriv\u00e9 au d\u00e9put\u00e9 du Vaucluse Julien Aubert, que [&hellip;]<\/p>\n","protected":false},"author":6,"featured_media":0,"comment_status":"open","ping_status":"open","sticky":false,"template":"","format":"standard","meta":{"footnotes":""},"categories":[1],"tags":[331,332,327,330,328,329],"class_list":{"0":"post-524","1":"post","2":"type-post","3":"status-publish","4":"format-standard","6":"category-non-classe","7":"tag-feminisme","8":"tag-genre-lexical","9":"tag-julien-aubert","10":"tag-presidente","11":"tag-sandrine-mazetier","12":"tag-vaugelas"},"_links":{"self":[{"href":"https:\/\/blog.causeur.fr\/bonnetdane\/wp-json\/wp\/v2\/posts\/524","targetHints":{"allow":["GET"]}}],"collection":[{"href":"https:\/\/blog.causeur.fr\/bonnetdane\/wp-json\/wp\/v2\/posts"}],"about":[{"href":"https:\/\/blog.causeur.fr\/bonnetdane\/wp-json\/wp\/v2\/types\/post"}],"author":[{"embeddable":true,"href":"https:\/\/blog.causeur.fr\/bonnetdane\/wp-json\/wp\/v2\/users\/6"}],"replies":[{"embeddable":true,"href":"https:\/\/blog.causeur.fr\/bonnetdane\/wp-json\/wp\/v2\/comments?post=524"}],"version-history":[{"count":0,"href":"https:\/\/blog.causeur.fr\/bonnetdane\/wp-json\/wp\/v2\/posts\/524\/revisions"}],"wp:attachment":[{"href":"https:\/\/blog.causeur.fr\/bonnetdane\/wp-json\/wp\/v2\/media?parent=524"}],"wp:term":[{"taxonomy":"category","embeddable":true,"href":"https:\/\/blog.causeur.fr\/bonnetdane\/wp-json\/wp\/v2\/categories?post=524"},{"taxonomy":"post_tag","embeddable":true,"href":"https:\/\/blog.causeur.fr\/bonnetdane\/wp-json\/wp\/v2\/tags?post=524"}],"curies":[{"name":"wp","href":"https:\/\/api.w.org\/{rel}","templated":true}]}}