{"id":526,"date":"2014-10-17T03:48:32","date_gmt":"2014-10-17T03:48:32","guid":{"rendered":"http:\/\/blog.causeur.fr\/bonnetdane\/?p=526"},"modified":"2021-04-22T18:50:03","modified_gmt":"2021-04-22T16:50:03","slug":"nous-sommes-tous-des-juifs-allemands-et-des-islamophobes","status":"publish","type":"post","link":"https:\/\/blog.causeur.fr\/bonnetdane\/nous-sommes-tous-des-juifs-allemands-et-des-islamophobes-526","title":{"rendered":"Nous sommes tous des Juifs allemands et des islamophobes"},"content":{"rendered":"<p>Rappel des \u00e9pisodes pr\u00e9c\u00e9dents.<br \/>\nIl y a quinze jours, le mardi 30 septembre, un prof d\u2019Histoire de l\u2019IEP d\u2019Aix-en-Provence, en plein cours sur la Constitution de 1789 \u2014 et le passage d\u2019une soci\u00e9t\u00e9 monarchique et religieuse \u00e0 une soci\u00e9t\u00e9 la\u00efque et d\u00e9mocratique \u2014 a trait\u00e9 une \u00e9tudiante habill\u00e9e d\u2019une burka de \u00ab cheval de Troie de l\u2019islamisme \u00bb. Emotion, l\u2019interpell\u00e9e \u00e9clate en sanglots ou feint de, et quelques \u00e9tudiants quittent l\u2019amphi en signe de solidarit\u00e9. Ceux qui y sont rest\u00e9s \u2014 la majorit\u00e9 \u2014 ont exprim\u00e9 aussi une forme de soutien au prof.<br \/>\nTous les d\u00e9tails, fournis par un t\u00e9moin oculaire ancien \u00e9l\u00e8ve du lyc\u00e9e Thiers, <a href=\"http:\/\/www.lepoint.fr\/invites-du-point\/jean-paul-brighelli\/iep-d-aix-en-provence-voiles-et-deboires-08-10-2014-1870313_1886.php\">ici<\/a>.<br \/>\nJ\u2019ai <a href=\"http:\/\/www.lepoint.fr\/invites-du-point\/jean-paul-brighelli\/brighelli-deferlante-de-voiles-a-l-universite-03-10-2014-1869088_1886.php\">r\u00e9agi sur le site du Point.fr<\/a>,\u00a0si bien r\u00e9agi que Jean-Louis Bianco a cru bon de <a href=\"http:\/\/www.lepoint.fr\/societe\/voile-a-l-universite-la-peur-et-l-emotion-ne-resoudront-rien-10-10-2014-1871245_23.php\">donner son sentiment<\/a> sur la \u00ab la\u00efcit\u00e9 am\u00e9nag\u00e9e \u00bb ch\u00e8re au PS et autres cr\u00e9tins utiles. <a href=\"http:\/\/www.lepoint.fr\/invites-du-point\/jean-paul-brighelli\/brighelli-la-laicite-est-une-et-indivisible-13-10-2014-1871845_1886.php\">Je lui ai r\u00e9pondu<\/a>, courtoisement (je crois) mais fermement.<br \/>\nEt voici que les salafistes s\u2019en m\u00ealent, et <a href=\"http:\/\/oumma.com\/214544\/personnages-derapages\">par la voix d\u2019un membre du NPA<\/a>, o\u00f9 il joue lui-m\u00eame au cheval de Troie de la grande r\u00e9conciliation version EEIL, je suis \u00e9tiquet\u00e9 \u00ab islamophobe \u00bb \u2014 ce qui, dans ce pays plein de jihadistes en puissance et autres t\u00eates creuses, m\u2019inqui\u00e8terait si j\u2019\u00e9tais du genre \u00e0, et en tout cas inqui\u00e8te quelques proches.<br \/>\nAlors, mettons les choses au point.<\/p>\n<p>Cher Renaud Cornand qui m\u2019invectivez sur le site si d\u00e9mocratique d\u2019Oumma, et dont je crois bien avoir eu l\u2019honneur de croiser la verve \u00e9nerv\u00e9e lors d\u2019une conf\u00e9rence-d\u00e9bat avec Philippe Meirieu \u00e0 la FNAC Marseille il y quelques ann\u00e9es (eh oui, j\u2019ai la m\u00e9moire longue, et quand j\u2019en rencontre un beau, je le rep\u00e8re)\u2026<\/p>\n<p>Je sais, vous br\u00fblez d\u2019\u00eatre connu et reconnu. On vous doit, au NPA, l\u2019heureuse initiative de cette <a href=\"http:\/\/www.lefigaro.fr\/politique\/2010\/02\/02\/01002-20100202ARTFIG00688-le-npa-presente-une-candidate-voilee-.php\">candidate voil\u00e9e pr\u00e9sent\u00e9e en 2010 dans le Vaucluse<\/a> \u2014 une audace que l\u2019ancienne LCR, que je connais bien, n\u2019aurait jamais valid\u00e9e : aucune femme voil\u00e9e n\u2019a \u00e9t\u00e9 admise dans l\u2019organisation d\u2019Alain Krivine (qui s\u2019y \u00e9tait personnellement oppos\u00e9 chez lui, en Seine Saint-Denis). Comme l\u2019a utilement rappel\u00e9 en 2010 un communiqu\u00e9 du NPA, auquel j\u2019adh\u00e8re totalement, \u00ab Le foulard est non seulement un symbole religieux visible mais il est \u00e9galement un instrument de soumission des femmes utilis\u00e9 sous diverses formes et \u00e0 diverses \u00e9poques par les trois monoth\u00e9ismes. \u00bb Et apr\u00e8s, ils ont accept\u00e9 la candidature de la jeune soumise\u2026<br \/>\nIls ne seraient pas un peu schizo\u00efdes, chez Besancenot ?<br \/>\nD\u2019autant que ladite voil\u00e9e a fait long feu : <a href=\"http:\/\/www.liberation.fr\/politiques\/2011\/02\/14\/la-candidate-voilee-du-npa-monte-un-nouveau-parti-politique_714884\">elle est partie du NPA<\/a>, o\u00f9 elle n\u2019avait rien \u00e0 faire, avec ses petits camarades barbus. Carton plein. On discr\u00e9dite un honn\u00eate groupuscule, et on se casse apr\u00e8s avoir fait le maximum de d\u00e9g\u00e2ts.<br \/>\nMais Renaud Cornand n\u2019en a pas profit\u00e9 pour r\u00e9fl\u00e9chir. Il est vrai que depuis le d\u00e9but des ann\u00e9es 2000, o\u00f9 il a commenc\u00e9 \u00e0 militer au NPA d\u2019Aix-Marseille, il est parvenu \u00e0 vider la cellule locale de la LCR\u00a0de la plupart de ses membres, ulc\u00e9r\u00e9s par ses diatribes pro-islamistes. Il encensait alors Tariq Ramadan (\u00e0 qui j\u2019ai flanqu\u00e9, c\u2019est un bon souvenir, <a href=\"https:\/\/www.youtube.com\/watch?v=8De3ujyoppU\">l\u2019une des rares racl\u00e9es m\u00e9diatiques<\/a> essuy\u00e9es par cet as du double langage, et dont le fr\u00e8re, Hani, <a href=\"http:\/\/www.agoravox.tv\/actualites\/religions\/article\/hani-ramadan-defend-la-lapidation-27707\">recommande saintement la lapidation des femmes adult\u00e8res en Europe<\/a>), et justifiait le rapprochement de la LCR avec les Fr\u00e8res musulmans en rappelant que la Gauche s\u2019\u00e9tait bien acoquin\u00e9e avec Mgr Gaillot ou les ministres j\u00e9suites du Nicaragua \u2014 en oubliant au passage que l\u2019Islam n\u2019a fait ni sa R\u00e9forme, ni sa th\u00e9ologie de la Lib\u00e9ration, et qu\u2019il ex\u00e8cre les homos.<br \/>\nBref, gr\u00e2ce \u00e0 cet agit\u00e9 du bocal, les effectifs de l\u2019extr\u00eame-gauche aixoise ont fondu comme neige au soleil de l\u2019Arabie heureuse, entre ceux qui, \u00e9c\u0153ur\u00e9s, sont partis dans la nature, et ceux qui sont all\u00e9s s\u2019encarter chez M\u00e9lenchon, qui lui au moins n\u2019a pas vari\u00e9 dans son rapport aux voiles, burkas, tchadors, niqabs et autres symboles ind\u00e9niables de libert\u00e9 de pens\u00e9e et de lib\u00e9ration de la femme : \u00ab On ne peut pas se dire f\u00e9ministe en affichant un signe de soumission patriarcale \u00bb, affirme-t-il. Islamophobe, va ! On va te scier la t\u00eate, Merluche ! Juste apr\u00e8s moi.<br \/>\nParce que dans la d\u00e9nonciation en r\u00e8gle qu\u2019op\u00e8re Renaud Cornand, il y a en filigrane l\u2019espoir qu\u2019on se d\u00e9barrassera bient\u00f4t de moi \u2014 professionnellement d\u2019abord : \u00ab Un enseignant islamophobe est-il l\u00e9gitime pour enseigner au lyc\u00e9e Thiers de Marseille, qui-plus-est au sein d\u2019une classe accueillant des \u00e9l\u00e8ves issus d\u2019\u00e9tablissements populaires ? \u00bb<br \/>\nPauvre cloche ! L\u2019\u00e9l\u00e8ve voil\u00e9e de l\u2019IEP d\u2019Aix, elle y est probablement gr\u00e2ce \u00e0 moi (comme quoi je fais de mon mieux pour leur apprendre \u00e0 penser sainement, et \u00e0 distinguer la foi du fanatisme, mais \u00e7a ne marche pas toujours). Comme pas mal de ses camarades des deux ou trois sexes. Et toi, cr\u00e9tin patent\u00e9, qu\u2019est-ce qu\u2019ils te doivent ?<br \/>\nQuant aux brevets de rectitude gauchiste\u2026 Ce n\u2019\u00e9tait pas toi qui \u00e9tais \u00e0 la Mutualit\u00e9 le 21 juin 1973, face aux (vrais) fachos et aux CRS, avec la LCR de l\u2019\u00e9poque \u2014 et une petite organisation qui s\u2019appelait tout bonnement R\u00e9volution ! Tu t\u00e9tais ta m\u00e8re pendant que je m&rsquo;exer\u00e7ais \u00e0 la gu\u00e9rilla urbaine.<\/p>\n<p>Alors, tiens-toi le pour dit : je sais identifier un fasciste quand j\u2019en vois un. Tu cherches \u00e0 exister en flattant ce qu\u2019il y a en ce moment de plus bas, comme Edwy Plenel, qui vient de sortir <em>Pour les Musulmans<\/em> (franchement, les trotskards, ils feraient mieux de se mettre \u00e0 la retraite) ou Claude Askolovitch (feuilleter son ineffable livre, <em>Nos mals-aim\u00e9s : ces musulmans dont la France ne veut pas<\/em>, c\u2019est faire l\u2019exp\u00e9rience de l\u2019ab\u00eeme). Tu devrais te m\u00e9fier : l\u2019Islam a mauvaise presse, en ce moment. Et d\u2019ici que les RG s\u2019int\u00e9ressent aux amis des amis des extr\u00e9mistes\u2026 Sans parler de ce qui arrivera quand, gr\u00e2ce \u00e0 toi, le FN sera aux commandes.<\/p>\n<p>Ceux que je plains, au fond, ce sont les Musulmans sinc\u00e8res.Avec des amis comme Renaud Cornand, ils n&rsquo;ont plus besoin d&rsquo;ennemis.<\/p>\n<p>Allez, tu me laisses faire mon boulot, et tu changes de trottoir si par hasard tu me rencontres \u00e0 Marseille. J\u2019ai horreur de marcher sur des merdes de chien.<\/p>\n<p>Jean-Paul Brighelli<\/p>\n","protected":false},"excerpt":{"rendered":"<p>Rappel des \u00e9pisodes pr\u00e9c\u00e9dents. Il y a quinze jours, le mardi 30 septembre, un prof d\u2019Histoire de l\u2019IEP d\u2019Aix-en-Provence, en plein cours sur la Constitution de 1789 \u2014 et le passage d\u2019une soci\u00e9t\u00e9 monarchique et religieuse \u00e0 une soci\u00e9t\u00e9 la\u00efque et d\u00e9mocratique \u2014 a trait\u00e9 une \u00e9tudiante habill\u00e9e d\u2019une burka de \u00ab cheval de Troie [&hellip;]<\/p>\n","protected":false},"author":6,"featured_media":0,"comment_status":"open","ping_status":"open","sticky":false,"template":"","format":"standard","meta":{"footnotes":""},"categories":[1],"tags":[339,335,340,333,337,338,336,334,92],"class_list":{"0":"post-526","1":"post","2":"type-post","3":"status-publish","4":"format-standard","6":"category-non-classe","7":"tag-burka","8":"tag-hani-ramadan","9":"tag-iep-aix-en-provence","10":"tag-islamophobie","11":"tag-lcr","12":"tag-npa","13":"tag-renaud-cornand","14":"tag-tariq-ramadan","15":"tag-voile"},"_links":{"self":[{"href":"https:\/\/blog.causeur.fr\/bonnetdane\/wp-json\/wp\/v2\/posts\/526","targetHints":{"allow":["GET"]}}],"collection":[{"href":"https:\/\/blog.causeur.fr\/bonnetdane\/wp-json\/wp\/v2\/posts"}],"about":[{"href":"https:\/\/blog.causeur.fr\/bonnetdane\/wp-json\/wp\/v2\/types\/post"}],"author":[{"embeddable":true,"href":"https:\/\/blog.causeur.fr\/bonnetdane\/wp-json\/wp\/v2\/users\/6"}],"replies":[{"embeddable":true,"href":"https:\/\/blog.causeur.fr\/bonnetdane\/wp-json\/wp\/v2\/comments?post=526"}],"version-history":[{"count":0,"href":"https:\/\/blog.causeur.fr\/bonnetdane\/wp-json\/wp\/v2\/posts\/526\/revisions"}],"wp:attachment":[{"href":"https:\/\/blog.causeur.fr\/bonnetdane\/wp-json\/wp\/v2\/media?parent=526"}],"wp:term":[{"taxonomy":"category","embeddable":true,"href":"https:\/\/blog.causeur.fr\/bonnetdane\/wp-json\/wp\/v2\/categories?post=526"},{"taxonomy":"post_tag","embeddable":true,"href":"https:\/\/blog.causeur.fr\/bonnetdane\/wp-json\/wp\/v2\/tags?post=526"}],"curies":[{"name":"wp","href":"https:\/\/api.w.org\/{rel}","templated":true}]}}