{"id":532,"date":"2014-10-22T06:39:40","date_gmt":"2014-10-22T06:39:40","guid":{"rendered":"http:\/\/blog.causeur.fr\/bonnetdane\/?p=532"},"modified":"2021-04-22T18:50:02","modified_gmt":"2021-04-22T16:50:02","slug":"le-bal-des-faux-culs","status":"publish","type":"post","link":"https:\/\/blog.causeur.fr\/bonnetdane\/le-bal-des-faux-culs-532","title":{"rendered":"Le bal des faux-culs"},"content":{"rendered":"<p>\u00ab\u00a0J\u2019appelle un chat un chat, et Rollet un fripon\u00a0\u00bb, dit tr\u00e8s bien Boileau dans les <em>Satires<\/em> (Rollet \u00e9tait un procureur v\u00e9reux \u2014 pl\u00e9onasme, \u00e0 l\u2019\u00e9poque). Mon ami G\u00e9rard Filoche (relativisons\u00a0: il est mon ami parce que nous avons particip\u00e9 \u00e0 la m\u00eame manif le 21 juin 1973, et que nous avons partag\u00e9 le m\u00eame \u00e9diteur) suscite depuis hier un \u00e9moi g\u00e9n\u00e9ral dans la classe politique (petite classe\u2026), parce qu\u2019il a salu\u00e9 d\u2019un tweet ravageur et bien senti la mort de Christophe de Margerie la veille \u00e0 Moscou, o\u00f9 il \u00e9tait all\u00e9 faire des affaires avec Medvedev au nez et \u00e0 la barbe des pseudo-sanctions prises contre le gouvernement russe \u2014 tout comme il avait apparemment contourn\u00e9 all\u00e8grement le processus p\u00e9trole contre nourriture en Irak dans les ann\u00e9es 1990-2000. Valls \u2014 ami personnel de Margerie\u00a0: dis-moi qui tu fr\u00e9quentes\u2026 \u2014 s\u2019indigne, une foultitude de d\u00e9put\u00e9s l\u00e9cheurs de Premier ministre <a href=\"http:\/\/www.lemonde.fr\/politique\/article\/2014\/10\/21\/des-dizaines-de-deputes-ps-demandent-l-exclusion-de-gerard-filoche_4510055_823448.html\">demandent son exclusion<\/a> des instances du PS, un Guerini (qui s\u2019est exclu tout seul, mais qui n\u2019avait pas \u00e9t\u00e9 vir\u00e9) \u00e7a va, mais un Filoche, c\u2019est trop.<br \/>\nEt puis, dans les G\u00e9rard, au PS, ils ont d\u00e9j\u00e0 Collomb, qui comble leurs attentes de sociaux-lib\u00e9raux. Ils n\u2019ont pas besoin de Filoche.<\/p>\n<p>Filoche est \u00e0 peu pr\u00e8s tout ce qui reste \u00e0 gauche au PS. Sa carri\u00e8re d\u2019inspecteur du travail l\u2019a conduit \u00e0 fr\u00e9quenter tout ce que le patronat comporte de cannibales\u00a0: non que tous les patrons soient des vampires, mais certains ne se g\u00eanent pas pour manger la chair des fils apr\u00e8s avoir suc\u00e9 le sang des p\u00e8res, comme dit Swift dans un pamphlet c\u00e9l\u00e8bre. Filoche, c\u2019est l\u2019\u00e9nergum\u00e8ne \u00e9loquent ; il s\u2019est rod\u00e9, depuis pr\u00e8s de soixante ans qu\u2019il milite, \u00e0 tout ce que le PC, la LCR, et le PS pouvaient fournir d\u2019occasions de s\u2019emporter \u2014 et il a l\u2019emportement facile, en bon descendant des Vikings qu\u2019il est (il en a le physique de g\u00e9ant faussement d\u00e9bonnaire). Il a la col\u00e8re a fleur de peau \u2014 il a fait <a href=\"https:\/\/www.youtube.com\/watch?v=FHG2DEBgcdw\">chez Ruquier en mai dernier<\/a> un grand num\u00e9ro qui a laiss\u00e9 Natacha Polony, qui n\u2019en pensait pas moins, visiblement enthousiaste \u2014 elle est gauchiste tout au fond d\u2019elle, c\u2019est bien connu. M\u00eame si elle lui a demand\u00e9, avec un certain bon sens, ce qu&rsquo;un homme comme lui faisait encore dans ce parti de nouilles recuites.<a href=\"http:\/\/blog.causeur.fr\/bonnetdane\/le-bal-des-faux-culs-00532.html\/filoche-rouge-300x300\" rel=\"attachment wp-att-535\"><img loading=\"lazy\" decoding=\"async\" class=\"alignnone size-full wp-image-535\" src=\"http:\/\/blog.causeur.fr\/bonnetdane\/files\/2014\/10\/Filoche-rouge-300x300.jpg\" alt=\"\" width=\"300\" height=\"300\" srcset=\"https:\/\/blog.causeur.fr\/bonnetdane\/wp-content\/uploads\/sites\/25\/2014\/10\/Filoche-rouge-300x300.jpg 300w, https:\/\/blog.causeur.fr\/bonnetdane\/wp-content\/uploads\/sites\/25\/2014\/10\/Filoche-rouge-300x300-150x150.jpg 150w\" sizes=\"auto, (max-width: 300px) 100vw, 300px\" \/><\/a><\/p>\n<p>\u00ab\u00a0Les morts sont tous des braves types\u00a0\u00bb, <a href=\"https:\/\/www.youtube.com\/watch?v=UV2tubqY0sk\">chantait Brassens<\/a>. Margerie d\u00e9c\u00e9d\u00e9 est donc un chic type, et Total, qui a fait des affaires avec les militaires birmans, et qui s\u2019est d\u00e9localis\u00e9 de fa\u00e7on \u00e0 ne payer en France qu\u2019une obole symbolique en guise d\u2019imp\u00f4ts (en fait, <a href=\"http:\/\/www.leparisien.fr\/economie\/total-pas-un-centime-d-impot-mais-un-cheque-du-fisc-de-80-meur-17-10-2014-4220769.php#xtor=AD-32280599\">c\u2019est le fisc qui le paie<\/a>) sur des b\u00e9n\u00e9fices off-shore, est une grande compagnie \u00e0 peine impitoyable. Et Margerie, qui a fait toute sa carri\u00e8re chez ce philanthrope, est un chic type. Du coup, Filoche, apr\u00e8s avoir \u00e9t\u00e9 un d\u00e9trousseur de CRS en d\u2019autres temps, est un assommeur de braves gens, aux yeux des d\u00e9put\u00e9s PS.<br \/>\nQuand je pense que <a href=\"http:\/\/www.lepoint.fr\/editos-du-point\/franz-olivier-giesbert\/franz-olivier-giesbert-le-temps-du-communisme-mou-10-10-2014-1871195_70.php#xtor=CS1-32\">dans un article r\u00e9cent<\/a>, probablement \u00e9crit sous l\u2019empire d\u2019un scotch hors d\u2019\u00e2ge, Franz-Olivier Giesbert pr\u00e9tendait que le gouvernement actuel \u00e9tait du communisme mou\u00a0! Allons\u00a0! Valls aimerait bien \u00eatre Tony Blair, et Hollande est un Sarkozy vaguement compassionnel. Quant aux d\u00e9put\u00e9s qui font bloc derri\u00e8re eux, ils votent un budget de crise dont le petit peuple (et dans le petit peuple il faut d\u00e9sormais inclure les classes moyennes paup\u00e9ris\u00e9es par une politique de restrictions syst\u00e9matiques \u2014 mais pas pour tout le monde) fera les frais. Filoche s\u2019est tout r\u00e9cemment insurg\u00e9, dans <em>Marianne<\/em>, contre la politique familiale du gouvernement, qui a d\u00e9cid\u00e9 que les allocs seraient dor\u00e9navant vers\u00e9es avec un \u00e9lastique. Il a raison \u2014 nous avons comme seul avantage, face \u00e0 une Allemagne vieillissante qui se pr\u00e9pare \u00e0 payer les retraites de ses vieux en obligeant l\u2019Europe \u00e0 une politique mon\u00e9taire qui favorise ses int\u00e9r\u00eats, d\u2019avoir une natalit\u00e9 encore positive, mais avec le PS, nous serons bient\u00f4t plus \u00e2g\u00e9s qu\u2019au Japon.<\/p>\n<p>Et plus pauvres\u2026<\/p>\n<p>Je ne partage pas forc\u00e9ment toutes les convictions de Filoche. Il s\u2019en tape, d\u2019ailleurs\u00a0: il est une force qui va. \u00c0 bient\u00f4t 70 ans, il est plus fougueux qu\u2019\u00e0 20 ou 30\u00a0: les convictions conservent, les reniements ab\u00eement. L\u2019espoir aussi \u2014 et Filoche, contre vents, mar\u00e9es et PS, esp\u00e8re toujours. Ma foi, sur ce point au moins, nous sommes deux.<\/p>\n<p>Jean-Paul Brighelli<\/p>\n","protected":false},"excerpt":{"rendered":"<p>\u00ab\u00a0J\u2019appelle un chat un chat, et Rollet un fripon\u00a0\u00bb, dit tr\u00e8s bien Boileau dans les Satires (Rollet \u00e9tait un procureur v\u00e9reux \u2014 pl\u00e9onasme, \u00e0 l\u2019\u00e9poque). Mon ami G\u00e9rard Filoche (relativisons\u00a0: il est mon ami parce que nous avons particip\u00e9 \u00e0 la m\u00eame manif le 21 juin 1973, et que nous avons partag\u00e9 le m\u00eame \u00e9diteur) [&hellip;]<\/p>\n","protected":false},"author":6,"featured_media":0,"comment_status":"open","ping_status":"open","sticky":false,"template":"","format":"standard","meta":{"footnotes":""},"categories":[1],"tags":[229,349,124,348],"class_list":{"0":"post-532","1":"post","2":"type-post","3":"status-publish","4":"format-standard","6":"category-non-classe","7":"tag-gerard-filoche","8":"tag-margerie","9":"tag-ps","10":"tag-total"},"_links":{"self":[{"href":"https:\/\/blog.causeur.fr\/bonnetdane\/wp-json\/wp\/v2\/posts\/532","targetHints":{"allow":["GET"]}}],"collection":[{"href":"https:\/\/blog.causeur.fr\/bonnetdane\/wp-json\/wp\/v2\/posts"}],"about":[{"href":"https:\/\/blog.causeur.fr\/bonnetdane\/wp-json\/wp\/v2\/types\/post"}],"author":[{"embeddable":true,"href":"https:\/\/blog.causeur.fr\/bonnetdane\/wp-json\/wp\/v2\/users\/6"}],"replies":[{"embeddable":true,"href":"https:\/\/blog.causeur.fr\/bonnetdane\/wp-json\/wp\/v2\/comments?post=532"}],"version-history":[{"count":0,"href":"https:\/\/blog.causeur.fr\/bonnetdane\/wp-json\/wp\/v2\/posts\/532\/revisions"}],"wp:attachment":[{"href":"https:\/\/blog.causeur.fr\/bonnetdane\/wp-json\/wp\/v2\/media?parent=532"}],"wp:term":[{"taxonomy":"category","embeddable":true,"href":"https:\/\/blog.causeur.fr\/bonnetdane\/wp-json\/wp\/v2\/categories?post=532"},{"taxonomy":"post_tag","embeddable":true,"href":"https:\/\/blog.causeur.fr\/bonnetdane\/wp-json\/wp\/v2\/tags?post=532"}],"curies":[{"name":"wp","href":"https:\/\/api.w.org\/{rel}","templated":true}]}}