{"id":543,"date":"2014-11-11T05:20:21","date_gmt":"2014-11-11T05:20:21","guid":{"rendered":"http:\/\/blog.causeur.fr\/bonnetdane\/?p=543"},"modified":"2021-04-22T18:50:02","modified_gmt":"2021-04-22T16:50:02","slug":"paris-sur-scene","status":"publish","type":"post","link":"https:\/\/blog.causeur.fr\/bonnetdane\/paris-sur-scene-543","title":{"rendered":"Paris sur sc\u00e8ne"},"content":{"rendered":"<p>Je viens de passer trois jours charg\u00e9s \u00e0 Paris, et j\u2019en rendrai fid\u00e8lement compte aux affid\u00e9s de ce blog, afin de leur faire partager quelques id\u00e9es qui me sont venues au fil des boulevards. \u00ab J\u2019aime fl\u00e2ner sur les grands boulevards \u00bb, chantait Montand \u2014 et pour fl\u00e2ner, j\u2019ai fl\u00e2n\u00e9. Pi\u00e9ton de Paris \u00e0 jamais.<br \/>\nJe tente d\u2019habituer mes \u00e9l\u00e8ves, quand je leur apprends les arcanes d\u2019une explication litt\u00e9raire, \u00e0 rep\u00e9rer ce qu\u2019il y a de <em>significatif<\/em> dans le texte \u2014 dans ce qui est \u00e9crit, mais aussi dans ce qui manque. Eh bien, j\u2019ai pris Paris comme texte : effets de style et absences, j\u2019ai tent\u00e9 de tout noter.<\/p>\n<p>Imaginons un ministre, install\u00e9 \u00e0 l\u2019arri\u00e8re de sa voiture de fonction, glissant tout en douceur \u00e0 travers la capitale. Que voit-il ? Des gens bien habill\u00e9s, affair\u00e9s, faisant sagement la queue devant les mus\u00e9es, et m\u00eame parfois dans les restaurants. Des gens comme lui, Occidentaux quand ils ne sont pas touristes. Money, money, money.<br \/>\nEn trois jours, j\u2019ai rencontr\u00e9 quatre femmes voil\u00e9es. Quatre. Pas une de plus. Bon, j\u2019avoue ne pas avoir hant\u00e9 Barb\u00e8s \u2014 mais le ministre non plus ne s\u2019y rend pas. La Gare de Lyon, le Marais, le Quartier latin, l\u2019axe Bastille-Etoile, Daumesnil, le Trocad\u00e9ro, et m\u00eame la Cartoucherie de Vincennes, tout cela est totalement d\u00e9pourvu de ces petits pions noirs que la superstition avance si commod\u00e9ment dans les autres villes de France \u2014 je veux dire dans les villes r\u00e9elles. L\u00e0 o\u00f9 l\u2019on ne mange pas toujours \u00e0 sa faim, o\u00f9 l\u2019on s\u2019habille comme on peut, et o\u00f9 l\u2019on ne ramasse pas les poubelles. Pas tous les jours au moins.<br \/>\nParce qu\u2019il n\u2019y a pas \u00e0 Paris de femmes voil\u00e9es, ni de papier qui tra\u00eene. France non seulement propre, mais aseptis\u00e9e. Des foules arborant les signes ext\u00e9rieurs de la r\u00e9ussite et du bonheur. Pas une souris, pas un rat, m\u00eame la nuit. Rentr\u00e9 dimanche soir \u00e0 Marseille, j\u2019ai crois\u00e9 une douzaine de mes rongeurs familiers entre la gare Saint-Charles et le port, butinant les ordures, disputant leur pitance aux go\u00e9lands, dans des ruelles o\u00f9 un lampadaire sur deux est bris\u00e9, o\u00f9 les odeurs les plus suspectes montent des caniveaux, et o\u00f9 les carences du traitement des d\u00e9chets \u2014 le <em>fini-parti<\/em> si cher \u00e0 Force Ouvri\u00e8re \u2014 offrent aux nuisibles de quoi se faire les dents.<\/p>\n<p>\u00c0 Paris, Darwin n\u2019aurait rien appris. Les bobos parlent aux bobos. Au th\u00e9\u00e2tre vendredi soir, Cartoucherie de Vincennes, il n\u2019y avait autour de moi que deux sortes d\u2019individus : des vieux de mon \u00e2ge, habitu\u00e9s du lieu, qui y venaient sans doute quand ils avaient les cheveux longs et qu\u2019Ariane Mnouchkine y r\u00e9inventait le th\u00e9\u00e2tre de tr\u00e9teaux, ou qui suivaient les cours de Deleuze \u00e0 la fac de Vincennes, toute proche, avant qu\u2019Alice Saunier-Se\u00eft\u00e9 ne d\u00e9cide de la raser au bulldozer pour effacer les derni\u00e8res traces de 68 ; et des jeunes, venus en classe enti\u00e8re avec leurs distingu\u00e9s enseignants, classes de Seconde, Premi\u00e8re et Hypokh\u00e2gne, \u00e0 vue d\u2019\u0153il, jeunes gens et jeunes filles beaux comme les Elo\u00efs de H.G. Wells dans <em>la Machine \u00e0 explorer le temps<\/em>.<br \/>\nRentr\u00e9 \u00e0 Marseille, j\u2019ai retrouv\u00e9 les Morlocks, la France color\u00e9e, basan\u00e9e, diverse, bruyante, mal \u00e9lev\u00e9e. Le lendemain, j\u2019\u00e9tais \u00e0 Lyon : en dix minutes \u00e0 la Part-Dieu, vous croisez la m\u00eame France d\u00e9penaill\u00e9e ; en dix minutes les doigts vous manquent pour compter les tchadors. Trois heures plus tard, j\u2019\u00e9tais vers Clermont-Ferrand : \u00e0 la sortie du supermarch\u00e9, c\u2019\u00e9taient des Turques qui importaient tranquillement leurs habitudes vestimentaires et leur babil color\u00e9.<br \/>\nMais voil\u00e0 : les ministres ne se rendent pas \u00e0 Marseille, ni dans le centre commercial ou la gare de Lyon-Part-Dieu, ni dans les grandes surfaces de province. Ils ignorent tout de la France r\u00e9elle, celle qui va voter contre eux, ou peut-\u00eatre m\u00eame ne pas voter, et demander des comptes dans la rue.<br \/>\nDans les <em>1001 nuits<\/em>, le calife Haroun-Al-Rashid se d\u00e9guise souvent pur aller prendre, nuitamment, le pouls de Bagdad. Mais c\u2019est une fiction, et \u00e7a se passe au IX\u00e8me si\u00e8cle. Dans la r\u00e9alit\u00e9 du XXI\u00e8me, le ministre glisse sur les boulevards bien \u00e9clair\u00e9s dans sa jolie limousine aux vitres teint\u00e9es, et il pense, innocemment, que la France va bien \u2014 gr\u00e2ce \u00e0 lui peut-\u00eatre.<\/p>\n<p>Il a fallu que j&rsquo;aille jusqu&rsquo;\u00e0 la Porte dor\u00e9e pour trouver une trace, enfin, de la r\u00e9alit\u00e9 \u2014 ou d&rsquo;un jugement sur la r\u00e9alit\u00e9. Je vous l&rsquo;offre :<\/p>\n<p><a href=\"http:\/\/blog.causeur.fr\/bonnetdane\/files\/2014\/11\/IMG_00000251.jpg\"><img loading=\"lazy\" decoding=\"async\" class=\"alignnone size-large wp-image-546\" src=\"http:\/\/blog.causeur.fr\/bonnetdane\/files\/2014\/11\/IMG_00000251-1024x1024.jpg\" alt=\"\" width=\"1024\" height=\"1024\" srcset=\"https:\/\/blog.causeur.fr\/bonnetdane\/wp-content\/uploads\/sites\/25\/2014\/11\/IMG_00000251-1024x1024.jpg 1024w, https:\/\/blog.causeur.fr\/bonnetdane\/wp-content\/uploads\/sites\/25\/2014\/11\/IMG_00000251-150x150.jpg 150w, https:\/\/blog.causeur.fr\/bonnetdane\/wp-content\/uploads\/sites\/25\/2014\/11\/IMG_00000251-300x300.jpg 300w, https:\/\/blog.causeur.fr\/bonnetdane\/wp-content\/uploads\/sites\/25\/2014\/11\/IMG_00000251.jpg 1936w\" sizes=\"auto, (max-width: 1024px) 100vw, 1024px\" \/><\/a><\/p>\n<p>Jean-Paul Brighelli<\/p>\n","protected":false},"excerpt":{"rendered":"<p>Je viens de passer trois jours charg\u00e9s \u00e0 Paris, et j\u2019en rendrai fid\u00e8lement compte aux affid\u00e9s de ce blog, afin de leur faire partager quelques id\u00e9es qui me sont venues au fil des boulevards. \u00ab J\u2019aime fl\u00e2ner sur les grands boulevards \u00bb, chantait Montand \u2014 et pour fl\u00e2ner, j\u2019ai fl\u00e2n\u00e9. Pi\u00e9ton de Paris \u00e0 jamais. [&hellip;]<\/p>\n","protected":false},"author":6,"featured_media":0,"comment_status":"open","ping_status":"open","sticky":false,"template":"","format":"standard","meta":{"footnotes":""},"categories":[1],"tags":[61,362,360,361],"class_list":{"0":"post-543","1":"post","2":"type-post","3":"status-publish","4":"format-standard","6":"category-non-classe","7":"tag-marseille","8":"tag-ordures","9":"tag-paris","10":"tag-voiles"},"_links":{"self":[{"href":"https:\/\/blog.causeur.fr\/bonnetdane\/wp-json\/wp\/v2\/posts\/543","targetHints":{"allow":["GET"]}}],"collection":[{"href":"https:\/\/blog.causeur.fr\/bonnetdane\/wp-json\/wp\/v2\/posts"}],"about":[{"href":"https:\/\/blog.causeur.fr\/bonnetdane\/wp-json\/wp\/v2\/types\/post"}],"author":[{"embeddable":true,"href":"https:\/\/blog.causeur.fr\/bonnetdane\/wp-json\/wp\/v2\/users\/6"}],"replies":[{"embeddable":true,"href":"https:\/\/blog.causeur.fr\/bonnetdane\/wp-json\/wp\/v2\/comments?post=543"}],"version-history":[{"count":0,"href":"https:\/\/blog.causeur.fr\/bonnetdane\/wp-json\/wp\/v2\/posts\/543\/revisions"}],"wp:attachment":[{"href":"https:\/\/blog.causeur.fr\/bonnetdane\/wp-json\/wp\/v2\/media?parent=543"}],"wp:term":[{"taxonomy":"category","embeddable":true,"href":"https:\/\/blog.causeur.fr\/bonnetdane\/wp-json\/wp\/v2\/categories?post=543"},{"taxonomy":"post_tag","embeddable":true,"href":"https:\/\/blog.causeur.fr\/bonnetdane\/wp-json\/wp\/v2\/tags?post=543"}],"curies":[{"name":"wp","href":"https:\/\/api.w.org\/{rel}","templated":true}]}}