{"id":558,"date":"2014-11-22T16:30:47","date_gmt":"2014-11-22T16:30:47","guid":{"rendered":"http:\/\/blog.causeur.fr\/bonnetdane\/?p=558"},"modified":"2021-04-22T18:50:02","modified_gmt":"2021-04-22T16:50:02","slug":"osez-le-feminisme-2-aujourdhui-le-feminicide","status":"publish","type":"post","link":"https:\/\/blog.causeur.fr\/bonnetdane\/osez-le-feminisme-2-aujourdhui-le-feminicide-558","title":{"rendered":"Osez le f\u00e9minisme, 2 : aujourd\u2019hui, le f\u00e9minicide"},"content":{"rendered":"<p><em>Osez le f\u00e9minisme<\/em> ose tout, c\u2019est m\u00eame \u00e0 \u00e7a qu\u2019on le reconna\u00eet.<br \/>\nC\u2019est \u00e0 peu pr\u00e8s ainsi que se terminait mon pr\u00e9c\u00e9dent billet.<br \/>\nMais je n\u2019avais pas tout vu.<br \/>\nVoici que le m\u00eame groupuscule d\u2019activistes obs\u00e9d\u00e9es par le P\u00e8re et la paire propose d\u00e9sormais, <a href=\"http:\/\/www.slate.fr\/story\/94363\/feminicide\">sous la plume d\u2019une certaine Aude Lorriaux<\/a>, d\u2019ajouter au Code p\u00e9nal, qui est d\u00e9j\u00e0 assez complexe, le crime de \u00ab f\u00e9minicide \u00bb \u2014 une <a href=\"http:\/\/www.reconnaissonslefeminicide.fr\/\">revendication majeure <\/a>de cette association de punaises. Ce serait une circonstance aggravante que de tuer une femme. Apr\u00e8s le \u00ab masculinisme \u00bb, un n\u00e9ologisme suppl\u00e9mentaire est n\u00e9 du cerveau fertile mais d\u00e9rang\u00e9 des f\u00e9ministes d\u00e9jant\u00e9es.<\/p>\n<p><a href=\"http:\/\/blog.causeur.fr\/bonnetdane\/files\/2014\/11\/affi721.jpg\"><img loading=\"lazy\" decoding=\"async\" class=\"alignnone size-medium wp-image-564\" src=\"http:\/\/blog.causeur.fr\/bonnetdane\/files\/2014\/11\/affi721-300x213.jpg\" alt=\"\" width=\"300\" height=\"213\" srcset=\"https:\/\/blog.causeur.fr\/bonnetdane\/wp-content\/uploads\/sites\/25\/2014\/11\/affi721-300x213.jpg 300w, https:\/\/blog.causeur.fr\/bonnetdane\/wp-content\/uploads\/sites\/25\/2014\/11\/affi721.jpg 850w\" sizes=\"auto, (max-width: 300px) 100vw, 300px\" \/><\/a><br \/>\nOu incultes. Probablement se trompent-elles sur l\u2019\u00e9tymologie du mot \u00ab homicide \u00bb. \u00ab Homo \u00bb, c\u2019est l\u2019\u00eatre humain \u2014 homme ou femme. \u00ab Homicide \u00bb, cela suffit. Sans doute les f\u00e9ministes d\u2019<em>Osez le f\u00e9minisme<\/em> pensent-elles qu&rsquo;\u00ab homo \u00bb renvoie \u00e0 \u00ab\u00a0homme \u00bb\u00a0\u2014 apr\u00e8s tout, certains \u00e9l\u00e8ves encore jeunes ne croient-ils pas qu&rsquo;un homicide, c&rsquo;est le meurtre d\u2019un homosexuel\u2026 Pareil pour \u00ab homo sapiens \u00bb : va falloir inventer, les filles ! Femina sapiens ? Surtout que, comme me le souffle une amie, \u00e7a doit vous agacer que la <em>sapience<\/em> soit attribu\u00e9e aux hommes \u2014 ou aux homos ?<br \/>\nPeut-\u00eatre faudrait-il les renvoyer en classe ?<\/p>\n<p>La loi r\u00e9pertorie d\u2019ailleurs bon nombre de circonstances aggravantes, <a href=\"http:\/\/www.legifrance.gouv.fr\/affichCodeArticle.do?idArticle=LEGIARTI000006417572&amp;cidTexte=LEGITEXT000006070719&amp;dateTexte=20100102\">dans l\u2019article 221-4 du Code p\u00e9nal<\/a>. Je signale particuli\u00e8rement le 4 bis \u00e0 l\u2019auteur (non, pas de <em>e<\/em> \u00e0 <em>auteur<\/em> ! On peut aimer les femmes et la langue ! Il vaut mieux, m\u00eame), o\u00f9 le meurtre d\u2019un(e) conjoint(e) est une circonstance aggravante.<br \/>\nMais ces cr\u00e9tines born\u00e9es veulent faire rajouter \u00ab sexe \u00bb au paragraphe 6 (\u00ab A raison de l&rsquo;appartenance ou de la non-appartenance, vraie ou suppos\u00e9e, de la victime \u00e0 une ethnie, une nation, une race ou une religion d\u00e9termin\u00e9e \u00bb). Ce qui mettrait les juges dans des situations complexes, et enfreindrait l\u2019un des principes les plus solides du Code, l\u2019\u00e9galit\u00e9 devant la loi : on serait mieux servi si l\u2019on est une femme qu\u2019un homme ? Allons donc !<br \/>\nMais j\u2019argumente en vain contre des gens qui n\u2019ont pas un atome de raison.<\/p>\n<p>Qu\u2019on me comprenne bien. J\u2019ai particip\u00e9, dans les ann\u00e9es 70, aux activit\u00e9s du MLAC (Mouvement pour la Libert\u00e9 de l\u2019Avortement et de la Contraception), j\u2019ai milit\u00e9 avec certaines \u00ab Gouines rouges \u00bb, cette excroissance du MLF version Marx, j\u2019exalte en classe la Marquise de Merteuil, \u00ab n\u00e9e pour venger [s]on sexe \u00bb, je n\u2019ai de reproches ni de conseils \u00e0 recevoir de personne en fait de f\u00e9minisme. Et j\u2019aime les femmes \u2014 je les aime assez pour ne pas supporter qu\u2019un quarteron d\u2019hyst\u00e9riques les d\u00e9grade collectivement \u00e0 mes yeux. Amies, r\u00e9voltez-vous : <em>Osez le f\u00e9minisme<\/em> d\u00e9grade les femmes, les avilit, les consigne dans des revendications imb\u00e9ciles et des postures tout aussi contraignantes que maman et putain, et les dresse contre les hommes, en croyant les lib\u00e9rer. Oui, r\u00e9voltez-vous \u2014 ou ne vous \u00e9tonnez plus des discours misogynes et des comportements-limites. \u00ab Les hommes auteurs de vos maux \u00bb, disait Laclos. Eh bien aujourd\u2019hui, ce sont les femmes qui sont les plus grands ennemis des femmes. Enfin, certaines.<br \/>\nCela dit, je suis assez favorable \u00e0 un d\u00e9lit de \u00ab f\u00e9minicide \u00bb au sens de \u00ab ce qui porte atteinte \u00e0 la f\u00e9minit\u00e9 \u00bb. Les mutilations g\u00e9nitales communautaristes, <a href=\"http:\/\/resistancerepublicaine.eu\/2013\/les-mensonges-de-lonu-sur-les-mutilations-sexuelles-des-femmes\/\">excus\u00e9es par les belles \u00e2mes<\/a>, ou le port de la burka, d\u00e9sormais <a href=\"http:\/\/www.lepoint.fr\/invites-du-point\/jean-paul-brighelli\/brighelli-derriere-le-sourire-de-najat-vallaud-belkacem-27-10-2014-1875966_1886.php\">autoris\u00e9e par Najat Vallaud-Belkacem<\/a> pour escorter les \u00e9l\u00e8ves dans le cadre des sorties scolaires. Entre autres exemples.<br \/>\nAh bon ? <em>Osez le f\u00e9minisme<\/em> n\u2019y a pas pens\u00e9 ? Faudrait-il penser pour elles ?<\/p>\n<p>Jean-Paul Brighelli<\/p>\n","protected":false},"excerpt":{"rendered":"<p>Osez le f\u00e9minisme ose tout, c\u2019est m\u00eame \u00e0 \u00e7a qu\u2019on le reconna\u00eet. C\u2019est \u00e0 peu pr\u00e8s ainsi que se terminait mon pr\u00e9c\u00e9dent billet. Mais je n\u2019avais pas tout vu. Voici que le m\u00eame groupuscule d\u2019activistes obs\u00e9d\u00e9es par le P\u00e8re et la paire propose d\u00e9sormais, sous la plume d\u2019une certaine Aude Lorriaux, d\u2019ajouter au Code p\u00e9nal, [&hellip;]<\/p>\n","protected":false},"author":6,"featured_media":0,"comment_status":"open","ping_status":"open","sticky":false,"template":"","format":"standard","meta":{"footnotes":""},"categories":[1],"tags":[392,391,390,249,389,331,395,393,394,383,92],"class_list":{"0":"post-558","1":"post","2":"type-post","3":"status-publish","4":"format-standard","6":"category-non-classe","7":"tag-aude-lorriaux","8":"tag-christine-tasin","9":"tag-code-penal","10":"tag-excision","11":"tag-feminicide","12":"tag-feminisme","13":"tag-feminite","14":"tag-laclos","15":"tag-mlac","16":"tag-osez-le-feminisme","17":"tag-voile"},"_links":{"self":[{"href":"https:\/\/blog.causeur.fr\/bonnetdane\/wp-json\/wp\/v2\/posts\/558","targetHints":{"allow":["GET"]}}],"collection":[{"href":"https:\/\/blog.causeur.fr\/bonnetdane\/wp-json\/wp\/v2\/posts"}],"about":[{"href":"https:\/\/blog.causeur.fr\/bonnetdane\/wp-json\/wp\/v2\/types\/post"}],"author":[{"embeddable":true,"href":"https:\/\/blog.causeur.fr\/bonnetdane\/wp-json\/wp\/v2\/users\/6"}],"replies":[{"embeddable":true,"href":"https:\/\/blog.causeur.fr\/bonnetdane\/wp-json\/wp\/v2\/comments?post=558"}],"version-history":[{"count":0,"href":"https:\/\/blog.causeur.fr\/bonnetdane\/wp-json\/wp\/v2\/posts\/558\/revisions"}],"wp:attachment":[{"href":"https:\/\/blog.causeur.fr\/bonnetdane\/wp-json\/wp\/v2\/media?parent=558"}],"wp:term":[{"taxonomy":"category","embeddable":true,"href":"https:\/\/blog.causeur.fr\/bonnetdane\/wp-json\/wp\/v2\/categories?post=558"},{"taxonomy":"post_tag","embeddable":true,"href":"https:\/\/blog.causeur.fr\/bonnetdane\/wp-json\/wp\/v2\/tags?post=558"}],"curies":[{"name":"wp","href":"https:\/\/api.w.org\/{rel}","templated":true}]}}