{"id":587,"date":"2014-12-21T16:40:58","date_gmt":"2014-12-21T16:40:58","guid":{"rendered":"http:\/\/blog.causeur.fr\/bonnetdane\/?p=587"},"modified":"2021-04-22T18:50:01","modified_gmt":"2021-04-22T16:50:01","slug":"zemmour-un-jour-zemmour-toujours","status":"publish","type":"post","link":"https:\/\/blog.causeur.fr\/bonnetdane\/zemmour-un-jour-zemmour-toujours-587","title":{"rendered":"Zemmour un jour, Zemmour toujours"},"content":{"rendered":"<p>Ce que l\u2019Histoire nous apprend, c\u2019est que la d\u00e9mocratie ath\u00e9nienne, qui ne brillait pas toujours pour son intelligence, comme nombre de d\u00e9mocraties, ostracisa l\u2019un apr\u00e8s l\u2019autre tous les grands citoyens qui l\u2019avaient sauv\u00e9e, en diverses circonstances. Elle nous apprend aussi que c\u2019est n\u00e9anmoins de Th\u00e9mistocle, ostracis\u00e9 en 471,<a href=\"http:\/\/blog.causeur.fr\/bonnetdane\/files\/2014\/12\/200px-AGMA_Ostrakon_Th\u00e9mistocle_2.jpg\"><img loading=\"lazy\" decoding=\"async\" class=\"aligncenter size-full wp-image-593\" src=\"http:\/\/blog.causeur.fr\/bonnetdane\/files\/2014\/12\/200px-AGMA_Ostrakon_Th\u00e9mistocle_2.jpg\" alt=\"\" width=\"200\" height=\"203\" \/><\/a> que l\u2019on se souvient. De Th\u00e9mistocle, et non de Cimon qui le fit exiler ; et que l\u2019on se rappelle Cimon,<a href=\"http:\/\/blog.causeur.fr\/bonnetdane\/files\/2014\/12\/250px-AGMA_Ostrakon_Cimon.jpg\"><img loading=\"lazy\" decoding=\"async\" class=\"aligncenter size-full wp-image-594\" src=\"http:\/\/blog.causeur.fr\/bonnetdane\/files\/2014\/12\/250px-AGMA_Ostrakon_Cimon.jpg\" alt=\"\" width=\"250\" height=\"158\" \/><\/a> et non Ephialt\u00e8s, qui l\u2019avait fait bannir \u00e0 son tour. \u00ab Car on n\u2019abdique pas l\u2019honneur d\u2019\u00eatre une cible \u00bb.<br \/>\nMais qui, dans la classe politique, s\u2019int\u00e9resse encore \u00e0 l\u2019Histoire ?<br \/>\nPas les dirigeants-croupion d\u2019i-T\u00e9l\u00e9, qui viennent d\u2019ostraciser Eric Zemmour \u2014 si bien que l\u2019on parle partout de l\u2019auteur du <em>Suicide fran\u00e7ais<\/em>, et pas du tout de C\u00e9cilia Ragueneau (qui \u00e7a ?) ni de C\u00e9cile Pigalle (heu\u2026).<br \/>\nPour ceux qui auraient rat\u00e9 un \u00e9pisode, <a href=\"http:\/\/www.causeur.fr\/zemmour-sos-racisme-30692.html\">r\u00e9sum\u00e9 sur <em>Causeur<\/em><\/a> \u2014 erreurs de traduction comprises, puisque tout est parti d\u2019une interview au <em>Corriere della Sera<\/em> que M\u00e9lenchon a interpr\u00e9t\u00e9e \u00e0 sa mani\u00e8re. Et <a href=\"http:\/\/www.lepoint.fr\/medias\/eric-zemmour-vire-d-i-tele-20-12-2014-1891336_260.php\">analyse convaincante de J\u00e9r\u00f4me B\u00e9gl\u00e9<\/a>.<\/p>\n<p>Je ne suis pas d\u2019accord \u00e0 100% avec ce qu\u2019\u00e9crit Zemmour. Ce n\u2019est pas parce que c\u2019est un ami que je vais jouer au b\u00e9ni-oui-oui. Mais m\u00eame les horreurs, Eric les dit avec talent (bon, d\u2019accord, de temps en temps, \u00e0 force d\u2019essayer de se faire ha\u00efr du plus grand nombre possible d\u2019imb\u00e9ciles, il se fait d\u00e9tester aussi par des gens d\u00e9cents, abus\u00e9s par sa rh\u00e9torique), ce qui n\u2019est pas \u00e0 la port\u00e9e du premier journaliste venu.<br \/>\nIl a le m\u00eame palmar\u00e8s acad\u00e9mique que Najat Vallaud-Belkacem (Sciences-Po, et deux \u00e9checs \u00e0 l\u2019ENA), et douze mille fois plus de talent. Ce n\u2019est pas lui <a href=\"https:\/\/www.youtube.com\/watch?v=ngCRaIgPil4\">qui \u00e9claterait de rire au nez et \u00e0 la barbe<\/a> de 850 000 enseignants en s\u2019exclamant : \u00ab On ne fait pas ce m\u00e9tier pour de l\u2019argent ! \u00bb Je l\u2019ai toujours vu d\u00e9fendre l\u2019Ecole de la R\u00e9publique, sans laquelle le petit Juif qui n\u2019\u00e9tait pas \u00ab fils de \u00bb et tra\u00eenait ses culottes courtes \u00e0 Dran\u00e7y ou \u00e0 Ch\u00e2teau-Rouge ne serait pas ce qu\u2019il est.<br \/>\nAlors, on me dira, il s\u2019acharne sur les femmes \u2014 oui, mais c\u2019est qu\u2019il leur en veut fort, \u00e0 toutes les viragos du f\u00e9minisme tardif, de n\u2019\u00eatre pas \u00e0 la hauteur des idoles qu\u2019il a \u00e9lev\u00e9es en lui : il leur en veut au fond de trop les aimer \u2014 et pour les aimer, il les aime : il a m\u00eame essay\u00e9 de m\u2019en souffler une, et \u00e0 mon nez encore \u2014 qui est grand.<br \/>\nDomenach, son comp\u00e8re de toujours dans l\u2019\u00e9mission d\u2019i-t\u00e9l\u00e9, d\u00e9plore<a href=\"http:\/\/blog.causeur.fr\/bonnetdane\/files\/2014\/12\/3006490-domenach-jpg_26254291.jpg\"><img loading=\"lazy\" decoding=\"async\" class=\"aligncenter size-full wp-image-596\" src=\"http:\/\/blog.causeur.fr\/bonnetdane\/files\/2014\/12\/3006490-domenach-jpg_26254291.jpg\" alt=\"\" width=\"493\" height=\"174\" srcset=\"https:\/\/blog.causeur.fr\/bonnetdane\/wp-content\/uploads\/sites\/25\/2014\/12\/3006490-domenach-jpg_26254291.jpg 493w, https:\/\/blog.causeur.fr\/bonnetdane\/wp-content\/uploads\/sites\/25\/2014\/12\/3006490-domenach-jpg_26254291-300x105.jpg 300w\" sizes=\"auto, (max-width: 493px) 100vw, 493px\" \/><\/a> la mesure de la cha\u00eene (plains-toi, Eric, te voici d\u00e9cha\u00een\u00e9\u2026). Il pourrait ajouter qu\u2019i-t\u00e9l\u00e9 \u00e9tant la succursale infos de Canal, et Canal n\u2019ayant rien \u00e0 refuser au PS, tout cela fleure bon le r\u00e8glement de comptes \u2014 qui fait long feu : jamais on n\u2019a tant parl\u00e9 d\u2019Eric que depuis qu\u2019il se retrouve interdit de d\u00e9bat.<br \/>\nNe pleurons pas trop : il lui reste Paris-Premi\u00e8re, le Figaro, RTL, et j\u2019en oublie sans doute. Depuis qu&rsquo;on n&rsquo;en veut plus, tout le monde le d\u00e9sire.<br \/>\nLe plus grotesque, c\u2019est que cette mesure, qui fait la joie de tous ceux qui cherchent absolument \u00e0 faire progresser le FN dans les sondages (ceux qui le font expr\u00e8s, mais plus encore ceux qui ne le font pas expr\u00e8s \u2014 <a href=\"http:\/\/www.lemonde.fr\/actualite-medias\/video\/2014\/12\/20\/sos-racisme-tres-satisfait-de-l-eviction-d-eric-zemmour-d-i-tele_4544329_3236.html\">SOS Racisme par exemple<\/a>.<br \/>\nParce que vouloir \u00e0 toute force virer Zemmour (ou d\u2019autres, comme votre serviteur) sous pr\u00e9texte qu\u2019il appuie le FN (ce qui est fondamentalement faux) ou qu\u2019il exalte P\u00e9tain (vous imaginez un Juif pied-noir penser du bien du Mar\u00e9chal-nous-voil\u00e0 ?), c\u2019est faire le jeu du FN et des nostalgiques de tous les Ordres nouveaux. Tout comme d\u00e9manteler l\u2019Ecole, sous pr\u00e9texte de \u00ab progr\u00e8s \u00bb p\u00e9dagogique, c\u2019est aussi faire le jeu des extr\u00e9mistes. Le Collectif Racine a cette semaine adress\u00e9 une lettre ouverte sans grand int\u00e9r\u00eat \u00e0 Natacha Polony qui s\u2019\u00e9tait fait attaquer au burin par le v\u00e9g\u00e9tarien de chez Ruquier. Il aurait mieux fait d\u2019\u00e9crire \u00e0 Philippe Meirieu, ne serait)-ce que pour le remercier : l\u2019entreprise de d\u00e9molition lanc\u00e9e apr\u00e8s la loi Jospin en 1989, les IUFM triomphants, l\u2019apprentissage du fran\u00e7ais dans les modes d\u2019emploi des appareils m\u00e9nagers, \u00e7a oui, \u00e7a a favoris\u00e9 la mont\u00e9e des exasp\u00e9rations p\u00e9riph\u00e9riques ! Pas Zemmour, qui n\u2019a jamais vot\u00e9 FN \u2014 ni EELV, figurez-vous : il n\u2019est pas adepte des totalitarismes, et il y a un totalitarisme de la pens\u00e9e bobo comme il y a \u2014 en puissance \u2014 un totalitarisme d\u2019une extr\u00eame-droite qu\u2019une Gauche hant\u00e9e de lib\u00e9ralisme et d\u2019euro-b\u00e9atitude a fini de d\u00e9complexer.<br \/>\n\u00c0 noter que Domenach d\u00e9plore l\u2019exil forc\u00e9 de son ami et adversaire de toujours. Et Cohn-Bendit, qui a plus de ruse politique dans son petit doigt que Meirieu dans toute sa personne, <a href=\"http:\/\/www.europe1.fr\/politique\/cohn-bendit-prend-la-defense-de-zemmour-2323579\">d\u00e9fend Zemmour<\/a>. Il se rappelle sans doute qu\u2019expuls\u00e9 par la porte en 1968 il \u00e9tait rentr\u00e9 par la fen\u00eatre. Aucun r\u00e9gime ne gagne \u00e0 flinguer les trublions, qui font leurs choux gras de toutes les intimidations qu\u2019on leur oppose. Nous sommes tous des Juifs allemands et accessoirement pieds-noirs.<br \/>\nAllez, Eric, ne t\u2019en fais pas. On te hait cette fois bien plus que tu ne l\u2019as r\u00eav\u00e9 dans tes espoirs les plus fous. Attends deux ans : tu auras toute latitude \u2014 et tu ne t\u2019en priveras pas \u2014 pour attaquer les nouveaux ma\u00eetres de la pens\u00e9e unique. Parce qu\u2019apr\u00e8s le d\u00e9luge de niaiseries contentes d\u2019elles-m\u00eames que sont les discours de G\u00f4che actuels, il y aura des d\u00e9luges d\u2019id\u00e9es re\u00e7ues <em>made in<\/em> Caf\u00e9 du Commerce. Les pol\u00e9mistes ont encore de beaux jours devant eux. On peut bien tenter de les faire taire, mais on aura toujours besoin d&rsquo;eux, tant la B\u00eatise, elle, persiste.<\/p>\n<p>Jean-Paul Brighelli<\/p>\n","protected":false},"excerpt":{"rendered":"<p>Ce que l\u2019Histoire nous apprend, c\u2019est que la d\u00e9mocratie ath\u00e9nienne, qui ne brillait pas toujours pour son intelligence, comme nombre de d\u00e9mocraties, ostracisa l\u2019un apr\u00e8s l\u2019autre tous les grands citoyens qui l\u2019avaient sauv\u00e9e, en diverses circonstances. Elle nous apprend aussi que c\u2019est n\u00e9anmoins de Th\u00e9mistocle, ostracis\u00e9 en 471, que l\u2019on se souvient. De Th\u00e9mistocle, et [&hellip;]<\/p>\n","protected":false},"author":6,"featured_media":0,"comment_status":"open","ping_status":"open","sticky":false,"template":"","format":"standard","meta":{"footnotes":""},"categories":[1],"tags":[447,444,388,125,445,449,443,446,450,448,306],"class_list":{"0":"post-587","1":"post","2":"type-post","3":"status-publish","4":"format-standard","6":"category-non-classe","7":"tag-bobs","8":"tag-daniel-cohn-bendit","9":"tag-eric-zemmour","10":"tag-fn","11":"tag-i-tele","12":"tag-jerome-begle","13":"tag-nicolas-domenach","14":"tag-ostracisme","15":"tag-philippe-meirieu","16":"tag-sos-racisme","17":"tag-vallaud-belkacem"},"_links":{"self":[{"href":"https:\/\/blog.causeur.fr\/bonnetdane\/wp-json\/wp\/v2\/posts\/587","targetHints":{"allow":["GET"]}}],"collection":[{"href":"https:\/\/blog.causeur.fr\/bonnetdane\/wp-json\/wp\/v2\/posts"}],"about":[{"href":"https:\/\/blog.causeur.fr\/bonnetdane\/wp-json\/wp\/v2\/types\/post"}],"author":[{"embeddable":true,"href":"https:\/\/blog.causeur.fr\/bonnetdane\/wp-json\/wp\/v2\/users\/6"}],"replies":[{"embeddable":true,"href":"https:\/\/blog.causeur.fr\/bonnetdane\/wp-json\/wp\/v2\/comments?post=587"}],"version-history":[{"count":0,"href":"https:\/\/blog.causeur.fr\/bonnetdane\/wp-json\/wp\/v2\/posts\/587\/revisions"}],"wp:attachment":[{"href":"https:\/\/blog.causeur.fr\/bonnetdane\/wp-json\/wp\/v2\/media?parent=587"}],"wp:term":[{"taxonomy":"category","embeddable":true,"href":"https:\/\/blog.causeur.fr\/bonnetdane\/wp-json\/wp\/v2\/categories?post=587"},{"taxonomy":"post_tag","embeddable":true,"href":"https:\/\/blog.causeur.fr\/bonnetdane\/wp-json\/wp\/v2\/tags?post=587"}],"curies":[{"name":"wp","href":"https:\/\/api.w.org\/{rel}","templated":true}]}}