{"id":604,"date":"2015-01-01T06:10:08","date_gmt":"2015-01-01T06:10:08","guid":{"rendered":"http:\/\/blog.causeur.fr\/bonnetdane\/?p=604"},"modified":"2021-04-22T18:50:01","modified_gmt":"2021-04-22T16:50:01","slug":"merci-a-2014","status":"publish","type":"post","link":"https:\/\/blog.causeur.fr\/bonnetdane\/merci-a-2014-604","title":{"rendered":"Merci \u00e0 2014 !"},"content":{"rendered":"<p>\u00c0 quelques heures de la nouvelle ann\u00e9e, je voudrais remercier toutes celles et tous ceux qui ont embelli 2014, et qui ont fait des douze derniers mois la grande r\u00e9ussite qu\u2019ils furent.<br \/>\nAvant tout, merci \u00e0 Najat Vallaud-Belkacem, qui entre la suppression des notes et des redoublements, la r\u00e9fection des programmes vers un minimum minimaliste, le soutien \u00e0 l\u2019indispensable r\u00e9forme des rythmes scolaires, ses \u00e9clats de rire \u00e0 l\u2019id\u00e9e que l\u2019on pourrait faire prof pour l\u2019argent, l\u2019augmentation, nonobstant, de 45% qu\u2019elle a offerte \u00e0 la prime annuelle des recteurs, la confirmation d\u2019un socle commun aux exigences \u00e9tiques, et l\u2019\u00e9thique \u00e0 g\u00e9om\u00e9trie variable pleine de m\u00e8res voil\u00e9es \u00e0 l\u2019int\u00e9rieur des \u00e9coles, m\u2019a fourni, ici et sur mon second blog du Point, une suite infinie de raisons de rire \u2014 tout comme Beno\u00eet Hamon avant elle. Sans oublier Vincent Peillon, dont le brillant score aux Europ\u00e9ennes dans le Sud-Est a embelli l\u2019ann\u00e9e des derniers socialistes, lessiv\u00e9s par les \u00e9lecteurs \u2014 Jean-No\u00ebl Gu\u00e9rini except\u00e9, qui s\u2019est fait brillamment r\u00e9\u00e9lire, mais sur son nom seul.<br \/>\nMerci, du coup, \u00e0 Patrick Menucci, qui a recul\u00e9 les bornes de la nullit\u00e9 \u00e9lectorale \u2014 on croit savoir ce qu\u2019est le degr\u00e9 z\u00e9ro, mais un vrai athl\u00e8te de l\u2019intellect arrive et vous d\u00e9montre que l\u2019on peut creuser davantage.<br \/>\nMerci encore \u00e0 Fleur Pellerin, qui a d\u00e9complex\u00e9 quelques millions d\u2019\u00e9l\u00e8ves dont la seule phrase articul\u00e9e, quand on leur donne un livre \u00e0 lire, est : \u00ab Est-ce qu\u2019il est gros ? \u00bb<br \/>\nMerci surtout \u00e0 Fran\u00e7ois Hollande, dont, comme l\u2019a <a href=\"http:\/\/www.marianne.net\/Achevons-le-mammouth-_a243328.html\">soulign\u00e9 admirablement<\/a> Jacques Julliard dans un \u00e9dito de <em>Marianne<\/em>, la politique \u00e9ducative sera l\u2019\u00e9chec majeur.<br \/>\nMerci encore \u00e0 Emmanuel Macron, qui nous rappelle chaque jour que \u2014 tant pis pour De Gaulle qui pensait le contraire \u2014 la politique de la France se fait \u00e0 la corbeille. Et qu\u2019il est normal que les journaux t\u00e9l\u00e9vis\u00e9s se terminent invariablement sur les cours de la Bourse, dont 99% de la population se fichent profond\u00e9ment.<br \/>\nPendant que j\u2019en suis \u00e0 l\u2019\u00e9conomie, merci aux bureaucrates qui ont d\u00e9cid\u00e9 au mois d\u2019octobre que l\u2019on n\u2019ouvrirait les centres d\u2019h\u00e9bergement pour les sans-abris qu\u2019\u00e0 partir de -5\u00b0. Je suis s\u00fbr qu\u2019ils ont exp\u00e9riment\u00e9 dans leur chair ce que c\u2019est que de passer une nuit enti\u00e8re \u00e0 -5 en \u00e9tant sous-nourri. Et que \u00e7a leur a sembl\u00e9 un seuil raisonnable \u2014 surtout pour diminuer le nombre de sans-abris.<br \/>\nMerci aussi \u00e0 Nicolas Sarkozy, qui pour se faire \u00e9lire \u00e0 la t\u00eate de l\u2019Union des Minus Patent\u00e9s, est all\u00e9 jusqu\u2019\u00e0 affirmer qu\u2019un enseignant <a href=\"http:\/\/www.politique.net\/2014112801-profs-deux-jours.htm\">ne travaille que deux jours par semaine<\/a> \u2014 et <a href=\"http:\/\/www.lepoint.fr\/invites-du-point\/jean-paul-brighelli\/brighelli-enseignants-les-comptes-a-mourir-debout-de-sarkozy-10-10-2014-1871170_1886.php\">qu\u2019il suffit<\/a>, pour redresser la barre, de supprimer un tiers des profs, en offrant \u00e0 ceux qui resteraient un tiers de salaire de plus en \u00e9change d\u2019un tiers d\u2019emploi du temps suppl\u00e9mentaire.<br \/>\nMerci surtout \u00e0 Philippe Meirieu, qui f\u00eate en ce mois de janvier 2015 son d\u00e9part \u00e0 la retraite, pour avoir invent\u00e9 les IUFM, qui ont g\u00e9n\u00e9r\u00e9 les ESPE, qui envoient dans le mur une foule d\u2019\u00e9tudiants titulaires d\u00e9sormais d\u2019un Master d\u2019Enseignement, mais pas du concours n\u00e9cessaire, et qui iront grossir les rangs de tous ces personnels pay\u00e9s au SMIC et recrut\u00e9s comme int\u00e9rimaires plac\u00e9s sur si\u00e8ges \u00e9jectables.<br \/>\nMerci toujours au m\u00eame, qui apr\u00e8s avoir s\u00e9vi dans l\u2019enseignement, oriente d\u00e9sormais la politique des Verts, et leur a sugg\u00e9r\u00e9 de supprimer les pr\u00e9pas et les grandes \u00e9coles, derniers bastions de l\u2019\u00e9litisme r\u00e9publicain. C\u2019est si dur que \u00e7a de dig\u00e9rer son \u00e9chec \u00e0 l\u2019ENS, Philippe ? M\u00eame quarante-cinq ans plus tard ?<br \/>\nMerci encore \u00e0 ces milliers de professeurs des \u00e9coles, comme ils aiment se faire appeler, qui contre toute \u00e9vidence et <a href=\"http:\/\/www.uvsq.fr\/medias\/fichier\/rapport-enquete-lecture_1384503420148-pdf\">malgr\u00e9 les \u00e9tudes les plus s\u00e9rieuses<\/a>, perp\u00e9tuent des m\u00e9thodes d\u2019apprentissage de la lecture absolument l\u00e9tales. Au nom de tous les gosses bousill\u00e9s depuis trois g\u00e9n\u00e9rations, merci !<br \/>\nMais merci aussi \u00e0 Angela Merkel, qui agit d\u00e9sormais en vraie pr\u00e9sidente de l\u2019Europe, et montre chaque jour aux Grecs et \u00e0 tous les autres ce que c\u2019est qu\u2019une \u00e9conomie de crise \u2014 pour le plus grand bien des banques allemandes.<br \/>\nMerci \u00e0 ce propos \u00e0 tous les journalistes \u2014 Christophe Barbier par exemple \u2014 qui, il y a quelques jours, ont pr\u00e9sent\u00e9 le renvoi volontaire des d\u00e9put\u00e9s grecs devant leurs \u00e9lecteurs comme une catastrophe en devenir, \u00e9tant entendu que jamais un parti de Gauche ne saurait g\u00e9rer une situation cr\u00e9\u00e9e de toutes pi\u00e8ces par Goldmann &amp; Sachs. Qui fr\u00e9missent \u00e0 l&rsquo;id\u00e9e qu&rsquo;un Etat souverain pourrait cesser de payer aux banques des int\u00e9r\u00eats de dette colossaux. Et qui pr\u00e9tendent que la politique de relance qui a si brillamment r\u00e9ussi aux Etats-Unis est inapplicable en Europe.<br \/>\nMerci aussi \u00e0 tous les islamistes, dans le monde, qu\u2019ils enl\u00e8vent et violent des lyc\u00e9ennes ici ou d\u00e9capitent \u00e0 la scie des travailleurs humanitaires l\u00e0, en ce qu\u2019ils nous montrent l\u2019am\u00e9nit\u00e9 du Proph\u00e8te et la voie du salut. <em>Gratias<\/em> ! <em>Deo gratias<\/em> ! Qu&rsquo;ils continuent \u00e0 d\u00e9barrasser la Terre de tous ces coquins qui en infestent la surface, comme disait Voltaire qu&rsquo;ils n&rsquo;ont heureusement pas lu \u2014 le m\u00e9cr\u00e9ant !<br \/>\nEnfin, et personnellement, je voudrais remercier tous ceux qui affirment sur divers forums, en g\u00e9n\u00e9ral sous le couvert de l\u2019anonymat, que je suis un rejeton du Duce et du F\u00fchrer r\u00e9unis. Merci, merci, merci ! Bonne ann\u00e9e \u00e0 eux tous !<\/p>\n<p>Jean-Paul Brighelli<\/p>\n<p>PS. <em>Pace e salute<\/em> aux amies et aux amis, qui se reconna\u00eetront, puisqu\u2019ils passent par ici. Bonne sant\u00e9 \u00e0 nous autres, le vin est frais, les filles rieuses, et mon souffl\u00e9 d&rsquo;hier soir aux langoustines parfaitement r\u00e9ussi. Et morokhons.<\/p>\n","protected":false},"excerpt":{"rendered":"<p>\u00c0 quelques heures de la nouvelle ann\u00e9e, je voudrais remercier toutes celles et tous ceux qui ont embelli 2014, et qui ont fait des douze derniers mois la grande r\u00e9ussite qu\u2019ils furent. Avant tout, merci \u00e0 Najat Vallaud-Belkacem, qui entre la suppression des notes et des redoublements, la r\u00e9fection des programmes vers un minimum minimaliste, [&hellip;]<\/p>\n","protected":false},"author":6,"featured_media":0,"comment_status":"open","ping_status":"open","sticky":false,"template":"","format":"standard","meta":{"footnotes":""},"categories":[1],"tags":[466,462,469,464,145,467,470,465,293,450,468,69],"class_list":{"0":"post-604","1":"post","2":"type-post","3":"status-publish","4":"format-standard","6":"category-non-classe","7":"tag-angela-merkel","8":"tag-benoit-hamon","9":"tag-espe","10":"tag-fleur-pellerin","11":"tag-francois-hollande","12":"tag-grece","13":"tag-islamistes","14":"tag-jacques-julliard","15":"tag-najat-vallaud-belkacem","16":"tag-philippe-meirieu","17":"tag-sans-abris","18":"tag-vincent-peillon"},"_links":{"self":[{"href":"https:\/\/blog.causeur.fr\/bonnetdane\/wp-json\/wp\/v2\/posts\/604","targetHints":{"allow":["GET"]}}],"collection":[{"href":"https:\/\/blog.causeur.fr\/bonnetdane\/wp-json\/wp\/v2\/posts"}],"about":[{"href":"https:\/\/blog.causeur.fr\/bonnetdane\/wp-json\/wp\/v2\/types\/post"}],"author":[{"embeddable":true,"href":"https:\/\/blog.causeur.fr\/bonnetdane\/wp-json\/wp\/v2\/users\/6"}],"replies":[{"embeddable":true,"href":"https:\/\/blog.causeur.fr\/bonnetdane\/wp-json\/wp\/v2\/comments?post=604"}],"version-history":[{"count":0,"href":"https:\/\/blog.causeur.fr\/bonnetdane\/wp-json\/wp\/v2\/posts\/604\/revisions"}],"wp:attachment":[{"href":"https:\/\/blog.causeur.fr\/bonnetdane\/wp-json\/wp\/v2\/media?parent=604"}],"wp:term":[{"taxonomy":"category","embeddable":true,"href":"https:\/\/blog.causeur.fr\/bonnetdane\/wp-json\/wp\/v2\/categories?post=604"},{"taxonomy":"post_tag","embeddable":true,"href":"https:\/\/blog.causeur.fr\/bonnetdane\/wp-json\/wp\/v2\/tags?post=604"}],"curies":[{"name":"wp","href":"https:\/\/api.w.org\/{rel}","templated":true}]}}