{"id":610,"date":"2015-01-10T07:37:37","date_gmt":"2015-01-10T07:37:37","guid":{"rendered":"http:\/\/blog.causeur.fr\/bonnetdane\/?p=610"},"modified":"2021-04-22T18:50:01","modified_gmt":"2021-04-22T16:50:01","slug":"generation-zidane-et-generation-rap","status":"publish","type":"post","link":"https:\/\/blog.causeur.fr\/bonnetdane\/generation-zidane-et-generation-rap-610","title":{"rendered":"G\u00e9n\u00e9ration Zidane et g\u00e9n\u00e9ration rap."},"content":{"rendered":"<p>Qui a demand\u00e9, l\u2019ann\u00e9e derni\u00e8re, \u00ab un autodaf\u00e9 pour ces chiens de <em>Charlie-Hebdo<\/em> \u00bb ? Un imam des Buttes-Chaumont ? Non. Un repr\u00e9sentant de l\u2019une ou l\u2019autre des organisations musulmanes qui avaient port\u00e9 plainte en 2007 contre l\u2019hebdomadaire et qui verse aujourd\u2019hui des larmes de crocodile, et sera certainement pr\u00e9sent demain dimanche \u00e0 ce rassemblement \u00ab r\u00e9publicain \u00bb (entendez : le camp du Bien) qui entend exclure un parti repr\u00e9sentant 25% des Fran\u00e7ais ? Pas m\u00eame.<br \/>\nEn fait, l\u2019auteur de cette boutade (un mot qu\u2019en l\u2019occurrence je ferais volontiers venir de l\u2019expression \u00ab bouter le feu \u00bb) est un <a href=\"https:\/\/www.youtube.com\/watch?v=DHS_SixDhWI\">collectif<\/a> rassemblant l\u2019\u00e9lite (?) des rappeurs fran\u00e7ais : Akhenaton, Kool Shen , Disiz la Peste, Soprano , Nekfeu , Dry , Lino , Nessbeal, Sadek, Sneazzy, S.Pri Noir, Still Fresh et Ta\u00efro. Des athl\u00e8tes de l\u2019intellect dont le portefeuille prosp\u00e8re sur la na\u00efvet\u00e9 de ceux qui l\u2019\u00e9coutent. Charb avait alors d\u00e9nonc\u00e9 une chanson \u00ab fasciste \u00bb chant\u00e9e par des \u00ab branleurs millionnaires \u00bb. Christiane Taubira ne s\u2019en \u00e9tait pas \u00e9mue. Ni la presse, pour l\u2019essentiel. Seul Jack Dion, dans <em>Marianne<\/em>, avait sign\u00e9 <a href=\"http:\/\/www.marianne.net\/Charlie-Hebdo-et-le-rap-de-l-autodafe_a234108.html\">un papier furieux<\/a> o\u00f9 il \u00e9crivait de fa\u00e7on pr\u00e9monitoire : \u00ab Certes, il ne s\u2019agit que d\u2019une chanson. Certes, on n\u2019est ni en Afghanistan ni au Pakistan, mais chacun conna\u00eet le poids des mots et le choc des formules. \u00bb<br \/>\nEt quelques lignes plus loin, il ajoutait, avec une grande pertinence : \u00ab le plus inqui\u00e9tant est que personne ne se soit offusqu\u00e9 d\u2019un engrenage d\u00e9bouchant sur un cri de haine contraire \u00e0 l\u2019esprit m\u00eame de la marche de 1983, d\u2019inspiration la\u00efque, et qui \u00e9tait \u00e0 mille lieux de toute r\u00e9cup\u00e9ration religieuse. A l\u2019\u00e9poque il s\u2019agissait de d\u00e9fendre les immigr\u00e9s. Aujourd\u2019hui on renvoie imm\u00e9diatement ces derniers \u00e0 une essence musulmane suppos\u00e9e ne tol\u00e9rant aucune critique. \u00bb<\/p>\n<p>Ah oui, la marche des Beurs\u2026 Cela remonte \u00e0 1983, \u00e0 l\u2019\u00e9poque o\u00f9 Mitterrand se s\u00e9parait du PC, apr\u00e8s l\u2019avoir descendu, r\u00e9orientait son action \u00e9conomique dans le sens du tout-lib\u00e9ral (j\u2019y reviendrai), et surtout, dans la perspective de 1988, inventait Le Pen, qu\u2019il faisait inviter \u00e0 l\u2019Heure de v\u00e9rit\u00e9, ce qui facilitait son \u00e9lection l\u2019ann\u00e9e suivante au parlement europ\u00e9en, et, en 1986, b\u00e9n\u00e9ficiant de la proportionnelle opportun\u00e9ment invent\u00e9e par la Gauche, d\u2019entrer \u00e0 l\u2019Assembl\u00e9e nationale. Tout se tient. \u00ab On a tout int\u00e9r\u00eat \u00e0 pousser le FN. Il rend la droite in\u00e9ligible. Plus il sera fort, plus on sera imbattables. C&rsquo;est la chance historique des socialistes. \u00bb Tels sont les propos que Franz-Olivier Giesbert pr\u00eate, non sans vraisemblance, \u00e0 cet \u00ab honn\u00eate homme \u00bb de Pierre B\u00e9r\u00e9govoy dans le Pr\u00e9sident (1990). J\u2019en connais un, qui \u00e9tait alors directeur de cabinet de divers ministres socialistes, avant d\u2019\u00eatre nomm\u00e9 \u00e0 la Cour des Comptes, qui s\u2019en souvient encore, maintenant qu\u2019il est pr\u00e9sident. Exclure ostensiblement le FN des manifestations de dimanche, c\u2019est lui donner, aux yeux de ceux qui ne reconnaissent plus la repr\u00e9sentativit\u00e9 de l\u2019UMPS, une aura de semi-martyr m\u00e9diatique. Si le plan de tous ces petits malins n\u2019est pas de provoquer en 2017 un affrontement, au second tour, entre Fran\u00e7ois et Marine, je veux bien perdre un \u0153il.<br \/>\nLa Marche des Beurs (le mot entra l\u2019ann\u00e9e suivante dans les dictionnaires) fut initi\u00e9e par un cur\u00e9 lyonnais, le P\u00e8re Delorme, sp\u00e9cialis\u00e9 dans le \u00ab dialogue inter-religieux \u00bb, comme on dit poliment pour d\u00e9signer la reddition de l\u2019\u00e9glise catholique \u00e0 l\u2019Islam, et un pasteur, <a href=\"http:\/\/www.presseetcite.info\/journal-officiel-des-banlieues\/memoire\/jean-costil-en-30-ans-jai-compris-comment-se-fabriquait\">Jean Costil<\/a>, membre de la CIMADE qui a la m\u00eame fonction \u0153cum\u00e9nique c\u00f4t\u00e9 protestant. L\u2019un et l\u2019autre sont de la m\u00eame g\u00e9n\u00e9ration que Philippe Meirieu, Lyonnais d\u2019adoption, et membre \u00e9minent, dans les ann\u00e9es 1960, des Jeunesses Ouvri\u00e8res Chr\u00e9tiennes \u2014 les JOC, c\u2019est son Mai 68 \u00e0 lui. Tout se tient.<br \/>\nQuand je pense que j\u2019ai d\u00e9fendu Meirieu contre les plus jusqu\u2019au-boutistes des p\u00e9dagos,<a href=\"http:\/\/blog.causeur.fr\/bonnetdane\/il-faut-sauver-le-soldat-meirieu-00357.html\"> ici m\u00eame<\/a>\u2026 Et que ce m\u00eame Meirieu, r\u00e9cemment sollicit\u00e9 pour LePoint.fr o\u00f9 je cause Education, a os\u00e9 me r\u00e9pondre : \u00ab Nos relations ne sont pas \u201ccomme elles sont\u201d, mais comme vous les avez construites par votre comportement et vos propos. Nul doute que vous ne trouviez quelque jouissance \u00e0 la pratique de l\u2019injure \u00e0 mon \u00e9gard. Mais, dans ces conditions, je pr\u00e9f\u00e8re utiliser d\u2019autre (sic) canaux que votre interlocution pour faire conna\u00eetre mes analyses sur l\u2019Ecole de la R\u00e9publique. Au nom de l\u2019\u00e9thique minimale n\u00e9cessaire \u00e0 tout d\u00e9bat d\u00e9mocratique. \u00bb On se pare volontiers de probit\u00e9 candide et de lin blanc, quand on est responsable du plus grand d\u00e9sastre scolaire de l\u2019Histoire.<br \/>\nLa Marche des Beurs, o\u00f9 flottaient quelques keffiehs palestiniens, n\u2019\u00e9tait pas exactement la sauce d\u00e9sir\u00e9e. Le PS, l\u2019ann\u00e9e suivante, inventa SOS Racisme, avec l\u2019argent de l\u2019Elys\u00e9e et de Pierre Berg\u00e9 r\u00e9unis, et le soutien, cette fois, de l\u2019Union des Etudiants Juifs de France. Il fallait canaliser cette belle jeunesse dans une voie \u00e9lectorale ad\u00e9quate \u2014 la \u00ab g\u00e9n\u00e9ration Tonton \u00bb.<br \/>\nMais qu\u2019on ne s\u2019y trompe pas. Dans les slogans de l\u2019\u00e9poque (l\u2019exaltation du m\u00e9tissage et du \u00ab m\u00e9lange \u00bb \u2014 il y avait eu opportun\u00e9ment une \u00ab marche \u00bb des mobylettes), c\u2019\u00e9tait d\u00e9j\u00e0 de la dissolution de la R\u00e9publique qu\u2019il \u00e9tait question.<br \/>\nSa\u00efd Kouachi est n\u00e9 en 1980. Son fr\u00e8re Ch\u00e9rif, deux ans plus tard. Ils ont connu jusqu\u2019\u00e0 la naus\u00e9e cette c\u00e9l\u00e9bration du m\u00e9lange qui devenait, peu \u00e0 peu, une c\u00e9l\u00e9bration de l\u2019identit\u00e9. Ils ont connu aussi, \u00e0 l\u2019entr\u00e9e en coll\u00e8ge, les b\u00e9n\u00e9fices de la loi Jospin \u2014 qui deux mois apr\u00e8s sa promulgation entra\u00eenait, au nom de la \u00ab libert\u00e9 d\u2019expression \u00bb qu\u2019elle imposait, la premi\u00e8re affaire de voiles. 1989 ! C\u2019est tout proche, c\u2019est tr\u00e8s loin.<br \/>\nLa d\u00e9mocratie \u00e0 l&rsquo;alg\u00e9rienne du GIA et du FIS est venue sur ces entrefaites allumer des foyers de terrorisme dans toutes les cit\u00e9s \u2014 le PS n\u2019offrait pas une id\u00e9ologie de substitution assez puissante, il fallut convoquer l\u2019Islam.<\/p>\n<p>Zidane, n\u00e9 en 1972, \u00e9tait pass\u00e9 du bon c\u00f4t\u00e9 de l\u2019\u00e9cole. M\u00eame s\u2019il s\u2019est tr\u00e8s t\u00f4t int\u00e9ress\u00e9 au foot, il a appris les fondamentaux. D\u2019ailleurs, il est trop kabyle pour \u00eatre tr\u00e8s musulman, et son p\u00e8re, venu en France avant la guerre d\u2019Alg\u00e9rie, ne lui a pas fait porter le poids d\u2019une alg\u00e9rianit\u00e9, si je puis dire, exacerb\u00e9e.<br \/>\nLa coupe du monde 1998, puis la coupe d\u2019Europe deux ans plus tard, qui marqu\u00e8rent son apog\u00e9e, virent aussi l\u2019\u00e9mergence de cette France \u00ab Black \/ Blanc \/ Beur \u00bb qui n\u2019\u00e9tait d\u00e9j\u00e0 plus du m\u00e9lange (c\u2019est-\u00e0-dire de l\u2019int\u00e9gration) mais de la juxtaposition communautaire d\u2019entit\u00e9s pseudo-raciales dispos\u00e9es \u00e0 l\u2019\u00e9talage.<br \/>\nLa preuve de cet \u00e9clatement de l\u2019id\u00e9al r\u00e9publicain d\u2019assimilation fut apport\u00e9e l\u2019ann\u00e9e suivante, lors d\u2019un match France-Alg\u00e9rie <a href=\"http:\/\/www.leparisien.fr\/sports\/france-algerie-pourquoi-le-match-a-degenere-08-10-2001-2002494338.php\">de sinistre m\u00e9moire<\/a>. Les Renseignements g\u00e9n\u00e9raux, qui ne sont pas forc\u00e9ment \u00e0 c\u00f4t\u00e9 de la plaque, avaient pr\u00e9venu qu\u2019il y aurait des d\u00e9bordements communautaires. C\u2019\u00e9tait dire qu\u2019en quelques ann\u00e9es les communaut\u00e9s s\u2019\u00e9taient mises en place. Et que l\u2019Islam pouvait tranquillement prosp\u00e9rer dans des cr\u00e2nes vid\u00e9s par les p\u00e9dagogues de toute culture commune au profit d\u2019un communautarisme concurrentiel, typique d&rsquo;une Europe d\u00e9s\u00e9tatis\u00e9e, et d&rsquo;un lib\u00e9ralisme mondialis\u00e9.<\/p>\n<p>Le reste, c\u2019est l\u2019actualit\u00e9. C\u2019est la plainte en 2007 contre <em>Charlie<\/em>, coupable de caricaturer le Proph\u00e8te. C\u2019est un premier attentat au cocktail Molotov en 2011, c\u2019est l\u2019appel au meurtre des citoyens-rappeurs en 2013 (<a href=\"http:\/\/www.lepoint.fr\/societe\/cherif-kouachi-le-jeune-rappeur-devenu-djihadiste-08-01-2015-1895000_23.php\">Sa\u00efd Kouachi a fait du rap, figurez-vous<\/a>), et c\u2019est mercredi dernier. Fin de partie. Communautarisme 12, R\u00e9publique 0. Et le bilan s&rsquo;est encore alourdi depuis. Parce que ce ne sont pas des cingl\u00e9s qui tirent \u00e0 l&rsquo;aveuglette. Ce sont des tueurs organis\u00e9s. Des assassins \u2014 du\u00a0persan <em>\u1e25a\u0161i\u0161iywn<\/em>, \u00ab\u00a0les gens de principe, de fondement de la foi\u00a0\u00bb. Il fallait le rappeler.<\/p>\n<p>Imm\u00e9diatement, ch\u0153ur des vierges et des bobos, qui dix minutes auparavant trouvaient que <em>Charlie<\/em> \u00e9tait un journal raciste \u2014 et c\u2019est une injure que j\u2019ai trouv\u00e9e ces jours-ci dans certains forums o\u00f9 ils feraient mieux de se taire, par d\u00e9cence. R\u00e9cup\u00e9ration de cadavres. Ils sont tomb\u00e9s par terre, c\u2019est la faute \u00e0 Voltaire \u2014 et, <a href=\"http:\/\/www.causeur.fr\/charlie-hebdo-joffrin-plenel-30979.html\">para\u00eet-il<\/a>, \u00e0 Houellebecq, \u00e0 Zemmour et \u00e0 Finkielkraut \u2014 si !\u2026 Mais qui les a aid\u00e9s quand il \u00e9tait encore temps ? Le gouvernement a m\u00eame all\u00e9g\u00e9 la protection dont ils b\u00e9n\u00e9ficiaient. Jolie fen\u00eatre de tir.<br \/>\nIl n\u2019est plus temps. Umberto Eco a <a href=\"http:\/\/www.corriere.it\/esteri\/15_gennaio_08\/umberto-eco-siamo-guerra-fino-collo-l-isis-nuovo-nazismo-29d755e0-9705-11e4-b51b-464ae47f8535.shtml\">parfaitement formul\u00e9<\/a> la situation : \u00ab C\u2019\u00e8 una guerra in corso e noi ci siamo dentro fino al collo, come quando io ero piccolo e vivevo le mie giornate sotto i bombardamenti che potevano arrivare da un momento all\u2019altro a mia insaputa. Con questo tipo di terrorismo, la situazione \u00e8 esattamente quella che abbiamo vissuto durante la guerra. \u00bb Oui, c\u2019est une guerre, une guerre \u00e0 distance contre l\u2019Etat islamique, devenue une guerre de proximit\u00e9 \u2014 et Eco a raison, c\u2019est comme en 1940 : qui collaborera, et qui r\u00e9sistera. Et nous nous y sommes plong\u00e9s jusqu\u2019au cou nous-m\u00eames, en c\u00e9dant sur l\u2019universalisme r\u00e9publicain, en c\u00e9dant sur la la\u00efcit\u00e9, en c\u00e9dant sur la transmission de la culture commune. En acceptant des voiles \u00e0 l&rsquo;universit\u00e9 et dans les sorties scolaires : la femme de Ch\u00e9rif Kouachi en porte un int\u00e9gral. L\u2019Ecole qu\u2019ont fr\u00e9quent\u00e9e toutes ces t\u00eates creuses m\u00e9riterait de figurer dans une nouvelle Histoire de l\u2019Inf\u00e2mie.<\/p>\n<p>Et Zidane, qui avait appel\u00e9 son fils Enzo, aurait d\u00e9cid\u00e9 \u2014 info ou intox \u2014 de le rebaptiser Mokhtar. <a href=\"http:\/\/saidabiida.canalblog.com\/archives\/2014\/11\/14\/30953571.html\">Les sites islamiques s\u2019en r\u00e9jouissent<\/a>, dans l\u2019orthographe rectifi\u00e9e qui est la leur : \u00ab Cet convertion de Zidane dans ces jours-ci que les pays occidentaux veulent an\u00e9antir le visage de l&rsquo;islam en cr\u00e9ant les terroristes de Daesh dans la r\u00e9gion du Moyen-Orient. \u00bb Sic.<br \/>\nMais ce n\u2019est pas important, l\u2019orthographe\u2026<br \/>\nEh bien si. Je crois m\u00eame que c\u2019est un crit\u00e8re, parmi d\u2019autres, pour reconna\u00eetre les apprentis jihadistes.<\/p>\n<p>Ecr.l\u2019inf.<\/p>\n<p>Jean-Paul Brighelli<\/p>\n","protected":false},"excerpt":{"rendered":"<p>Qui a demand\u00e9, l\u2019ann\u00e9e derni\u00e8re, \u00ab un autodaf\u00e9 pour ces chiens de Charlie-Hebdo \u00bb ? Un imam des Buttes-Chaumont ? Non. Un repr\u00e9sentant de l\u2019une ou l\u2019autre des organisations musulmanes qui avaient port\u00e9 plainte en 2007 contre l\u2019hebdomadaire et qui verse aujourd\u2019hui des larmes de crocodile, et sera certainement pr\u00e9sent demain dimanche \u00e0 ce rassemblement [&hellip;]<\/p>\n","protected":false},"author":6,"featured_media":0,"comment_status":"open","ping_status":"open","sticky":false,"template":"","format":"standard","meta":{"footnotes":""},"categories":[1],"tags":[478,493,492,480,483,161,491,475,479,154,484,476,153,482,485,477,488,486,487,481,448,489,490,474],"class_list":{"0":"post-610","1":"post","2":"type-post","3":"status-publish","4":"format-standard","6":"category-non-classe","7":"tag-akhenaton","8":"tag-blacks-blancs-beurs","9":"tag-coupe-du-monde","10":"tag-disiz-la-peste","11":"tag-dry","12":"tag-finkielkraut","13":"tag-france-algerie","14":"tag-houellebecq","15":"tag-kool-shen","16":"tag-le-pen","17":"tag-lino","18":"tag-marche-des-beurs","19":"tag-mitterrand","20":"tag-nekfeu","21":"tag-nessbeal","22":"tag-rap","23":"tag-s-pri-noir","24":"tag-sadek","25":"tag-sneazzy","26":"tag-soprano","27":"tag-sos-racisme","28":"tag-still-fresh","29":"tag-tairo","30":"tag-ziane"},"_links":{"self":[{"href":"https:\/\/blog.causeur.fr\/bonnetdane\/wp-json\/wp\/v2\/posts\/610","targetHints":{"allow":["GET"]}}],"collection":[{"href":"https:\/\/blog.causeur.fr\/bonnetdane\/wp-json\/wp\/v2\/posts"}],"about":[{"href":"https:\/\/blog.causeur.fr\/bonnetdane\/wp-json\/wp\/v2\/types\/post"}],"author":[{"embeddable":true,"href":"https:\/\/blog.causeur.fr\/bonnetdane\/wp-json\/wp\/v2\/users\/6"}],"replies":[{"embeddable":true,"href":"https:\/\/blog.causeur.fr\/bonnetdane\/wp-json\/wp\/v2\/comments?post=610"}],"version-history":[{"count":0,"href":"https:\/\/blog.causeur.fr\/bonnetdane\/wp-json\/wp\/v2\/posts\/610\/revisions"}],"wp:attachment":[{"href":"https:\/\/blog.causeur.fr\/bonnetdane\/wp-json\/wp\/v2\/media?parent=610"}],"wp:term":[{"taxonomy":"category","embeddable":true,"href":"https:\/\/blog.causeur.fr\/bonnetdane\/wp-json\/wp\/v2\/categories?post=610"},{"taxonomy":"post_tag","embeddable":true,"href":"https:\/\/blog.causeur.fr\/bonnetdane\/wp-json\/wp\/v2\/tags?post=610"}],"curies":[{"name":"wp","href":"https:\/\/api.w.org\/{rel}","templated":true}]}}