{"id":62,"date":"2007-01-27T11:02:41","date_gmt":"2007-01-27T11:02:41","guid":{"rendered":"http:\/\/blog.causeur.fr\/bonnetdane\/?p=62"},"modified":"2021-04-22T18:54:00","modified_gmt":"2021-04-22T16:54:00","slug":"harcelement","status":"publish","type":"post","link":"https:\/\/blog.causeur.fr\/bonnetdane\/harcelement-62","title":{"rendered":"Harcelement"},"content":{"rendered":"<p>Je re\u00e7ois \u00e0 l\u2019instant un courriel d\u2019une stagiaire CAPES d\u2019un IUFM voisin.<br \/>Je le livre ici brut de d\u00e9coffrage \u2014 avec quelques notes de commentaire\u2026<\/p>\n<p>\u00ab Monsieur,<\/p>\n<p>\u00ab J\u2019ai obtenu mon CAPES de lettres modernes il y a de cela deux ans (report de stage pour pr\u00e9parer l\u2019agr\u00e9gation l\u2019an dernier (1)) et j effectue en ce moment mon ann\u00e9e de stage IUFM \u2014 cauchemardesque.<\/p>\n<p>\u00ab J\u2019ai lu votre livre sur l&rsquo;\u00e9tat actuel de l&rsquo;\u00e9cole, \u00ab\u00a0la fabrique du cr\u00e9tin \u00ab\u00a0(2), et je pense que nous avons la m\u00eame conception \u2014 d\u00e9mod\u00e9e, traumatisante, humiliante selon les p\u00e9dagos des IUFM \u2014 de l&rsquo;\u00e9ducation. <\/p>\n<p>\u00ab Cette ann\u00e9e, je me retrouve face \u00e0 des tuteurs qui n\u2019ont jamais pass\u00e9 de concours (mon tuteur a \u00e9t\u00e9 ma\u00eetre-auxiliaire et titularis\u00e9 ensuite avec une simple licence (3)) et qui me serinent \u00e0 longueur de journ\u00e9e, d\u2019un air revanchard (4), \u00ab\u00a0en kh\u00e2gne, on ne vous enseigne pas \u00e7a ?\u00a0\u00bb Face aussi \u00e0 une PCP qui avoue ne pas avoir lu Madame Bovary, assiste \u00e0 mes cours, les critique en soutenant que le roman se termine sur la mort de Charles, et me sacque parce que mes \u00ab s\u00e9quences \u00bb ne sont pas parfaitement didactiques\u2026<\/p>\n<p>\u00ab J&rsquo;aurai droit, sous peu, \u00e0 ce qu&rsquo;ils appellent une contre-visite, mais je pense ne pas \u00eatre valid\u00e9e cette ann\u00e9e. En effet, la primeur est donn\u00e9e aux stagiaires qui ont obtenu le CAPES en interne. Et comme par hasard, mon tuteur pr\u00e9parait ces m\u00eames \u00e9l\u00e8ves il y a un an \u00e0 ce concours : le favoritisme y est explicite, ostensible et incompr\u00e9hensible \u00e0 ce stade de la formation. Mon tuteur (5) m\u2019a clairement dit, devant toute la classe, qu\u2019il avait des pr\u00e9jug\u00e9s \u00e0 mon \u00e9gard et que, peut-\u00eatre, cela avait pench\u00e9 en ma d\u00e9faveur lors de sa visite (6).<\/p>\n<p>\u00ab Je vous passe les heures de cours psychologisantes o\u00f9 chaque stagiaire parle de sa semaine, le tuteur \u00e9coutant de-ci de-l\u00e0, et dispensant des conseils inapplicables, irr\u00e9alistes et compl\u00e8tement farfelus.Par exemple, j\u2019ai pos\u00e9 le probl\u00e8me r\u00e9el de l\u2019orthographe et de la grammaire non ma\u00eetris\u00e9s en classe de seconde (7) et avais mis en place en cours de soutien et de remise \u00e0 niveau\u2026 Le tuteur m\u2019a ordonn\u00e9 (8) d\u2019arr\u00eater imm\u00e9diatement, et m\u2019a conseill\u00e9 de faire lire des po\u00e8mes d\u2019Apollinaire aux \u00e9l\u00e8ves (Calligrammes) afin de leur faire comprendre qu\u2019avec les mots, on peut jongler.<\/p>\n<p>\u00ab Je suis afflig\u00e9e par ce syst\u00e8me b\u00eatifiant, annihilant tout droit \u00e0 l\u2019\u00e9ducation, et donnant un r\u00e9el pouvoir \u00e0 des incomp\u00e9tents (9). Ces derniers exercent sur moi une pression constante, proc\u00e9dant d\u2019une fausse sympathie, m\u00eal\u00e9e d\u2019hypocrisie et de menaces (10). J\u2019en ai r\u00e9ellement assez que l\u2019on me reproche \u00e0 longueur de journ\u00e9e qui je suis (11), mon parcours scolaire, ma personnalit\u00e9 ; je puis vous assurer que je ne suis pas de nature \u00e0 me plaindre, j ai toujours \u00e9t\u00e9 une battante, j\u2019avais d\u2019ailleurs fait ma pr\u00e9pa sans aucun probl\u00e8me et avec plaisir (12), mais je vis tr\u00e8s, tr\u00e8s mal cette atmosph\u00e8re , cette mentalit\u00e9. <\/p>\n<p>\u00ab Je pense qu\u2019il faut alerter les pouvoirs publics (13) sur cette d\u00e9rive qui touche en premi\u00e8re ligne des g\u00e9n\u00e9rations enti\u00e8res, et en deuxi\u00e8me ligne, des profs d\u00e9butants dont l\u2019enthousiasme est vite entam\u00e9. C\u2019est effectivement mon cas, ma vocation est s\u00e9rieusement mise \u00e0 mal, et je ne sais pas si j\u2019aurai la force morale de refaire une ann\u00e9e si je n \u00e9tais pas valid\u00e9e. \u00bb<\/p>\n<p> L***<br \/>Notes<\/p>\n<p>(1) Kolossale erreur ! Tout ce qui pourrait \u00eatre au-dessus de ces gens-l\u00e0 est p\u00e9ch\u00e9 mortel. Ne savez-vous pas, mademoiselle, qu\u2019ils militent ardemment pour que l\u2019agr\u00e9gation soit supprim\u00e9e ? Pensez donc ! Les agr\u00e9gatifs les supportent, mais ne d\u00e9pendent pas d\u2019eux pour la validation de leur dipl\u00f4me \u2014 qui est valid\u00e9 d\u2019avance. Crime contre la pens\u00e9e unique et la m\u00e9diocrit\u00e9 partag\u00e9e.<br \/>Le pouvoir de valider le CAPES d\u00e9pendait autrefois de l\u2019Inspection g\u00e9n\u00e9rale. Je m\u2019\u00e9tonne que ce corps prestigieux, si jaloux en g\u00e9n\u00e9ral de ses pr\u00e9rogatives, ait laiss\u00e9 tant de petits minables usurper cette fonction quasi r\u00e9galienne.<\/p>\n<p>(2) J\u2019esp\u00e8re que vous ne l\u2019avez dit \u00e0 personne. Ils ne vous le pardonneraient pas. C\u2019est comme \u00e0 la cour de Louis XIV : tout ceux qui ne disent pas du bien de moi, m\u00eame ceux qui se taisent, en pense forc\u00e9ment du mal.<\/p>\n<p>(3) En quoi ils se mod\u00e8lent sur leurs a\u00eetres. Demandez donc \u00e0 Philippe Meirieu quels concours il a pass\u00e9s pour se retrouver prof de fac et gourou en chef\u2026 Demandez-vous quelles ranc\u0153urs peuvent na\u00eetre d\u2019un \u00e9chec \u00e0 l\u2019ENS et \u00e0 l\u2019agr\u00e9gation \u2014 qu\u2019il m\u2019a avou\u00e9s, un jour que nous d\u00e9battions au Figaro.<\/p>\n<p>(4) C\u2019est vraiment le mot exact. Ils ont perdu la guerre de l\u2019exigence intellectuelle, ils se rattrapent sur le petit terrain de l\u2019hostilit\u00e9 m\u00e9prisable.<\/p>\n<p>(5) Contrairement \u00e0 ce qui se passe en g\u00e9n\u00e9ral en horticulture, le tuteur d\u2019IUFM est quelqu\u2019un qui vous aide \u00e0 penser courbe \u2014 ou fourbe.<\/p>\n<p>(6) Dans notre grande s\u00e9rie \u00ab harc\u00e8lement \u00bb, peut-\u00eatre auriez-vous d\u00fb coucher avec lui\u2026 Cela se fait, dans le monde des petits chefs\u2026 <\/p>\n<p>(7) Quelle id\u00e9e ! L\u2019orthographe est une valeur bourgeoise, la grammaire ne se conjugue que selon Sainte Charmeux, et votre tuteur est sans doute syndiqu\u00e9 : samedi 20 janvier, les syndicats de gauche ont d\u00e9fil\u00e9 \u00e0 Paris en demandant le retrait des ordonnances modifiant les d\u00e9crets de 1950 (sur les heures sup\u2019, etc.) et instituant la bivalence (bonne id\u00e9e !), et en m\u00eame temps en ont profit\u00e9 pour protester contre le volontarisme du cabinet de Robien pr\u00e9tendant r\u00e9instituer l\u2019orthographe et la grammaire \u2014 je m\u2019\u00e9tonne d\u2019ailleurs que les banderoles du SNES ne se mettent pas d\u00e9j\u00e0 au go\u00fbt du jour : \u00ab A b\u00e2t la r\u00e9faurme de l\u2019Hortograf\u2019 \u00bb !<\/p>\n<p>(8) J\u2019adore ces \u00ab ordres \u00bb qui viennent si intelligemment rectifier le tir. Non seulement ces gens ne sont pas polis, mais ils ont une mentalit\u00e9 de Kapos. \u00c0 qui \u00e9crira un livre sur les IUFM, je propose un titre : la Fabrique des sous-off\u2019 \u00bb.<\/p>\n<p>(9) Mademoiselle, ne saviez-vous pas avant d\u2019y entrer que l\u2019Education Nationale, entre les mains de ces gens-l\u00e0, est devenue une illustration du Principe de Peter \u2014 l\u2019accession au plus haut du moins apte ? Ils ont r\u00e9voqu\u00e9 en doute le darwinisme, et les m\u00e9diocres se cooptent, s\u2019entre-recrutent et s\u2019\u00e9paulent afin de se prot\u00e9ger contre ces pr\u00e9sum\u00e9s grands pr\u00e9dateurs que sont les gens de Savoir.<\/p>\n<p>(10) Redevenons s\u00e9rieux. Il y a des lois contre ce type d\u2019agissements, des lois contre le harc\u00e8lement moral, et il est plus que temps de porter plainte, officiellement, contre les cloportes qui pr\u00e9tendent abuser des jeunes. Donnez tous les pouvoirs \u00e0 une personne de valeur, il les partagera et les d\u00e9l\u00e8guera. Donnez un peu de pouvoir \u00e0 un minable, il en abusera.<\/p>\n<p>(11) Et j\u2019en sais assez sur vous, mademoiselle, pour ne pas ignorer qu\u2019il y a probablement en sus une nuance raciste dans ce comportement. Fille d\u2019immigr\u00e9, vous devriez avoir honte d\u2019aimer la culture fran\u00e7aise, enfin !<\/p>\n<p>(12) Et bonne \u00e9l\u00e8ve avec \u00e7a ! Vous n\u2019avez pas honte ? Vous auriez d\u00fb simuler, inclure deux ou trois fautes d\u2019aurtograf dans vos r\u00e9dactions, parler la langue corrompue de l\u2019IUFM, et avancer masqu\u00e9e. Ne savez-vous pas qu\u2019ils coupent tout ce qui les d\u00e9passent ?<\/p>\n<p>(13) Vous voyez : c\u2019est fait.<\/p>\n<p>Jean-Paul Brighelli<\/p>\n","protected":false},"excerpt":{"rendered":"<p>Je re\u00e7ois \u00e0 l\u2019instant un courriel d\u2019une stagiaire CAPES d\u2019un IUFM voisin.Je le livre ici brut de d\u00e9coffrage \u2014 avec quelques notes de commentaire\u2026 \u00ab Monsieur, \u00ab J\u2019ai obtenu mon CAPES de lettres modernes il y a de cela deux ans (report de stage pour pr\u00e9parer l\u2019agr\u00e9gation l\u2019an dernier (1)) et j effectue en ce [&hellip;]<\/p>\n","protected":false},"author":6,"featured_media":0,"comment_status":"open","ping_status":"open","sticky":false,"template":"","format":"standard","meta":{"footnotes":""},"categories":[1],"tags":[],"class_list":{"0":"post-62","1":"post","2":"type-post","3":"status-publish","4":"format-standard","6":"category-non-classe"},"_links":{"self":[{"href":"https:\/\/blog.causeur.fr\/bonnetdane\/wp-json\/wp\/v2\/posts\/62","targetHints":{"allow":["GET"]}}],"collection":[{"href":"https:\/\/blog.causeur.fr\/bonnetdane\/wp-json\/wp\/v2\/posts"}],"about":[{"href":"https:\/\/blog.causeur.fr\/bonnetdane\/wp-json\/wp\/v2\/types\/post"}],"author":[{"embeddable":true,"href":"https:\/\/blog.causeur.fr\/bonnetdane\/wp-json\/wp\/v2\/users\/6"}],"replies":[{"embeddable":true,"href":"https:\/\/blog.causeur.fr\/bonnetdane\/wp-json\/wp\/v2\/comments?post=62"}],"version-history":[{"count":0,"href":"https:\/\/blog.causeur.fr\/bonnetdane\/wp-json\/wp\/v2\/posts\/62\/revisions"}],"wp:attachment":[{"href":"https:\/\/blog.causeur.fr\/bonnetdane\/wp-json\/wp\/v2\/media?parent=62"}],"wp:term":[{"taxonomy":"category","embeddable":true,"href":"https:\/\/blog.causeur.fr\/bonnetdane\/wp-json\/wp\/v2\/categories?post=62"},{"taxonomy":"post_tag","embeddable":true,"href":"https:\/\/blog.causeur.fr\/bonnetdane\/wp-json\/wp\/v2\/tags?post=62"}],"curies":[{"name":"wp","href":"https:\/\/api.w.org\/{rel}","templated":true}]}}