{"id":636,"date":"2015-02-08T15:12:45","date_gmt":"2015-02-08T15:12:45","guid":{"rendered":"http:\/\/blog.causeur.fr\/bonnetdane\/?p=636"},"modified":"2021-04-22T18:50:01","modified_gmt":"2021-04-22T16:50:01","slug":"niqab","status":"publish","type":"post","link":"https:\/\/blog.causeur.fr\/bonnetdane\/niqab-636","title":{"rendered":"Niqab"},"content":{"rendered":"<p>Connaissez-vous le March\u00e9 Noailles, \u00e0 Marseille ? Au c\u0153ur du Ier arrondissement, en plein centre ville, \u00e0 100 m du lyc\u00e9e Thiers, et juste dans le dos du plus grand commissariat de la ville hors l\u2019Ev\u00each\u00e9 \u2014 o\u00f9 ne r\u00e9side pas l\u2019\u00e9v\u00eaque, mais le c\u0153ur administratif et logistique de la police marseillaise, tout au bout du Panier, juste en dessous de l\u2019ancien appartement d\u2019un certain mammif\u00e8re marin de ma connaissance qui passe souvent ici\u2026<br \/>\nOn l\u2019appelle aussi le March\u00e9 des Capucins, parce qu\u2019y prend naissance la rue Longue des Capucins. Pour ceux qui ne savent pas, c\u2019est un march\u00e9 100% musulman, \u00e0 part une exquise charcuterie qui fait un magret s\u00e9ch\u00e9 et un figatelli maison tout \u00e0 fait d\u00e9lectables \u2014 et, \u00e0 midi, des sandwiches aux rillettes de lapin ou \u00e0 la caillette, avec assortiment de cornichons pour le m\u00eame prix. Hmm\u2026<br \/>\nVendredi, \u00e9meute en milieu d\u2019apr\u00e8s-midi dans ce march\u00e9 qui est pourtant plus calme, depuis un mois que le barbu qui surveillait le commerce en faisant semblant de vendre des calendriers s\u2019est discr\u00e8tement \u00e9clips\u00e9 \u2014 et depuis que les policiers municipaux et \/ ou nationaux viennent y faire des tours en VTT (ne riez pas, Marseille est une ville qui ne cesse de monter et de descendre, et moi qui me farcis \u00e7a en V\u00e9lib, j\u2019en sais quelque chose).<\/p>\n<p>Reprenons le r\u00e9cit du <a href=\"http:\/\/www.laprovence.com\/article\/actualites\/3256295\/marseille-le-controle-dune-femme-en-niqab-tourne-mal.html\">journal local<\/a> :<\/p>\n<p>\u00ab Une jeune femme de 27 ans a \u00e9t\u00e9 interpell\u00e9e hier apr\u00e8s-midi, vers 15 h 30, sur le march\u00e9 de Noailles (1er) \u00e0 Marseille, alors qu&rsquo;elle portait un niqab de couleur noire. Seuls ses yeux \u00e9taient effectivement visibles, pr\u00e9cise-t-on de source proche de l&rsquo;enqu\u00eate.<br \/>\n\u00ab Elle a refus\u00e9 de se d\u00e9voiler malgr\u00e9 la demande expresse des policiers qui intervenaient, en l&rsquo;occurrence cinq \u00eelotiers, dont deux r\u00e9servistes. Elle s&rsquo;est mise \u00e0 insulter les forces de l&rsquo;ordre en ces termes : \u00ab\u00a0Chez nous, on ne parle pas aux hommes. Ne m&#8217;emmerdez pas !\u00a0\u00bb<br \/>\n\u00ab Elle a d\u00e8s lors \u00e9t\u00e9 rejointe par une amie qui se trouvait en compagnie de son fils de 8 ans et l&rsquo;accompagnait. S&rsquo;adressant \u00e0 sa copine, la deuxi\u00e8me femme a stigmatis\u00e9 \u00e0 son tour le r\u00f4le des agents : \u00ab\u00a0Tu n&rsquo;as pas \u00e0 parler \u00e0 ces sales chiens !\u00a0\u00bb Un attroupement s&rsquo;est aussit\u00f4t form\u00e9 autour des deux jeunes femmes. Les policiers ont d\u00fb faire appel \u00e0 trois VTTistes, tandis qu&rsquo;ils recevaient \u00e9galement le renfort de la Brigade anticriminalit\u00e9 (Bac).<br \/>\n\u00ab Pendant le trajet qui les conduisait au commissariat Noailles, les insultes continueront \u00e0 pleuvoir. Les deux femmes ont \u00e9t\u00e9 plac\u00e9es en garde \u00e0 vue pour \u00ab\u00a0outrage et r\u00e9bellion\u00a0\u00bb. Elles doivent, depuis, s&rsquo;expliquer sur les raisons de leur comportement. \u00bb<br \/>\nSi je traite un poulet de \u00ab sale chien \u00bb, moi, qu\u2019est-ce que je risque ?<br \/>\nEh bien, la m\u00eame chose que Belph\u00e9gor : 6 mois de prison et 7500 euros d\u2019amende. Article 433-5 du Code p\u00e9nal.<br \/>\nComparution imm\u00e9diate, flagrant d\u00e9lit \u2014 allez, depuis deux jours elle couche aux Baumettes\u2026<br \/>\nEnfin, elle devrait.<\/p>\n<p>Alors maintenant, \u00e9coute-moi bien, Belph\u00e9gor.<br \/>\n\u00ab Chez nous \u00bb \u2014 mais tu n\u2019es pas chez toi : la France est une maison commune o\u00f9 s\u2019appliquent les lois de la R\u00e9publique \u2014 qui ne pr\u00e9voient pas, par exemple, que l\u2019on ne puisse pas s\u2019adresser \u00e0 une femme, parce qu\u2019elle ne fait pas de diff\u00e9rence entre les hommes et les femmes (et si toi tu en fais une, tu es juste une pauvre esclave). La loi ne pr\u00e9voit pas non plus, <a href=\"http:\/\/www.lefigaro.fr\/actualite-france\/2011\/04\/03\/01016-20110403ARTFIG00165-voile-integral-le-mode-d-emploi-des-verbalisations.php\">depuis le 11 avril 2011<\/a>, que l\u2019on cache son visage en public, sauf autorisation de carnaval. 150 euros d\u2019amende en sus.<br \/>\nEt si jamais on peut prouver \u2014 et je ne vois pas comment il pourrait en \u00eatre autrement, sauf \u00e0 supposer que tu es b\u00eate comme tes pieds \u2014 que c\u2019est un homme qui t\u2019a impos\u00e9 cette tenue moyen\u00e2geuse, il \u00e9copera d\u2019un an de prison et de 30 000 euros d\u2019amende.<\/p>\n<p>Fais gaffe, un jour ou l\u2019autre, des citoyens exc\u00e9d\u00e9s (et cette ville en est bourr\u00e9e) s\u2019amuseront \u00e0 d\u00e9voiler toutes les malheureuses victimes d\u2019une id\u00e9ologie machiste. Pour leur bien.<br \/>\nParce qu\u2019une fille voil\u00e9e, ce pourrait par exemple \u00eatre elle :<a href=\"http:\/\/blog.causeur.fr\/bonnetdane\/files\/2015\/02\/4434425_10.jpg\"><img loading=\"lazy\" decoding=\"async\" class=\"aligncenter size-full wp-image-642\" src=\"http:\/\/blog.causeur.fr\/bonnetdane\/files\/2015\/02\/4434425_10.jpg\" alt=\"\" width=\"308\" height=\"437\" srcset=\"https:\/\/blog.causeur.fr\/bonnetdane\/wp-content\/uploads\/sites\/25\/2015\/02\/4434425_10.jpg 308w, https:\/\/blog.causeur.fr\/bonnetdane\/wp-content\/uploads\/sites\/25\/2015\/02\/4434425_10-211x300.jpg 211w\" sizes=\"auto, (max-width: 308px) 100vw, 308px\" \/><\/a><\/p>\n<p>Et tu sais quoi ? Elle est suspect\u00e9e de terrorisme, elle s&rsquo;habille jsutement en Belph\u00e9gor,<a href=\"http:\/\/blog.causeur.fr\/bonnetdane\/files\/2015\/02\/4435815_hayat-last_545x460_autocrop.jpg\"><img loading=\"lazy\" decoding=\"async\" class=\"aligncenter size-full wp-image-643\" src=\"http:\/\/blog.causeur.fr\/bonnetdane\/files\/2015\/02\/4435815_hayat-last_545x460_autocrop.jpg\" alt=\"\" width=\"545\" height=\"292\" srcset=\"https:\/\/blog.causeur.fr\/bonnetdane\/wp-content\/uploads\/sites\/25\/2015\/02\/4435815_hayat-last_545x460_autocrop.jpg 545w, https:\/\/blog.causeur.fr\/bonnetdane\/wp-content\/uploads\/sites\/25\/2015\/02\/4435815_hayat-last_545x460_autocrop-300x160.jpg 300w\" sizes=\"auto, (max-width: 545px) 100vw, 545px\" \/><\/a><\/p>\n<p>et sur une m\u00e9prise, on pourrait bien tirer \u00e0 vue sur toute personne qui lui ressemble \u2014 si tant est que l\u2019on ressemble \u00e0 quelqu\u2019un, ou \u00e0 quelque chose, sous un niqab.<\/p>\n<p>La loi ne pr\u00e9voit pas non plus que l\u2019on traite des agents de la force publique de \u00ab sales chiens \u00bb, et ta copine devrait dormir en taule avec toi, \u00e0 l\u2019heure qu\u2019il est.<br \/>\nLa loi ne pr\u00e9voit pas que des citoyens normaux, commer\u00e7ants ou clients suppos\u00e9s honn\u00eates, s\u2019opposent \u00e0 une interpellation \u2014 ils seront trop heureux, les uns et les autres, le jour o\u00f9 ces m\u00eames agents mettront la main sur un racketteur ou un voleur \u00e0 la tire.<br \/>\nVoil\u00e0 \u2014 petit cours de Droit rapide. Et si tu crois que tu peux encore b\u00e9n\u00e9ficier de l\u2019impunit\u00e9 ou du silence complice des bobos parisiens, c\u2019est que tu n\u2019as pas bien saisi ce qui a chang\u00e9 depuis un mois.<br \/>\n\u00c0 moins que rien n\u2019ait chang\u00e9 ? Il y a un mois, 17 personnes se faisaient abattre par des islamistes, et un mois apr\u00e8s, Belph\u00e9gor croit pouvoir se balader impun\u00e9ment dans les rues de Marseille. 17 morts pour rien \u2014 en attendant qu\u2019il y en ait d\u2019autres ?<\/p>\n<p>Jean-Paul Brighelli<\/p>\n","protected":false},"excerpt":{"rendered":"<p>Connaissez-vous le March\u00e9 Noailles, \u00e0 Marseille ? Au c\u0153ur du Ier arrondissement, en plein centre ville, \u00e0 100 m du lyc\u00e9e Thiers, et juste dans le dos du plus grand commissariat de la ville hors l\u2019Ev\u00each\u00e9 \u2014 o\u00f9 ne r\u00e9side pas l\u2019\u00e9v\u00eaque, mais le c\u0153ur administratif et logistique de la police marseillaise, tout au bout [&hellip;]<\/p>\n","protected":false},"author":6,"featured_media":0,"comment_status":"open","ping_status":"open","sticky":false,"template":"","format":"standard","meta":{"footnotes":""},"categories":[1],"tags":[535,536,532,533,534,537],"class_list":{"0":"post-636","1":"post","2":"type-post","3":"status-publish","4":"format-standard","6":"category-non-classe","7":"tag-forces-de-lordre","8":"tag-insultes","9":"tag-la-provence","10":"tag-marche-noailles","11":"tag-niqab","12":"tag-terroristes"},"_links":{"self":[{"href":"https:\/\/blog.causeur.fr\/bonnetdane\/wp-json\/wp\/v2\/posts\/636","targetHints":{"allow":["GET"]}}],"collection":[{"href":"https:\/\/blog.causeur.fr\/bonnetdane\/wp-json\/wp\/v2\/posts"}],"about":[{"href":"https:\/\/blog.causeur.fr\/bonnetdane\/wp-json\/wp\/v2\/types\/post"}],"author":[{"embeddable":true,"href":"https:\/\/blog.causeur.fr\/bonnetdane\/wp-json\/wp\/v2\/users\/6"}],"replies":[{"embeddable":true,"href":"https:\/\/blog.causeur.fr\/bonnetdane\/wp-json\/wp\/v2\/comments?post=636"}],"version-history":[{"count":0,"href":"https:\/\/blog.causeur.fr\/bonnetdane\/wp-json\/wp\/v2\/posts\/636\/revisions"}],"wp:attachment":[{"href":"https:\/\/blog.causeur.fr\/bonnetdane\/wp-json\/wp\/v2\/media?parent=636"}],"wp:term":[{"taxonomy":"category","embeddable":true,"href":"https:\/\/blog.causeur.fr\/bonnetdane\/wp-json\/wp\/v2\/categories?post=636"},{"taxonomy":"post_tag","embeddable":true,"href":"https:\/\/blog.causeur.fr\/bonnetdane\/wp-json\/wp\/v2\/tags?post=636"}],"curies":[{"name":"wp","href":"https:\/\/api.w.org\/{rel}","templated":true}]}}