{"id":649,"date":"2015-02-20T06:44:29","date_gmt":"2015-02-20T06:44:29","guid":{"rendered":"http:\/\/blog.causeur.fr\/bonnetdane\/?p=649"},"modified":"2021-04-22T18:50:00","modified_gmt":"2021-04-22T16:50:00","slug":"la-societe-islamiste-du-spectacle","status":"publish","type":"post","link":"https:\/\/blog.causeur.fr\/bonnetdane\/la-societe-islamiste-du-spectacle-649","title":{"rendered":"La soci\u00e9t\u00e9 islamiste du spectacle"},"content":{"rendered":"<p>Il y a le ciel, le soleil et la mer \u2014 et une longue, tr\u00e8s longue file d\u2019hommes habill\u00e9s en orange (rappel probable de la tenue impos\u00e9e \u00e0 Guantanamo et plus g\u00e9n\u00e9ralement dans les prisons US) escort\u00e9s par des militants de l\u2019Etat islamique v\u00eatus de noir \u2014 agr\u00e9able contraste pour l\u2019\u0153il. Ciel fuligineux, soigneusement dramatique \u2014 col\u00e8re c\u00e9leste. Plan d\u2019ensemble, puis montage rapide et serr\u00e9, style actualit\u00e9s am\u00e9ricaines.<a href=\"http:\/\/blog.causeur.fr\/bonnetdane\/files\/2015\/02\/Daech1.png\"><img loading=\"lazy\" decoding=\"async\" class=\"aligncenter size-medium wp-image-657\" src=\"http:\/\/blog.causeur.fr\/bonnetdane\/files\/2015\/02\/Daech1-300x145.png\" alt=\"\" width=\"300\" height=\"145\" srcset=\"https:\/\/blog.causeur.fr\/bonnetdane\/wp-content\/uploads\/sites\/25\/2015\/02\/Daech1-300x145.png 300w, https:\/\/blog.causeur.fr\/bonnetdane\/wp-content\/uploads\/sites\/25\/2015\/02\/Daech1.png 500w\" sizes=\"auto, (max-width: 300px) 100vw, 300px\" \/><\/a><br \/>\nGros plans sur les visages terroris\u00e9s des prisonniers. L\u2019un des tueurs s\u2019adresse \u00e0 la cam\u00e9ra \u2014 \u00e0 nous \u00e0 travers la cam\u00e9ra \u2014 en anglais, avec un tr\u00e8s l\u00e9ger accent arabe. Histoire de dire deux ou trois choses essentielles. Puis on pousse les prisonniers la face sur le sable, et on les d\u00e9capite tous, avant de poser les t\u00eates coup\u00e9es sur les torses des victimes. La mer se teinte de rouge \u2014 \u00e9cho, pr\u00e9cise le commentateur, des vagues dans lesquelles vous avez jet\u00e9 le corps d&rsquo;Oussama Ben Laden. <em>Tit for tat<\/em>.<br \/>\nTr\u00e8s beau, tr\u00e8s esth\u00e9tique, <a href=\"http:\/\/www.nytimes.com\/2015\/02\/19\/opinion\/the-isis-theater-of-cruelty.html?_r=0\">remarque en grin\u00e7ant Hussein Ibish<\/a>, qui travaille sur la Palestine pour les Am\u00e9ricains et qui raconte la sc\u00e8ne pour le <em>New York Times<\/em>. Soci\u00e9t\u00e9 du spectacle au paroxysme de son pouvoir : les terroristes ont parfaitement assimil\u00e9 les codes de la repr\u00e9sentation occidentale, avec un arri\u00e8re-plan oriental de th\u00e9\u00e2tre de la cruaut\u00e9 qui n\u2019aurait pas d\u00e9plu \u00e0 Antonin Artaud.<br \/>\nD\u2019o\u00f9 le go\u00fbt de ces jeunes gens pour les supplices spectaculaires \u2014 un pilote jordanien br\u00fbl\u00e9 vif il y a quinze jours, et hier, 43 personnes, \u00e0 Al-Baghdadi, en Irak, <a href=\"http:\/\/www.20minutes.fr\/monde\/1543183-20150217-video-irak-daesh-brule-vives-45-personnes-ville-al-baghdadi#xtor=RSS-176\">ex\u00e9cut\u00e9es en groupe de la m\u00eame fa\u00e7on<\/a>. Le sadisme est d\u2019abord mise en sc\u00e8ne. Sur des gosses nourris de jeux vid\u00e9os et en perte de r\u00e9el, \u00e7a fait son petit grand effet. Sur les tueurs en s\u00e9rie qui h\u00e9sitent ici \u00e0 passer \u00e0 l\u2019acte, c\u2019est irr\u00e9sistible.<br \/>\n<a href=\"http:\/\/www.atlantico.fr\/decryptage\/hadith-mahomet-qui-permet-comprendre-mecanique-precise-strategie-etat-islamique-et-prochaines-etapes-david-rigoulet-roze-2010049.html?yahoo=1\"> Et les sp\u00e9cialistes de nous expliquer<\/a> que derri\u00e8re ces vid\u00e9os distill\u00e9es avec un doigt\u00e9 remarquable \u2014 les fous de Dieu alimentent l\u2019hydre insatiable des m\u00e9dias mondiaux \u2014, il y a une strat\u00e9gie tr\u00e8s clairement pens\u00e9e, la volont\u00e9 de faire croire aux Musulmans du monde entier que le leader de l\u2019Etat islamique, Abou Bakr al-Baghdadi, est le Mahdi. L\u2019envoy\u00e9 qui remettra le Califat \u00e0 l\u2019ordre du jour. En attendant mieux \u2014 la chute de la seconde Rome et l\u2019extermination des Roumis.<\/p>\n<p>Curieusement, l&rsquo;Elys\u00e9e a \u00ab\u00a0oubli\u00e9\u00a0\u00bb, en condamnant (!) cette ex\u00e9cution de masse, que les Egyptiens d\u00e9capit\u00e9s \u00e9taient chr\u00e9tiens. Bourde, <a href=\"http:\/\/videos.tf1.fr\/infos\/2015\/bourde-diplomatique-de-l-elysee-apres-la-mort-de-21-chretiens-8566431.html\">comme veut le croire <em>TF1<\/em><\/a>, ou volont\u00e9 imb\u00e9cile de ne pas jeter d&rsquo;huile sur le feu\u2026 Ce gouvernement se soucie prioritairement de communication, il devrait prendre des cours aupr\u00e8s de Daesh.<\/p>\n<p>Toutes les vid\u00e9os exp\u00e9di\u00e9es par l\u2019Etat islamique sont r\u00e9alis\u00e9es avec le m\u00eame soin. Il est temps de se dire qu\u2019il s\u2019agit de professionnels, pas de cingl\u00e9s hyst\u00e9riques. De gens qui ma\u00eetrisent parfaitement leur propos et leur action, les codes de couleurs et les symboles. Qui ont un plan pr\u00e9cis : le bord de mer signifie que l\u2019on va passer de l\u2019autre c\u00f4t\u00e9, et le commentateur dit clairement que l\u2019ex\u00e9cution de ces 21 chr\u00e9tiens coptes t\u00e9moigne de l\u2019ambition de \u00ab conqu\u00e9rir Rome \u00bb : dois-je rappeler que les \u00ab barbares \u00bb qui ont d\u00e9vast\u00e9 la capitale de l\u2019Empire, au V\u00e8me si\u00e8cle, n\u2019\u00e9taient pas du tout des excit\u00e9s, mais des peuples organis\u00e9s qui, simplement, ne parlaient pas latin \u2014 encore que nombre d\u2019entre eux le baragouinaient assez bien, vu que les \u00e9changes entre l\u2019Empire pourrissant et ses futurs vainqueurs \u00e9taient fr\u00e9quents, et que nombre de guerriers hirsutes avaient servi dans les arm\u00e9es romaines. Une civilisation en chassait une autre, et il fallait tout le d\u00e9tachement de Saint Augustin pour consid\u00e9rer que l\u2019\u00e9croulement des empires est un \u00e9piph\u00e9nom\u00e8ne face \u00e0 la permanence de Dieu.<\/p>\n<p>Tous les raids que lancent les aviations occidentales \u2014 ou les missiles, ou les drones \u2014 contre ces combattants ne font que renforcer leur certitude : l\u2019Occident ne sait pas se battre. Technologie contre ressources humaines : \u00e7a ne marche pas plus \u00e0 la guerre \u2014 <em>remember Viet Nam<\/em> \u2014 qu\u2019\u00e0 l\u2019Ecole, o\u00f9 certains s\u2019imaginent que des \u00e9crans peuvent remplacer les profs. C\u2019est sur le terrain que \u00e7a doit se passer. On a bien \u00e9t\u00e9 capable, pour faire plaisir \u00e0 Bernard-Henri L\u00e9vy (curieusement silencieux ces temps-ci) de virer Kadhafi. Face \u00e0 ce qui est en train de devenir le plus grand rassemblement de volontaires depuis la guerre d\u2019Espagne, il faut \u00e9videmment aller sur le terrain, et r\u00e9gler la question comme Lord Kitchener r\u00e9gla jadis celle de l&rsquo;Etat islamique install\u00e9 au Soudan par un autre Mahdi, \u00e0 la fin du XIX\u00e8me si\u00e8cle. Ou comme les Romains, \u00e0 l&rsquo;\u00e9poque de leur expansion, ont r\u00e9gl\u00e9 la question carthaginoise. Obama vient de demander au Congr\u00e8s (qui ne lui est pas favorable) la permission d\u2019engager les troupes au sol. Les Fran\u00e7ais se cantonnent dans des op\u00e9rations marginales au Mali \u2014 alors qu\u2019il s\u2019agit de toute \u00e9vidence d\u2019un plan mondial, concert\u00e9, qui du Nig\u00e9ria aux fronti\u00e8res turques pousse ses pions en m\u00eame temps.<\/p>\n<p>Y aller pr\u00e9sente pas mal de risques \u2014 entre autres celui que la cinqui\u00e8me colonne (\u00e0 laquelle les attentats de janvier donnent une r\u00e9alit\u00e9 qui devrait convaincre les plus optimistes \u2014 ce ne sont pas des \u00ab loups solitaires \u00bb, mais des gens organis\u00e9s envoy\u00e9s en mission) passe ici \u00e0 l\u2019action. Mais enfin, de toute fa\u00e7on, on y est. Des attentats, il y en aura bien d\u2019autres, tout le monde le sait, particuli\u00e8rement les forces de l\u2019ordre, qui en sont toujours \u00e0 se disputer entre services de renseignement rivaux. Dans six mois, l\u2019Etat islamique sera devenu une force irr\u00e9sistible, qui emportera le Moyen Orient \u2014 ils ne sont pas fous, ils \u00e9vitent soigneusement Isra\u00ebl \u2014 et l\u2019Afrique du Nord. <a href=\"http:\/\/www.lapresse.tn\/17022015\/95963\/daech-aux-portes-de-la-tunisie.html\">Demain, la Tunisie<\/a>. Apr\u00e8s-demain\u2026<br \/>\nLes t\u00e9l\u00e9s occidentales vont adorer \u2014 jusqu\u2019\u00e0 ce qu\u2019un voile noir portant le nom d\u2019Allah occupe leurs lucarnes. Il ne sera m\u00eame plus temps de faire notre soumission, <a href=\"http:\/\/leblogdelapresidente.over-blog.com\/2015\/02\/cinquante-nuances-de-houellebecq.html\">comme le raconte Houellebecq avec une ironie cynique<\/a>. Nous serons tous morts. Ce n\u2019est pas la ma\u00eetrise de la kalachnikov qui me fait croire cela, c\u2019est la ma\u00eetrise de la cam\u00e9ra. \u00c0 qui contr\u00f4le les m\u00e9dias il n&rsquo;est rien d&rsquo;impossible.<\/p>\n<p>Jean-Paul Brighelli<\/p>\n","protected":false},"excerpt":{"rendered":"<p>Il y a le ciel, le soleil et la mer \u2014 et une longue, tr\u00e8s longue file d\u2019hommes habill\u00e9s en orange (rappel probable de la tenue impos\u00e9e \u00e0 Guantanamo et plus g\u00e9n\u00e9ralement dans les prisons US) escort\u00e9s par des militants de l\u2019Etat islamique v\u00eatus de noir \u2014 agr\u00e9able contraste pour l\u2019\u0153il. Ciel fuligineux, soigneusement dramatique [&hellip;]<\/p>\n","protected":false},"author":6,"featured_media":0,"comment_status":"open","ping_status":"open","sticky":false,"template":"","format":"standard","meta":{"footnotes":""},"categories":[1],"tags":[552,549,551,405,550],"class_list":{"0":"post-649","1":"post","2":"type-post","3":"status-publish","4":"format-standard","6":"category-non-classe","7":"tag-califat","8":"tag-etat-islamique","9":"tag-mahdi","10":"tag-societe-duspectacle","11":"tag-theatre-de-la-cruaute"},"_links":{"self":[{"href":"https:\/\/blog.causeur.fr\/bonnetdane\/wp-json\/wp\/v2\/posts\/649","targetHints":{"allow":["GET"]}}],"collection":[{"href":"https:\/\/blog.causeur.fr\/bonnetdane\/wp-json\/wp\/v2\/posts"}],"about":[{"href":"https:\/\/blog.causeur.fr\/bonnetdane\/wp-json\/wp\/v2\/types\/post"}],"author":[{"embeddable":true,"href":"https:\/\/blog.causeur.fr\/bonnetdane\/wp-json\/wp\/v2\/users\/6"}],"replies":[{"embeddable":true,"href":"https:\/\/blog.causeur.fr\/bonnetdane\/wp-json\/wp\/v2\/comments?post=649"}],"version-history":[{"count":0,"href":"https:\/\/blog.causeur.fr\/bonnetdane\/wp-json\/wp\/v2\/posts\/649\/revisions"}],"wp:attachment":[{"href":"https:\/\/blog.causeur.fr\/bonnetdane\/wp-json\/wp\/v2\/media?parent=649"}],"wp:term":[{"taxonomy":"category","embeddable":true,"href":"https:\/\/blog.causeur.fr\/bonnetdane\/wp-json\/wp\/v2\/categories?post=649"},{"taxonomy":"post_tag","embeddable":true,"href":"https:\/\/blog.causeur.fr\/bonnetdane\/wp-json\/wp\/v2\/tags?post=649"}],"curies":[{"name":"wp","href":"https:\/\/api.w.org\/{rel}","templated":true}]}}