{"id":661,"date":"2015-02-28T08:04:45","date_gmt":"2015-02-28T08:04:45","guid":{"rendered":"http:\/\/blog.causeur.fr\/bonnetdane\/?p=661"},"modified":"2021-04-22T18:50:00","modified_gmt":"2021-04-22T16:50:00","slug":"notre-ami-bachar","status":"publish","type":"post","link":"https:\/\/blog.causeur.fr\/bonnetdane\/notre-ami-bachar-661","title":{"rendered":"Notre ami Bachar"},"content":{"rendered":"<p>J\u2019ai un go\u00fbt mod\u00e9r\u00e9 pour les dictateurs \u2014 surtout h\u00e9r\u00e9ditaires. Poutine est le fils de ses \u0153uvres, Bachar est le fils de Hafez. Un go\u00fbt mod\u00e9r\u00e9 aussi pour les dictateurs sanglants (ce n\u2019est pas forc\u00e9ment un pl\u00e9onasme, mais ce n\u2019est certainement pas un oxymore). Mais je n\u2019ai aucun go\u00fbt pour Daesh, ni pour Al-Qaeda, ni pour Boko Haram, ni pour l\u2019AQMI. J\u2019imagine que si j\u2019avais \u00e9t\u00e9 chinois en 1936, je n\u2019aurais eu aucun go\u00fbt pour les Japonais \u2014 mais que j\u2019aurais appuy\u00e9 Mao ou Tchang Ka\u00ef-Chek (qui se sont mutuellement \u00e9paul\u00e9s, tout en gardant chacun en perspective l\u2019\u00e9radication de l\u2019autre) contre l\u2019arm\u00e9e du Soleil levant. Il y a les principes, et il y a l&rsquo;urgence.<br \/>\nMais Hollande et Valls sont plus intelligents. Ils <a href=\"http:\/\/www.lalibre.be\/light\/insolite\/valls-qualifie-bachar-el-assad-de-boucher-et-fache-les-bouchers-54f0a39e35707e3e939a43fa\">choquent l\u2019association des bouchers<\/a> en comparant Bachar aux praticiens de cette honorable corporation, ce qui ne fait pas avancer d\u2019un iota la question pendante \u2014 la seule qui compte aujourd\u2019hui \u2014 de l\u2019\u00e9radication de l\u2019Etat islamique. Au moment m\u00eame o\u00f9 il faudrait, au choix, envoyer vraiment des troupes au sol \u2014 la seule chose que des fous de dieu peuvent craindre \u2014 ou encourager la cr\u00e9ation de brigades internationales, ils continuent \u00e0 ignorer la pr\u00e9sence de Bachar sur l\u2019\u00e9chiquier moyen-oriental.<br \/>\nComme l\u2019a dit Jacques Myard en rentrant de sa br\u00e8ve tourn\u00e9e syrienne, \u00ab la diplomatie n\u2019est pas l\u2019art de ne parler qu\u2019avec ses amis \u00bb. Ou de ne parler qu\u2019avec les dirigeants impeccables sur la question des Droits de l\u2019homme \u2014 on ne parlerait \u00e0 personne, et sans doute pas \u00e0 soi-m\u00eame. Vincent Nouzille (<em>les Tueurs de la R\u00e9publique<\/em>, Fayard, 2015) a <a href=\"https:\/\/www.youtube.com\/watch?v=W6iWPwWnmL4\">tout r\u00e9cemment t\u00e9moign\u00e9<\/a> du go\u00fbt immod\u00e9r\u00e9 de nos grands d\u00e9mocrates hexagonaux pour les assassinats cibl\u00e9s \u2014 pour ne pas parler de la <a href=\"http:\/\/www.lexpress.fr\/actualite\/monde\/etats-unis-human-rights-watch-denonce-les-permis-de-tuer_1128824.html\">dext\u00e9rit\u00e9 d\u2019Obama \u00e0 jouer avec des drones<\/a>. <em>License to kill<\/em> ! <em>Human Rights Watch<\/em> et les autres pacifistes b\u00ealants ont bonne mine \u00e0 d\u00e9noncer cette politique. On ne r\u00e9\u00e9duque pas un terroriste.<br \/>\nQui est l\u2019ennemi ? Ce sont les thurif\u00e9raires de l\u2019instinct de mort \u2014 Guy Sitbon, dans le dernier num\u00e9ro de <em>Causeur<\/em>, dit tr\u00e8s justement que ces gens \u00ab aiment la mort plus que vous n\u2019aimez la vie \u2014 ils aiment votre mort, ils aiment leur mort \u00bb. Viva la muerte \u2014 on croyait avoir enterr\u00e9 le vieux slogan de la Phalange avec les cendres de Franco.<br \/>\nQui sont les pourvoyeurs de Daesh ? L\u2019Arabie Saoudite, le Qatar, la Turquie : sans eux, l\u2019affaire serait r\u00e9gl\u00e9e en trois semaines. C\u2019est eux qu\u2019il faudrait boycotter. Mais on leur ouvre les bras, et on bannit \u00e0 peu de frais un dictateur certainement sanglant, mais qui se bat en toute premi\u00e8re ligne contre des gens qu\u2019il faudrait \u00e9radiquer \u00e0 la bombe \u00e0 neutrons s\u2019ils ne se prot\u00e9geaient pas derri\u00e8re des populations civiles \u2014 toutes les fois qu\u2019ils ne leur coupent pas la t\u00eate. Mieux : on d\u00e9cr\u00e8te un embargo total sur la Syrie, qui \u2014 au t\u00e9moignage de Jacques Myard, qui en revient \u2014 n\u2019a plus de m\u00e9dicaments dans ses h\u00f4pitaux.<br \/>\nSans compter que les Am\u00e9ricains, qui font semblant de gesticuler comme les Fran\u00e7ais, entretiennent en sous-main des relations diplomatiques avec Bachar : il y a quelques jours l\u2019ex-attorney g\u00e9n\u00e9ral, <a href=\"http:\/\/french.irib.ir\/info\/moyen-orient\/item\/360773-une-d\u00e9l\u00e9gation-am\u00e9ricaine-\u00e0-damas\">Ramzy Clark, \u00e9tait \u00e0 Damas<\/a> \u00e0 la t\u00eate d\u2019une d\u00e9l\u00e9gation, sans que cela suscite \u00e0 Washington les cris d\u2019orfraie de Paris. Obama ne peut laisser Poutine et Xi Jinping occuper impun\u00e9ment le champ diplomatique \u00e0 Damas. Mais si un jour \u2014 probable \u2014 il y a un Yalta du Moyen-Orient, qui peut croire que Hollande, sur les bases actuelles, y sera invit\u00e9 ?<br \/>\nJ\u2019aurais cru Laurent Fabius plus malin que \u00e7a. Croit-il servir les int\u00e9r\u00eats d\u2019Isra\u00ebl ? Netanyahu, qui a son propre agenda \u00e9lectoral, a choisi d\u2019armer l\u2019opposition syrienne \u2014 des armes qui finissent t\u00f4t ou tard par tomber entre les mains de Daesh, qui \u00e9pargne pr\u00e9cautionneusement l\u2019Etat juif, ce qui devrait faire dresser l\u2019oreille de nos d\u00e9mocrates obstin\u00e9s. Des fusils d\u2019assaut fran\u00e7ais FAMAS ont \u00e9t\u00e9 saisis entre les mains des barbares. Ils ne les ont pas trouv\u00e9s en faisant les poubelles.<a href=\"http:\/\/blog.causeur.fr\/bonnetdane\/files\/2015\/02\/Image-11.png\"><img loading=\"lazy\" decoding=\"async\" class=\"aligncenter size-full wp-image-666\" src=\"http:\/\/blog.causeur.fr\/bonnetdane\/files\/2015\/02\/Image-11.png\" alt=\"\" width=\"597\" height=\"396\" srcset=\"https:\/\/blog.causeur.fr\/bonnetdane\/wp-content\/uploads\/sites\/25\/2015\/02\/Image-11.png 597w, https:\/\/blog.causeur.fr\/bonnetdane\/wp-content\/uploads\/sites\/25\/2015\/02\/Image-11-300x198.png 300w\" sizes=\"auto, (max-width: 597px) 100vw, 597px\" \/><\/a><br \/>\nNous avons fait la m\u00eame erreur en Libye, qui est d\u00e9sormais la <a href=\"http:\/\/www.lapresse.tn\/17022015\/95963\/daech-aux-portes-de-la-tunisie.html\">porte ouverte \u00e0 une invasion du Maghreb<\/a> par l\u2019Etat islamique, qui trouvera en Tunisie ou en Alg\u00e9rie tout ce qu\u2019il faut de salafistes pour soutenir son expansion. C&rsquo;est le trajet m\u00eame de la grande invasion du VII\u00e8me si\u00e8cle. Les Am\u00e9ricains, en ex\u00e9cutant Saddam, ont d\u00e9truit l\u2019\u00e9quilibre que le dictateur (c&rsquo;en \u00e9tait un beau, bien s\u00fbr \u2014 et \u00e0 l\u2019\u00e9poque Chirac et Villepin ont fort bien fait de refuser de pr\u00eater la main et l\u2019arm\u00e9e \u00e0 une d\u00e9stabilisation en grand du Moyen-Orient \u2014 mais Bush raisonnait avec deux neurones) maintenait en Irak via le Baas. Je veux bien admettre que ni Kadhafi ni Saddam n\u2019\u00e9taient bien fr\u00e9quentables \u2014 mais ils \u00e9taient des remparts, il faut \u00eatre b\u00eate comme Bernard-Henri Levy pour ne pas le comprendre. Dans des syst\u00e8mes qui fonctionnent de mani\u00e8re tribale, il faut 1. opter pour le moindre mal et 2. choisir le camp le plus proche de nos int\u00e9r\u00eats. Poutine et les Chinois (qui n&rsquo;a pas r\u00e9alis\u00e9 que l&rsquo;obstination de l&rsquo;Europe dans la crise ukrainienne a permis aux Russes de se red\u00e9ployer en Extr\u00eame-Orient ?) font cela tr\u00e8s bien. Hollande et le Camp du Bien et des Droits-de-l\u2019Homme-\u00e0-tout-prix sont en train d\u2019ouvrir la porte aux forces de la nuit.<br \/>\nAlors, certes, Myard et ses trois comp\u00e8res se sont fait une publicit\u00e9 gratuite pour le prix d\u2019un billet aller-retour Paris-Damas. Certes, les intentions secondes des uns et des autres sont toujours complexes. Mais l\u2019urgence est l\u2019\u00e9radication de Daesh. Les djihadistes se sont d\u00e9j\u00e0 construit une base qui a la taille d\u2019un Etat europ\u00e9en, avec des ressources p\u00e9troli\u00e8res consid\u00e9rables. Et plus le trou noir est important, plus il a d&rsquo;attraction pour toutes les t\u00eates creuses. Il faut les \u00e9liminer \u2014 cela r\u00e9soudra par d\u00e9finition les risques d\u2019avoir \u00e0 domicile quelques milliers de paum\u00e9s de l&rsquo;Islam qui s&rsquo;enthousiasment pour cette machine de mort. Pour reprendre notre interrogation initiale, la diplomatie consiste \u00e0 faire ce que l\u2019on a int\u00e9r\u00eat \u00e0 faire, et non \u00e0 prendre des poses. Realpolitik, disaient tr\u00e8s bien Metternich et Bismarck. Pff\u2026 Les \u00e9narques au pouvoir manquent visiblement de culture historique.<\/p>\n<p>Jean-Paul Brighelli<\/p>\n","protected":false},"excerpt":{"rendered":"<p>J\u2019ai un go\u00fbt mod\u00e9r\u00e9 pour les dictateurs \u2014 surtout h\u00e9r\u00e9ditaires. Poutine est le fils de ses \u0153uvres, Bachar est le fils de Hafez. Un go\u00fbt mod\u00e9r\u00e9 aussi pour les dictateurs sanglants (ce n\u2019est pas forc\u00e9ment un pl\u00e9onasme, mais ce n\u2019est certainement pas un oxymore). Mais je n\u2019ai aucun go\u00fbt pour Daesh, ni pour Al-Qaeda, ni [&hellip;]<\/p>\n","protected":false},"author":6,"featured_media":0,"comment_status":"open","ping_status":"open","sticky":false,"template":"","format":"standard","meta":{"footnotes":""},"categories":[1],"tags":[564,565,569,549,566,33,570,567,568,278],"class_list":{"0":"post-661","1":"post","2":"type-post","3":"status-publish","4":"format-standard","6":"category-non-classe","7":"tag-bachar-el-assad","8":"tag-daesh","9":"tag-droits-de-lhomme","10":"tag-etat-islamique","11":"tag-fabius","12":"tag-hollande","13":"tag-israel","14":"tag-jacques-myard","15":"tag-obama","16":"tag-syrie"},"_links":{"self":[{"href":"https:\/\/blog.causeur.fr\/bonnetdane\/wp-json\/wp\/v2\/posts\/661","targetHints":{"allow":["GET"]}}],"collection":[{"href":"https:\/\/blog.causeur.fr\/bonnetdane\/wp-json\/wp\/v2\/posts"}],"about":[{"href":"https:\/\/blog.causeur.fr\/bonnetdane\/wp-json\/wp\/v2\/types\/post"}],"author":[{"embeddable":true,"href":"https:\/\/blog.causeur.fr\/bonnetdane\/wp-json\/wp\/v2\/users\/6"}],"replies":[{"embeddable":true,"href":"https:\/\/blog.causeur.fr\/bonnetdane\/wp-json\/wp\/v2\/comments?post=661"}],"version-history":[{"count":0,"href":"https:\/\/blog.causeur.fr\/bonnetdane\/wp-json\/wp\/v2\/posts\/661\/revisions"}],"wp:attachment":[{"href":"https:\/\/blog.causeur.fr\/bonnetdane\/wp-json\/wp\/v2\/media?parent=661"}],"wp:term":[{"taxonomy":"category","embeddable":true,"href":"https:\/\/blog.causeur.fr\/bonnetdane\/wp-json\/wp\/v2\/categories?post=661"},{"taxonomy":"post_tag","embeddable":true,"href":"https:\/\/blog.causeur.fr\/bonnetdane\/wp-json\/wp\/v2\/tags?post=661"}],"curies":[{"name":"wp","href":"https:\/\/api.w.org\/{rel}","templated":true}]}}