{"id":668,"date":"2015-03-08T10:28:47","date_gmt":"2015-03-08T10:28:47","guid":{"rendered":"http:\/\/blog.causeur.fr\/bonnetdane\/?p=668"},"modified":"2021-04-22T18:50:00","modified_gmt":"2021-04-22T16:50:00","slug":"timbuktu","status":"publish","type":"post","link":"https:\/\/blog.causeur.fr\/bonnetdane\/timbuktu-668","title":{"rendered":"Timbuktu"},"content":{"rendered":"<p><a href=\"http:\/\/blog.causeur.fr\/bonnetdane\/files\/2015\/03\/evenementon736-0ce81.jpg\"><img loading=\"lazy\" decoding=\"async\" class=\"aligncenter size-full wp-image-677\" src=\"http:\/\/blog.causeur.fr\/bonnetdane\/files\/2015\/03\/evenementon736-0ce81.jpg\" alt=\"\" width=\"610\" height=\"945\" srcset=\"https:\/\/blog.causeur.fr\/bonnetdane\/wp-content\/uploads\/sites\/25\/2015\/03\/evenementon736-0ce81.jpg 610w, https:\/\/blog.causeur.fr\/bonnetdane\/wp-content\/uploads\/sites\/25\/2015\/03\/evenementon736-0ce81-193x300.jpg 193w\" sizes=\"auto, (max-width: 610px) 100vw, 610px\" \/><\/a>Trois minutes apr\u00e8s le d\u00e9but de <em>Timbuktu<\/em>, l\u2019ami avec le quel j\u2019\u00e9tais venu voir le film d\u2019Abderrahmane Sissako avait quasiment les larmes aux yeux. Grand amateur (\u00e9clair\u00e9) de masques et de f\u00e9tiches africains, voir des chefs d\u2019\u0153uvre de la sculpture noire cribl\u00e9s de balles par des djihadistes l\u2019avait boulevers\u00e9. <a href=\"http:\/\/blog.causeur.fr\/bonnetdane\/files\/2015\/03\/Image-1.png\"><img loading=\"lazy\" decoding=\"async\" class=\"aligncenter size-full wp-image-678\" src=\"http:\/\/blog.causeur.fr\/bonnetdane\/files\/2015\/03\/Image-1.png\" alt=\"\" width=\"366\" height=\"356\" srcset=\"https:\/\/blog.causeur.fr\/bonnetdane\/wp-content\/uploads\/sites\/25\/2015\/03\/Image-1.png 366w, https:\/\/blog.causeur.fr\/bonnetdane\/wp-content\/uploads\/sites\/25\/2015\/03\/Image-1-300x291.png 300w\" sizes=\"auto, (max-width: 366px) 100vw, 366px\" \/><\/a>Qu\u2019aurait-il dit si le film, au lieu d\u2019\u00eatre fait par un Mauritano-malien, avait \u00e9t\u00e9 dirig\u00e9 par un Irakien et avait montr\u00e9 la conception toute personnelle de la Culture dont les hommes de Daesh ont fait preuve \u00e0 Mossoul et \u00e0 Nimroud ?<br \/>\nTimbuktu a eu, c\u2019est le moins que l\u2019on puisse dire, un destin contrast\u00e9. C\u00e9l\u00e9br\u00e9 \u00e0 Cannes, il a \u00e9t\u00e9 \u00ab incompr\u00e9hensiblement ignor\u00e9 \u00bb, dit <em><a href=\"http:\/\/www.telerama.fr\/cinema\/films\/timbuktu,491849.php\">T\u00e9l\u00e9rama<\/a><\/em> ; \u00ab un myst\u00e8re autant qu\u2019un scandale \u00bb, surench\u00e9rit <em><a href=\"http:\/\/next.liberation.fr\/cinema\/2014\/12\/09\/timbuktu-allah-ou-hagard_1160228\">Lib\u00e9<\/a><\/em>. Puis il s\u2019est retrouv\u00e9 multi-c\u00e9saris\u00e9 \u00e0 Paris, avant d\u2019\u00eatre d\u00e9lib\u00e9r\u00e9ment ignor\u00e9 du jury du 24e Festival panafricain de Ouagadougou (Fespaco), qui s&rsquo;est achev\u00e9 ce samedi 7 mars : comme dit un blogueur du <em><a href=\"http:\/\/sotinel.blog.lemonde.fr\/2015\/03\/07\/fespaco-2015-timbuktu-ignore-le-maghreb-couronne\/\">Monde<\/a><\/em>, ce \u00ab pourrait n&rsquo;\u00eatre qu&rsquo;une anecdote \u00e0 classer au rayon \u00ab\u00a0go\u00fbts et couleurs\u00a0\u00bb, si ce n&rsquo;\u00e9tait aussi un geste de d\u00e9fiance \u00e0 l&rsquo;\u00e9gard d&rsquo;un cin\u00e9ma dont l&rsquo;exigence n&rsquo;est pas seulement esth\u00e9tique mais aussi morale et politique. \u00bb<\/p>\n<p>\u00c0 noter qu&rsquo;ici aussi il a bien failli \u00eatre censur\u00e9 : un \u00e9lu UMP de r\u00e9gion parisienne <a href=\"http:\/\/next.liberation.fr\/cinema\/2015\/01\/16\/timbuktu-deprogramme-par-un-maire-ump-pour-apologie-du-terrorisme_1181930\">l&rsquo;avait d\u00e9programm\u00e9<\/a> pour ne pas heurter la sensibilit\u00e9 de ses concitoyens\u2026 Crapule !<\/p>\n<p>Allons \u00e0 l\u2019essentiel : c\u2019est un film splendide, esth\u00e9tiquement irr\u00e9prochable, dr\u00f4le par moments, dramatique toujours, insoutenable parfois \u2014 sans complaisance de la part du r\u00e9alisateur, dont le plan le plus dur est consacr\u00e9 \u00e0 la mort d\u2019une vache (bon, allez, il y a aussi une lapidation et des ex\u00e9cutions diverses, mais la trame est ainsi b\u00e2tie que l\u2019on se rappelle principalement les animaux \u2014 la vache susdite, et une gazelle, traqu\u00e9e en 4&#215;4 (\u00ab Toyota, la voiture du jihadiste ! \u00bb), sur laquelle les islamistes qui ont envahi Tombouctou tirent pour s\u2019amuser.<br \/>\nEnfin, pour s\u2019amuser\u2026 Ces gens ne plaisantent pas : qu\u2019ils ordonnent \u00e0 une marchande de poisson de mettre des gants, ou \u00e0 un vieillard de faire un ourlet \u00e0 son pantalon (Mahomet avait donc des braies qui remontaient \u00e0 mi-mollet, qu\u2019on se le dise), qu\u2019ils appliquent la loi du talion pour un meurtre accidentel, condamnent une femme au fouet pour avoir chant\u00e9, confisquent un ballon (Mahomet ne jouait pas au foot, sachez-le) \u2014 ce qui laissent les jeunes Maliens libres de faire semblant de jouer (\u00e9cho de la partie de tennis sans balle ni raquettes \u00e0 la fin de <em>Blow up<\/em>) ou traquent un joueur de guitare, ils ne rient gu\u00e8re.<br \/>\nIls ne sont pourtant ni caricatur\u00e9s, ni m\u00eame caricaturaux : ils sont les fonctionnaires froids d\u2019un Islam de cauchemar. Sissako \u2014 <a href=\"http:\/\/sotinel.blog.lemonde.fr\/2015\/03\/07\/fespaco-2015-timbuktu-ignore-le-maghreb-couronne\/\">on le lui a assez reproch\u00e9 <\/a>\u2014 n\u2019a m\u00eame pas montr\u00e9 la fa\u00e7on \u00e9l\u00e9gante dont les fanatiques, en arrivant \u00e0 Tombouctou, ont d\u00e9truit 14 mausol\u00e9es sur 16, et ont cherch\u00e9 \u00e0 an\u00e9antir les centaines de milliers de parchemins pr\u00e9cieux \u2014 ils sont arriv\u00e9s tout de m\u00eame \u00e0 en br\u00fbler quelques milliers, c\u2019est toujours \u00e7a de pris sur Satan, de toute fa\u00e7on, Mahomet ne savait pas lire, et l\u2019Islam wahhabite n\u2019a pas besoin de savants. Le r\u00e9alisateur a pris soin, <a href=\"http:\/\/www.lepoint.fr\/culture\/abderrahmane-sissako-le-realisateur-de-timbuktu-assume-face-aux-critiques-07-03-2015-1910957_3.php\">dans ses interviews<\/a>, de se d\u00e9marquer de cet extr\u00e9misme religieux : \u00ab C&rsquo;\u00e9tait une urgence pour moi de raconter le drame de notre pays, le drame surtout de la ville de Tombouctou, qui a \u00e9t\u00e9 prise en otage par des jeunes avec des valeurs qui ne sont partag\u00e9es ni dans le pays, ni dans la sous-r\u00e9gion, ni dans l&rsquo;Islam tout simplement\u2026 \u00bb<br \/>\nJe veux bien que l\u2019Islam soit, comme il dit, \u00ab pris en otage \u00bb. Mais sans Islam, il n\u2019y aurait pas \u00ab ces gens \u00bb. Et sans l\u2019arm\u00e9e fran\u00e7aise, ils y seraient encore \u2014 et ils y reviendront \u00e0 la premi\u00e8re occasion : Boko Aram <a href=\"http:\/\/www.lepoint.fr\/monde\/boko-haram-rejoint-l-etat-islamique-08-03-2015-1911099_24.php\">vient de faire all\u00e9geance<\/a> \u00e0 l\u2019Etat islamique, l\u2019AQMI est l\u2019arm\u00e9e de jonction entre les divers terrorismes. La nuit gagne, braves gens.<br \/>\n<a href=\"http:\/\/blogs.rue89.nouvelobs.com\/rues-dafriques\/2014\/12\/22\/le-probleme-avec-timbuktu-le-film-dabderrahmane-sissako-233966\"> Les critiques pleuvent donc<\/a> \u2014 ne pouvant attaquer ni sur la forme, ni sur le fond, les imb\u00e9ciles invoquent le contexte : les personnages les plus sympathiques du film sont cens\u00e9s \u00eatre Touaregs (pour faire plaisir aux Occidentaux, disent les esprits chagrins et africains), alors que le MLNA, qui lutte pour les revendications territoriales des nomades du d\u00e9sert, a op\u00e9r\u00e9 sa jonction avec l\u2019AQMI. Et le narco-trafic, et la contrebande d\u2019armes, et\u2026<br \/>\nEt Sissako n\u2019a pas fait un documentaire ! Il a fait un film de fiction (avec peu d\u2019argent, 2 millions d\u2019euros, c\u2019est <em>peanuts<\/em> au regard des budgets du cin\u00e9ma fran\u00e7ais, mais c\u2019\u00e9tait suffisant : la \u2014 relative \u2014 pauvret\u00e9 rend ing\u00e9nieux, voir le cin\u00e9ma militant anglais de l\u2019apr\u00e8s- Thatcher), extr\u00eamement bien interpr\u00e9t\u00e9, aussi bien par les professionnels qui y jouent que par les villageois d\u2019Oualata (Tombouctou n\u2019a fourni que quelques plans). Avec un sens du cadrage et de la couleur tr\u00e8s abouti. On sent qu\u2019il a fait des \u00e9tudes dans de bons instituts cin\u00e9matographiques \u2014 \u00e0 Moscou au d\u00e9but des ann\u00e9es 1980, en fait.<\/p>\n<p>On sort de ce film \u00e9branl\u00e9, c\u2019est le moins que l\u2019on puisse dire.<br \/>\nDans la cohue, un couple devant nous papotait. L\u2019homme \u00e9tait enthousiaste, sans r\u00e9serves ; La femme en \u00e9mit une qui n\u2019\u00e9tait pas superf\u00e9tatoire : \u00ab Ces salopards, disait-elle, sont tout de m\u00eame presque sympathiques. Abdelkrim, par exemple [jou\u00e9 avec talent par Abel Jafri, un acteur fran\u00e7ais entr\u2019aper\u00e7u dans <em>la Passion du Christ<\/em>] se lance dans une improvisation dans\u00e9e style B\u00e9jart qui doit \u00eatre assez loin des personnages r\u00e9els qui l\u2019ont inspir\u00e9. Inutile de pr\u00e9senter des assassins comme des colombes : convaincus un jour, cons vainqueurs toujours\u2026 \u00bb<br \/>\nPuis la conversation se poursuivit dans les m\u00e9andres de l\u2019islamo-fascisme\u2026<br \/>\nAu total, un film qu\u2019il faudrait montrer dans les \u00e9coles, si Najat Vallaud-Belkacem voulait vraiment d\u00e9fendre la culture et les valeurs la\u00efques : on sort de l\u00e0 en se demandant comment on peut rester musulman, quand on sait que l\u2019Islam, c\u2019est \u00e7a \u2014 l\u00e0-bas, et partout ailleurs, un de ces quatre.<\/p>\n<p>Jean-Paul Brighelli<\/p>\n<p>PS. Le film passe, \u00e0 Marseille, dans une seule (petite) salle d&rsquo;un beau quartier (Rond-Point du Prado, pour ceux qui connaissent). Ailleurs, <em>Bob l&rsquo;\u00e9ponge<\/em>. La salle \u00e9tait comble \u2014 mais ce n&rsquo;est pas l\u00e0 que les Quartiers Nord viendront voir ce petit bijou.<\/p>\n<p>PPS. Bonnetdane \u00e9tant le lieu de tous les sacrifices, j&rsquo;ai \u00e9galement vu <em>Fifty Shades of Grey<\/em> \u2014 en streaming et en acc\u00e9l\u00e9r\u00e9. En dehors du fait que cela n&rsquo;a rien \u00e0 voir avec le vrai SM (mais alors, rien \u2014 c&rsquo;est un film \u00e0) vous faire prendre <em>Nymphomaniac 2<\/em> pour un chef d&rsquo;\u0153uvre), je ne saurais trop conseiller le lecteur avide (d&rsquo;informations) de se reporter \u00e0 l&rsquo;excellent r\u00e9sum\u00e9 que <a href=\"http:\/\/www.buzzfeed.com\/anaisbordages\/cinquante-nuances-de-grey-pour-les-nuls-en-gifs-et-en-images#.jw8BEV3wvX\">voici<\/a>.<\/p>\n","protected":false},"excerpt":{"rendered":"<p>Trois minutes apr\u00e8s le d\u00e9but de Timbuktu, l\u2019ami avec le quel j\u2019\u00e9tais venu voir le film d\u2019Abderrahmane Sissako avait quasiment les larmes aux yeux. Grand amateur (\u00e9clair\u00e9) de masques et de f\u00e9tiches africains, voir des chefs d\u2019\u0153uvre de la sculpture noire cribl\u00e9s de balles par des djihadistes l\u2019avait boulevers\u00e9. Qu\u2019aurait-il dit si le film, au [&hellip;]<\/p>\n","protected":false},"author":6,"featured_media":0,"comment_status":"open","ping_status":"open","sticky":false,"template":"","format":"standard","meta":{"footnotes":""},"categories":[1],"tags":[580,581,506,78,73,582,579],"class_list":{"0":"post-668","1":"post","2":"type-post","3":"status-publish","4":"format-standard","6":"category-non-classe","7":"tag-abderrahmane-sissako","8":"tag-aqmi","9":"tag-charia","10":"tag-islam","11":"tag-islamisme","12":"tag-jihad","13":"tag-timbuktu"},"_links":{"self":[{"href":"https:\/\/blog.causeur.fr\/bonnetdane\/wp-json\/wp\/v2\/posts\/668","targetHints":{"allow":["GET"]}}],"collection":[{"href":"https:\/\/blog.causeur.fr\/bonnetdane\/wp-json\/wp\/v2\/posts"}],"about":[{"href":"https:\/\/blog.causeur.fr\/bonnetdane\/wp-json\/wp\/v2\/types\/post"}],"author":[{"embeddable":true,"href":"https:\/\/blog.causeur.fr\/bonnetdane\/wp-json\/wp\/v2\/users\/6"}],"replies":[{"embeddable":true,"href":"https:\/\/blog.causeur.fr\/bonnetdane\/wp-json\/wp\/v2\/comments?post=668"}],"version-history":[{"count":0,"href":"https:\/\/blog.causeur.fr\/bonnetdane\/wp-json\/wp\/v2\/posts\/668\/revisions"}],"wp:attachment":[{"href":"https:\/\/blog.causeur.fr\/bonnetdane\/wp-json\/wp\/v2\/media?parent=668"}],"wp:term":[{"taxonomy":"category","embeddable":true,"href":"https:\/\/blog.causeur.fr\/bonnetdane\/wp-json\/wp\/v2\/categories?post=668"},{"taxonomy":"post_tag","embeddable":true,"href":"https:\/\/blog.causeur.fr\/bonnetdane\/wp-json\/wp\/v2\/tags?post=668"}],"curies":[{"name":"wp","href":"https:\/\/api.w.org\/{rel}","templated":true}]}}