{"id":689,"date":"2015-03-19T03:23:47","date_gmt":"2015-03-19T03:23:47","guid":{"rendered":"http:\/\/blog.causeur.fr\/bonnetdane\/?p=689"},"modified":"2021-04-22T18:50:00","modified_gmt":"2021-04-22T16:50:00","slug":"le-terrorisme-a-tout-son-temps","status":"publish","type":"post","link":"https:\/\/blog.causeur.fr\/bonnetdane\/le-terrorisme-a-tout-son-temps-689","title":{"rendered":"Le terrorisme a tout son temps"},"content":{"rendered":"<p><a href=\"http:\/\/blog.causeur.fr\/bonnetdane\/files\/2015\/03\/1280px-Mosa\u00efque_dUlysse_et_les_sir\u00e8nes.jpg\"><img loading=\"lazy\" decoding=\"async\" class=\"aligncenter size-large wp-image-698\" src=\"http:\/\/blog.causeur.fr\/bonnetdane\/files\/2015\/03\/1280px-Mosa\u00efque_dUlysse_et_les_sir\u00e8nes-1024x558.jpg\" alt=\"\" width=\"1024\" height=\"558\" srcset=\"https:\/\/blog.causeur.fr\/bonnetdane\/wp-content\/uploads\/sites\/25\/2015\/03\/1280px-Mosa\u00efque_dUlysse_et_les_sir\u00e8nes-1024x558.jpg 1024w, https:\/\/blog.causeur.fr\/bonnetdane\/wp-content\/uploads\/sites\/25\/2015\/03\/1280px-Mosa\u00efque_dUlysse_et_les_sir\u00e8nes-300x163.jpg 300w, https:\/\/blog.causeur.fr\/bonnetdane\/wp-content\/uploads\/sites\/25\/2015\/03\/1280px-Mosa\u00efque_dUlysse_et_les_sir\u00e8nes.jpg 1280w\" sizes=\"auto, (max-width: 1024px) 100vw, 1024px\" \/><\/a>Notre correspondant \u00e0 Tunis \u2014 un ancien de Bonnetdane \u2014 \u00e9crit : \u00ab Voici une quinzaine de jours, entre 50 et 100 camions ont forc\u00e9 la douane tunisienne \u00e0 la fronti\u00e8re libyenne. Poursuite molle, pas retrouv\u00e9s.<br \/>\n\u00ab \u00c0 bord, vraisemblablement armes et djihadistes. Qui en a entendu parler ? Les gardes nationaux, les soldats, les policiers se font d\u00e9gommer r\u00e9guli\u00e8rement.<br \/>\n\u00ab Ce n&rsquo;est sans doute que le d\u00e9but. \u00bb<a href=\"http:\/\/blog.causeur.fr\/bonnetdane\/files\/2015\/03\/1024px-Virgil_Mosaic_Bardo_Museum_Tunis.jpg\"><img loading=\"lazy\" decoding=\"async\" class=\"aligncenter size-full wp-image-699\" src=\"http:\/\/blog.causeur.fr\/bonnetdane\/files\/2015\/03\/1024px-Virgil_Mosaic_Bardo_Museum_Tunis.jpg\" alt=\"\" width=\"1024\" height=\"993\" srcset=\"https:\/\/blog.causeur.fr\/bonnetdane\/wp-content\/uploads\/sites\/25\/2015\/03\/1024px-Virgil_Mosaic_Bardo_Museum_Tunis.jpg 1024w, https:\/\/blog.causeur.fr\/bonnetdane\/wp-content\/uploads\/sites\/25\/2015\/03\/1024px-Virgil_Mosaic_Bardo_Museum_Tunis-300x290.jpg 300w\" sizes=\"auto, (max-width: 1024px) 100vw, 1024px\" \/><\/a><\/p>\n<p>Que venaient faire l\u00e0 les deux tueurs du Bardo ? Leur priorit\u00e9 \u00e9tait peut-\u00eatre le Parlement, o\u00f9 l\u2019on d\u00e9battait \u00e0 la m\u00eame heure d\u2019un projet de loi anti-terroriste (et les d\u00e9mocrates tunisiens doivent savoir qu\u2019ils ont enfin l\u2019opportunit\u00e9 de faire passer une loi forte, quelles que soient les criailleries des barbus \u2014 \u00e0 eux d\u2019en profiter), mais le fait est qu\u2019ils se sont finalement dirig\u00e9s vers le mus\u00e9e, que j\u2019ai visit\u00e9 il y a\u2026 quelques ann\u00e9es. \u00c0 mon \u00e2ge, on ne compte plus.<a href=\"http:\/\/blog.causeur.fr\/bonnetdane\/files\/2015\/03\/1024px-Neptune_Roman_mosaic_Bardo_Museum_Tunis.jpg\"><img loading=\"lazy\" decoding=\"async\" class=\"aligncenter size-full wp-image-700\" src=\"http:\/\/blog.causeur.fr\/bonnetdane\/files\/2015\/03\/1024px-Neptune_Roman_mosaic_Bardo_Museum_Tunis.jpg\" alt=\"\" width=\"1024\" height=\"978\" srcset=\"https:\/\/blog.causeur.fr\/bonnetdane\/wp-content\/uploads\/sites\/25\/2015\/03\/1024px-Neptune_Roman_mosaic_Bardo_Museum_Tunis.jpg 1024w, https:\/\/blog.causeur.fr\/bonnetdane\/wp-content\/uploads\/sites\/25\/2015\/03\/1024px-Neptune_Roman_mosaic_Bardo_Museum_Tunis-300x286.jpg 300w\" sizes=\"auto, (max-width: 1024px) 100vw, 1024px\" \/><\/a><br \/>\nLe salafisme non plus ne compte pas. Cette manie de s\u2019en prendre aux mus\u00e9es ou aux biblioth\u00e8ques, de Mossoul \u00e0 Tunis, quitte \u00e0 y laisser sa peau, a forc\u00e9ment un sens. La \u00ab destruction des idoles \u00bb (les images qui agr\u00e9mentent cet article t\u00e9moignent de l\u2019exceptionnelle richesse du Bardo, et de l\u2019antiquit\u00e9 de la civilisation tunisienne) ne suffit pas \u00e0 expliquer cet acharnement, au marteau-piqueur ou \u00e0 la kalachnikov, \u00e0 bousiller des \u0153uvres d\u2019art : il s\u2019agit d\u2019\u00e9radiquer le Temps. Les t\u00e9moignages du Temps. D\u2019en finir avec l\u2019Histoire par d\u2019autres voies que celles qu\u2019avait imagin\u00e9es Francis Fukuyama.<a href=\"http:\/\/blog.causeur.fr\/bonnetdane\/files\/2015\/03\/1024px-GiorcesBardo55.jpg\"><img loading=\"lazy\" decoding=\"async\" class=\"aligncenter size-full wp-image-701\" src=\"http:\/\/blog.causeur.fr\/bonnetdane\/files\/2015\/03\/1024px-GiorcesBardo55.jpg\" alt=\"\" width=\"1024\" height=\"802\" srcset=\"https:\/\/blog.causeur.fr\/bonnetdane\/wp-content\/uploads\/sites\/25\/2015\/03\/1024px-GiorcesBardo55.jpg 1024w, https:\/\/blog.causeur.fr\/bonnetdane\/wp-content\/uploads\/sites\/25\/2015\/03\/1024px-GiorcesBardo55-300x234.jpg 300w\" sizes=\"auto, (max-width: 1024px) 100vw, 1024px\" \/><\/a><\/p>\n<p>Nous sommes en 2015, mais nous savons aussi compter avant J\u00e9sus-Christ. Les Juifs sont en 5775 (ils ont commenc\u00e9 en \u2013 3761 du calendrier gr\u00e9gorien), mais je ne crois pas qu\u2019il y en ait un seul qui nie qu\u2019il s\u2019est pass\u00e9, avant cette date, deux ou trois petites choses dans l\u2019histoire de l\u2019humanit\u00e9. Chez les Musulmans, nous sommes en l\u2019ann\u00e9e 1436 de l\u2019H\u00e9gire.<br \/>\nL\u2019H\u00e9gire, \u00e9tymologiquement, c\u2019est l\u2019exil ou la rupture, souvenir du d\u00e9part de la Mecque de Mahomet et de ses troupes qui se repliaient sur Yathrib-M\u00e9dine. Mais symboliquement, c\u2019est la rupture avec la soci\u00e9t\u00e9 arabe classique, clanique, et l\u2019instauration de l\u2019Oumma, la communaut\u00e9 des croyants. Et c\u2019est non le d\u00e9part de l\u2019Histoire, mais son abolition : Dieu a le temps, et ses sectateurs l\u2019ont aussi. Ils ont l\u2019\u00e9ternit\u00e9 devant eux. Ils sont \u00e0 la fois vivants et d\u00e9j\u00e0 morts \u2014 ce qui explique, au moins en partie, leur aptitude au sacrifice : peu importe, le Paradis et ses grains de raisin blanc (on sait que c\u2019est la vraie traduction, fournie par le philologue libano-allemand qui se fait prudemment appeler Christoph Luxenberg, des houris promises aux martyrs qui ont courageusement attaqu\u00e9 des touristes d\u00e9sarm\u00e9s), l\u2019Islam nie le temps : alors, les vestiges des temps anciens sont \u00e0 \u00e9liminer, car ils t\u00e9moignent d\u2019accrocs possibles (et m\u00eame certains) au mod\u00e8le th\u00e9orique : ces idoles ant\u00e9rieures au Proph\u00e8te sont bien venues de quelque part \u2014 un quelque part o\u00f9 Allah n\u2019existait pas encore, et s\u2019appelait Jupiter, ou J\u00e9hovah, ou ce que vous voulez, la liste est longue des dieux qui ont agr\u00e9ment\u00e9 l\u2019Histoire de l\u2019humanit\u00e9, et dont celui auquel croient les islamistes n\u2019est que le dernier avatar. Comme disait d\u00e9j\u00e0 Saint Augustin : \u00ab\u00a0Le Temps n&rsquo;existe que parce qu&rsquo;il tend \u00e0 n&rsquo;\u00eatre plus.\u00bb D&rsquo;o\u00f9 son haussement d&rsquo;\u00e9paules, dans le Sermon sur la chute de Rome : l&rsquo;\u00e9croulement des empires n&rsquo;est qu&rsquo;un \u00e9piph\u00e9nom\u00e8ne quand on consid\u00e8re l&rsquo;Histoire <em>ad majorem dei gloriam<\/em>. Le messianisme commence toujours par la chute des idoles. L&rsquo;Islam ne diff\u00e8re en rien des religions de dieu unique qui l&rsquo;ont pr\u00e9c\u00e9d\u00e9. Mais il est plus syst\u00e9matique. Il a br\u00fbl\u00e9 la biblioth\u00e8que d&rsquo;Alexandrie (70 millions de volumes, quand m\u00eame) parce qu&rsquo;il ne saurait y avoir qu&rsquo;un seul Livre. Une seule voix. Un seul nom. Les nazis avaient d\u00e9cid\u00e9 de construire \u00e0 Linz le mus\u00e9e du Reich en y accumulant tout ce qu&rsquo;ils pillaient ailleurs. Mais nos gens sont plus forts : du pass\u00e9 faisons table rase\u2026<a href=\"http:\/\/blog.causeur.fr\/bonnetdane\/files\/2015\/03\/640px-Venus_pudique_Bardo.jpg\"><img loading=\"lazy\" decoding=\"async\" class=\"aligncenter size-full wp-image-702\" src=\"http:\/\/blog.causeur.fr\/bonnetdane\/files\/2015\/03\/640px-Venus_pudique_Bardo.jpg\" alt=\"\" width=\"640\" height=\"960\" srcset=\"https:\/\/blog.causeur.fr\/bonnetdane\/wp-content\/uploads\/sites\/25\/2015\/03\/640px-Venus_pudique_Bardo.jpg 640w, https:\/\/blog.causeur.fr\/bonnetdane\/wp-content\/uploads\/sites\/25\/2015\/03\/640px-Venus_pudique_Bardo-200x300.jpg 200w\" sizes=\"auto, (max-width: 640px) 100vw, 640px\" \/><\/a><\/p>\n<p>Nous sommes, nous, des civilisations du Temps. Rappelez-vous la phrase si souvent cit\u00e9e de Val\u00e9ry, r\u00e9sumant la Premi\u00e8re Guerre mondiale : \u00ab Nous autres civilisations, nous savons maintenant que nous sommes mortelles \u00bb. Qu\u2019aurait pens\u00e9 l\u2019auteur du <em>Cimeti\u00e8re marin<\/em> des destructions en cours de la m\u00e9moire humaine ? Que notre civilisation des Lumi\u00e8res, si elle n\u2019\u00e9radique pas, et vite, les fanatique de la Nuit, sombrera elle-m\u00eame face \u00e0 des gens qui \u0153uvrent dans l\u2019\u00e9ternit\u00e9.<\/p>\n<p>Je dis \u00e9radiquer, et je p\u00e8se mes mots. Faire <a href=\"http:\/\/www.lefigaro.fr\/culture\/2015\/03\/16\/03004-20150316ARTFIG00197-un-musee-virtuel-pour-contre-attaquer-daech.php\">un mus\u00e9e virtuel<\/a> pour remplacer ceux que d\u00e9truit l&rsquo;Etat islamique, c&rsquo;est sympathique, mais peu op\u00e9rant. On ne r\u00e9pond au fer que par le fer.<\/p>\n<p>Je serais ministre de l\u2019Int\u00e9rieur, \u00a0je renforcerais s\u00e9rieusement la s\u00e9curit\u00e9 des mus\u00e9es. La derni\u00e8re fois que j\u2019ai fait la queue \u00e0 Orsay, je me suis dit que cette foule offrait une splendide cible \u00e0 un quelconque illumin\u00e9 (\u00e9tant entendu qu\u2019il s\u2019agit d\u2019une lumi\u00e8re noire). Mais c\u2019est moins \u00e0 l\u2019ext\u00e9rieur qu\u2019\u00e0 l\u2019int\u00e9rieur qu\u2019il faut craindre : tirer dans un mus\u00e9e, c\u2019est \u00e0 coup s\u00fbr non seulement d\u00e9gommer les gens qui y admirent le Temps mis en \u0153uvres, mais aussi ab\u00eemer les t\u00e9moignages de ce qui fut avant \u2014 parce qu\u2019il ne saurait y avoir un \u00ab avant \u00bb. Ni un \u00ab\u00a0apr\u00e8s \u00bb. <em>Time is on my side<\/em>.<a href=\"http:\/\/blog.causeur.fr\/bonnetdane\/files\/2015\/03\/640px-GiorcesBardo8.jpg\"><img loading=\"lazy\" decoding=\"async\" class=\"aligncenter size-full wp-image-703\" src=\"http:\/\/blog.causeur.fr\/bonnetdane\/files\/2015\/03\/640px-GiorcesBardo8.jpg\" alt=\"\" width=\"640\" height=\"1006\" srcset=\"https:\/\/blog.causeur.fr\/bonnetdane\/wp-content\/uploads\/sites\/25\/2015\/03\/640px-GiorcesBardo8.jpg 640w, https:\/\/blog.causeur.fr\/bonnetdane\/wp-content\/uploads\/sites\/25\/2015\/03\/640px-GiorcesBardo8-190x300.jpg 190w\" sizes=\"auto, (max-width: 640px) 100vw, 640px\" \/><\/a><\/p>\n<p>\u00ab Pauvre pays \u00bb, continue l\u2019honorable correspondant \u00e0 Tunis, \u00ab livr\u00e9 \u00e0 ces barbares par trois ann\u00e9es d&rsquo;infamies qui ont ouvert toutes les fronti\u00e8res, tous les trafics, laiss\u00e9 s&rsquo;exprimer des pr\u00e9dicateurs fous, envoy\u00e9 en Syrie des femmes et des jeunes d\u00e9boussol\u00e9s, favoris\u00e9 leur retour sans suivi, implant\u00e9 jardins d&rsquo;enfants et \u00e9coles \u00ab\u00a0coraniques\u00a0\u00bb, et j&rsquo;en passe. Alors forc\u00e9ment, un jour ou l&rsquo;autre, tout cela revient en sinistre \u00e9cho. Et encore merci \u00e0 BHL et Sarkozy pour le maelstr\u00f6m qu&rsquo;ils ont si bien su engendrer en Libye. \u00bb<\/p>\n<p>Ben oui : la Libye \u00e9tait un glacis, comme l\u2019avait \u00e9t\u00e9 l\u2019Egypte. Les dominos s\u2019effondrent, les djihadistes traversent les fronti\u00e8res avec la facilit\u00e9 des ombres, et si la Tunisie c\u00e8de, il n\u2019y aura plus que la M\u00e9diterran\u00e9e \u00e0 traverser avant de se retrouver face aux gros morceaux \u2014 \u00e0 pied d\u2019\u0153uvre et de chefs d\u2019\u0153uvre.<\/p>\n<p>Jean-Paul Brighelli<\/p>\n<p>PS. Les chefs d&rsquo;\u0153uvre qui illustrent cet article sont tous expos\u00e9s au mus\u00e9e du Bardo. J&rsquo;esp\u00e8re tr\u00e8s fort qu&rsquo;ils sont pass\u00e9s \u00e0 travers les balles. Courons-y vite avant que des fondamentalistes pr\u00e9textent des questions de s\u00e9curit\u00e9 pour fermer d\u00e9finitivement le Bardo.<\/p>\n","protected":false},"excerpt":{"rendered":"<p>Notre correspondant \u00e0 Tunis \u2014 un ancien de Bonnetdane \u2014 \u00e9crit : \u00ab Voici une quinzaine de jours, entre 50 et 100 camions ont forc\u00e9 la douane tunisienne \u00e0 la fronti\u00e8re libyenne. Poursuite molle, pas retrouv\u00e9s. \u00ab \u00c0 bord, vraisemblablement armes et djihadistes. Qui en a entendu parler ? Les gardes nationaux, les soldats, les [&hellip;]<\/p>\n","protected":false},"author":6,"featured_media":0,"comment_status":"open","ping_status":"open","sticky":false,"template":"","format":"standard","meta":{"footnotes":""},"categories":[1],"tags":[595,78,73,597,598,596,594],"class_list":{"0":"post-689","1":"post","2":"type-post","3":"status-publish","4":"format-standard","6":"category-non-classe","7":"tag-bardo","8":"tag-islam","9":"tag-islamisme","10":"tag-musee","11":"tag-temps","12":"tag-terrorisme","13":"tag-tunisie"},"_links":{"self":[{"href":"https:\/\/blog.causeur.fr\/bonnetdane\/wp-json\/wp\/v2\/posts\/689","targetHints":{"allow":["GET"]}}],"collection":[{"href":"https:\/\/blog.causeur.fr\/bonnetdane\/wp-json\/wp\/v2\/posts"}],"about":[{"href":"https:\/\/blog.causeur.fr\/bonnetdane\/wp-json\/wp\/v2\/types\/post"}],"author":[{"embeddable":true,"href":"https:\/\/blog.causeur.fr\/bonnetdane\/wp-json\/wp\/v2\/users\/6"}],"replies":[{"embeddable":true,"href":"https:\/\/blog.causeur.fr\/bonnetdane\/wp-json\/wp\/v2\/comments?post=689"}],"version-history":[{"count":0,"href":"https:\/\/blog.causeur.fr\/bonnetdane\/wp-json\/wp\/v2\/posts\/689\/revisions"}],"wp:attachment":[{"href":"https:\/\/blog.causeur.fr\/bonnetdane\/wp-json\/wp\/v2\/media?parent=689"}],"wp:term":[{"taxonomy":"category","embeddable":true,"href":"https:\/\/blog.causeur.fr\/bonnetdane\/wp-json\/wp\/v2\/categories?post=689"},{"taxonomy":"post_tag","embeddable":true,"href":"https:\/\/blog.causeur.fr\/bonnetdane\/wp-json\/wp\/v2\/tags?post=689"}],"curies":[{"name":"wp","href":"https:\/\/api.w.org\/{rel}","templated":true}]}}