{"id":697,"date":"2015-03-22T18:05:26","date_gmt":"2015-03-22T18:05:26","guid":{"rendered":"http:\/\/blog.causeur.fr\/bonnetdane\/?p=697"},"modified":"2021-04-22T18:50:00","modified_gmt":"2021-04-22T16:50:00","slug":"pays-de-merde","status":"publish","type":"post","link":"https:\/\/blog.causeur.fr\/bonnetdane\/pays-de-merde-697","title":{"rendered":"Pays de merde ?"},"content":{"rendered":"<p>\u00ab Pays de merde \u00bb, a dit Zlatan \u2014 l\u2019homme qui s\u2019est fait un pr\u00e9nom <em>qui genuit nomen<\/em>\u00a0(\u00ab zlataneries \u00bb) <em>qui genuit<\/em> un bon paquet de khonneries magistrales. Autrefois on citait Hugo, d\u00e9sormais on s\u2019esbaudit de Zlatan. <em>Sic transit<\/em>.<br \/>\n(Je ne sais pas ce que j\u2019ai \u00e0 parler latin ce soir. Par r\u00e9action sans doute : depuis que Najat Vallaud-Belkacem a d\u00e9cid\u00e9 de faire de la culture classique une note de bas de page dans des programmes scolaires repens\u00e9s selon la loi de Sainte Interdisciplinarit\u00e9 et du Bienheureux Foutage de gueule, je suis port\u00e9 \u00e0 caresser derechef ce chef d\u2019\u0153uvre en p\u00e9ril \u2014 les humanit\u00e9s classiques\u2026).<br \/>\nLa Marine en a profit\u00e9 pour ressortir le vieux slogan sarkozyste \u2014 avec une variante : \u00ab Ceux qui consid\u00e8rent que la France est un pays de merde peuvent la quitter \u00bb, a-t-elle dit. Comme si Zlatan allait quitter un pays qui lui assure un revenu (hors publicit\u00e9) de 18 millions d\u2019euros par an \u2014 en 2014.<br \/>\n\u00ab Pays de merde \u00bb : et aussit\u00f4t <a href=\"http:\/\/www.lexpress.fr\/actualite\/sport\/que-zlatan-ibrahimovic-joue-au-foot-et-qu-il-la-ferme_1661469.html\">les m\u00e9dias<\/a> (qui n\u2019ont d\u00e9cid\u00e9ment rien de mieux \u00e0 faire, au moment o\u00f9 l\u2019Etat islamique faisait plus de 140 morts au Yemen dans des attentats\u2013suicides au c\u0153ur des mosqu\u00e9es chiites) de s\u2019emballer, la France qui tweete de gazouiller ses protestations, et les politiques de se r\u00e9pandre, y compris le Premier Ministre invit\u00e9 \u00e0 ce sommet de la pens\u00e9e qu\u2019est <em><a href=\"http:\/\/www.canalplus.fr\/c-divertissement\/c-le-grand-journal\/pid5411-le-grand-journal.html?vid=1232700\">le Grand Journal<\/a><\/em> : \u00ab Un grand footballeur doit \u00eatre un exemple \u00bb, bla-bla-bla, a-t-il r\u00e9pondu \u00e0 une question intelligente d\u2019Antoine de Caunes (mimique absolument d\u00e9sol\u00e9e de Polony, durant ces d\u00e9clarations bien senties \u2014 elle a compris, bien s\u00fbr, ce que Communication veut dire, dans le langage de ces t\u00eates creuses, mais visiblement elle ne s\u2019en remet pas).<br \/>\nLe magazine su\u00e9dois <em>Fokus<\/em> (apparemment un excellent magazine, qui tire aussi bien \u00e0 droite qu\u2019\u00e0 gauche \u2014 le mod\u00e8le de ce que pourrait \u00eatre Marianne avec un peu plus de pugnacit\u00e9) a bondi sur l\u2019occasion :<a href=\"http:\/\/blog.causeur.fr\/bonnetdane\/files\/2015\/03\/CAdQAE0WUAAvjwB.jpg-large.jpeg\"><img loading=\"lazy\" decoding=\"async\" class=\"aligncenter size-full wp-image-706\" src=\"http:\/\/blog.causeur.fr\/bonnetdane\/files\/2015\/03\/CAdQAE0WUAAvjwB.jpg-large.jpeg\" alt=\"\" width=\"500\" height=\"658\" srcset=\"https:\/\/blog.causeur.fr\/bonnetdane\/wp-content\/uploads\/sites\/25\/2015\/03\/CAdQAE0WUAAvjwB.jpg-large.jpeg 500w, https:\/\/blog.causeur.fr\/bonnetdane\/wp-content\/uploads\/sites\/25\/2015\/03\/CAdQAE0WUAAvjwB.jpg-large-227x300.jpg 227w\" sizes=\"auto, (max-width: 500px) 100vw, 500px\" \/><\/a><br \/>\nJe parle le su\u00e9dois comme De Gaulle parlait les langues \u00e9trang\u00e8res, et je traduis : \u00ab Croissance z\u00e9ro, 10% de ch\u00f4meurs, le Front National en route vers une victoire \u00e9lectorale. Pas un pays de merde ? \u00bb<br \/>\nIls sont sympas, ils ont mis un point d\u2019interrogation que l\u2019on sent toutefois quelque peu rh\u00e9torique.<\/p>\n<p>Il y a bien des mani\u00e8res de r\u00e9pondre aux Su\u00e9dois.<br \/>\nD\u2019abord, que tous les pays, \u00e0 un moment ou un autre, ont exp\u00e9riment\u00e9 une croissance z\u00e9ro \u2014 et parfois n\u00e9gative. Que la Gr\u00e8ce peut \u00eatre dans les ennuis, mais qu\u2019elle reste la Gr\u00e8ce. Qu\u2019aux vertus luth\u00e9riennes nous opposons la finesse m\u00e9diterran\u00e9enne. Que l\u2019Acad\u00e9mie su\u00e9doise, comme on dit, a couronn\u00e9 bien plus de Fran\u00e7ais que de Su\u00e9dois, et dans tous les domaines. <a href=\"http:\/\/journalmetro.com\/monde\/739460\/une-tuerie-fait-deux-morts-en-suede\/\">Que leurs voyous, ma foi, n\u2019ont rien \u00e0 envier aux n\u00f4tres<\/a>. Qu\u2019il est des n\u00e9o-nazis scandinaves bien plus radicaux que nos nostalgiques de l\u2019OAS, comme dirait Anders Behring Breivik\u2026 Et que quand on est venu chercher un g\u00e9n\u00e9ral r\u00e9publicain en France pour en faire la souche d\u2019une lign\u00e9e de rois su\u00e9dois\u2026<br \/>\nEt que\u2026 et que\u2026<br \/>\nCertes, certes\u2026<\/p>\n<p>Mais les Fran\u00e7ais ont eux-m\u00eames oubli\u00e9, ces derniers temps, combien ils furent grands. Au moment o\u00f9 le ch\u00f4mage se porte si bien, on devrait rallumer le flambeau des vieilles gloires fran\u00e7aises. Au lieu de \u00e7a, on passe son temps \u00e0 battre sa coulpe, \u00e0 s\u2019accuser de tous les crimes du colonialisme, \u00e0 laisser grignoter sa culture par un conglom\u00e9rat de rappeurs. Et on se console en regardant TF1, en s\u2019abonnant au djihad ou en gazouillant \u00e0 vide sur la derni\u00e8re zlatanerie. Du coup, on va porter la Marine au pouvoir, sans illusion \u2014 et un pays qui perd ses illusions est tout pr\u00e8s de sombrer.<br \/>\nBref, d\u00e9cadence.<br \/>\nMais rien n\u2019a \u00e9t\u00e9 fatal. Nous ne sommes pas les objets d\u2019une vengeance divine \u2014 \u00e9tant entendu que dieu, hein\u2026 Nous nous sommes tricot\u00e9 notre petite d\u00e9cadence dans notre coin \u00e0 main d\u2019homme. Les Fran\u00e7ais n\u2019ont rien oubli\u00e9 : on leur a effac\u00e9 la m\u00e9moire.<\/p>\n<p>On nous a d\u00e9mantibul\u00e9 une \u00e9cole qui fut la premi\u00e8re au monde, en qualit\u00e9 et en ombre port\u00e9e. Nous en sommes arriv\u00e9s \u00e0 croire que BHL est philosophe et conseiller militaire, que les \u00e9narques sont forc\u00e9ment comp\u00e9tents, que Sarkozy pourrait revenir, faute de concurrence, ou faute d\u2019exc\u00e8s de concurrence, que Hollande est de gauche et Macron aussi. On veut nous faire croire, d\u2019ailleurs, qu\u2019il y a encore une droite et une gauche, alors que tout le monde voit que c\u2019est blanc bonnet, bonnet blanc, comme disait le PC \u00e0 l\u2019\u00e9poque o\u00f9 il y avait encore un PC. Notre d\u00e9cadence est une d\u00e9cadence impos\u00e9e \u2014 tout comme on nous a impos\u00e9 un FN \u00e0 30 ou 40%, rien que pour sauver un PS en d\u00e9bandade, ou que l\u2019on tente de nous convertir au communautarisme, juste pour ramasser une partie du vote musulman, conform\u00e9ment aux directives de Terra Nova, le <em>think tank<\/em> du PS (ces gens-l\u00e0 sont incapables de dire \u00ab Cercle de r\u00e9flexion \u00bb : english is better), <a href=\"http:\/\/www.lefigaro.fr\/actualite-france\/2014\/09\/18\/01016-20140918ARTFIG00316-quand-terra-nova-conseillait-au-ps-d-investir-sur-le-vote-des-immigres-francais.php\">qui pense que les enfants d\u2019immigr\u00e9s peuvent utilement remplacer<\/a>, dans les urnes, le vote des ouvriers et des employ\u00e9s, <a href=\"http:\/\/www.marianne.net\/hervenathan\/Quand-la-gauche-dit-adieu-aux-ouvriers-et-employes_a101.html\">que ces bobos Rive Gauche-Droite pensent d\u00e9sormais d\u00e9funts<\/a>.<br \/>\nLe poisson pourrit par la t\u00eate \u2014 \u00e0 l\u2019Elys\u00e9e et \u00e0 Matignon, et dans une foule d\u2019instances europ\u00e9ennes pour lesquelles nous n\u2019existons pas. La d\u00e9cadence est au sommet de l\u2019Etat \u2014 pas forc\u00e9ment dans les couches populaires, parce qu\u2019il existe encore un peuple de France qui un de ces jours d\u00e9capitera \u00e0 nouveau ses rois.<br \/>\nUn jour.<br \/>\nDans dix mille ans, disait L\u00e9o Ferr\u00e9. Ou demain.<\/p>\n<p>Jean-Paul Brighelli<\/p>\n","protected":false},"excerpt":{"rendered":"<p>\u00ab Pays de merde \u00bb, a dit Zlatan \u2014 l\u2019homme qui s\u2019est fait un pr\u00e9nom qui genuit nomen\u00a0(\u00ab zlataneries \u00bb) qui genuit un bon paquet de khonneries magistrales. Autrefois on citait Hugo, d\u00e9sormais on s\u2019esbaudit de Zlatan. Sic transit. (Je ne sais pas ce que j\u2019ai \u00e0 parler latin ce soir. Par r\u00e9action sans doute [&hellip;]<\/p>\n","protected":false},"author":6,"featured_media":0,"comment_status":"open","ping_status":"open","sticky":false,"template":"","format":"standard","meta":{"footnotes":""},"categories":[1],"tags":[91,601,17,600,252,124,602,599],"class_list":{"0":"post-697","1":"post","2":"type-post","3":"status-publish","4":"format-standard","6":"category-non-classe","7":"tag-communautarisme","8":"tag-culture","9":"tag-ecole","10":"tag-fokus","11":"tag-marine-le-pen","12":"tag-ps","13":"tag-terra-nova","14":"tag-zlatan"},"_links":{"self":[{"href":"https:\/\/blog.causeur.fr\/bonnetdane\/wp-json\/wp\/v2\/posts\/697","targetHints":{"allow":["GET"]}}],"collection":[{"href":"https:\/\/blog.causeur.fr\/bonnetdane\/wp-json\/wp\/v2\/posts"}],"about":[{"href":"https:\/\/blog.causeur.fr\/bonnetdane\/wp-json\/wp\/v2\/types\/post"}],"author":[{"embeddable":true,"href":"https:\/\/blog.causeur.fr\/bonnetdane\/wp-json\/wp\/v2\/users\/6"}],"replies":[{"embeddable":true,"href":"https:\/\/blog.causeur.fr\/bonnetdane\/wp-json\/wp\/v2\/comments?post=697"}],"version-history":[{"count":0,"href":"https:\/\/blog.causeur.fr\/bonnetdane\/wp-json\/wp\/v2\/posts\/697\/revisions"}],"wp:attachment":[{"href":"https:\/\/blog.causeur.fr\/bonnetdane\/wp-json\/wp\/v2\/media?parent=697"}],"wp:term":[{"taxonomy":"category","embeddable":true,"href":"https:\/\/blog.causeur.fr\/bonnetdane\/wp-json\/wp\/v2\/categories?post=697"},{"taxonomy":"post_tag","embeddable":true,"href":"https:\/\/blog.causeur.fr\/bonnetdane\/wp-json\/wp\/v2\/tags?post=697"}],"curies":[{"name":"wp","href":"https:\/\/api.w.org\/{rel}","templated":true}]}}