{"id":729,"date":"2015-04-30T09:10:27","date_gmt":"2015-04-30T09:10:27","guid":{"rendered":"http:\/\/blog.causeur.fr\/bonnetdane\/?p=729"},"modified":"2021-04-22T18:49:59","modified_gmt":"2021-04-22T16:49:59","slug":"troisieme-guerre-mondiale","status":"publish","type":"post","link":"https:\/\/blog.causeur.fr\/bonnetdane\/troisieme-guerre-mondiale-729","title":{"rendered":"Troisi\u00e8me guerre mondiale"},"content":{"rendered":"<p>\u00ab Islamofascisme ! \u00bb, disent les uns (<a href=\"http:\/\/www.liberation.fr\/video\/2015\/04\/28\/thierry-solere-manuel-valls-a-aussi-parle-d-islamo-fascisme_1273623\">Valls<\/a>, <a href=\"http:\/\/www.lepoint.fr\/politique\/estrosi-la-3e-guerre-mondiale-est-declaree-26-04-2015-1924346_20.php\">Estrosi<\/a>, etc.). \u00ab Nazislamisme ! \u00bb, clament les autres (Ivan Rioufol, \u00e9voquant la figure du grand mufti de J\u00e9rusalem, Hadj Amin al-Husseini, grand copain d\u2019Hitler dans les ann\u00e9es 1930-40). \u00ab Amalgame ! \u00bb beuglent les bien-pensants \u2014 ceux qui voient dans toute critique de l\u2019Islam la preuve d\u2019une islamophobie galopante. Ma foi (si je puis dire\u2026), dans ce cas pr\u00e9cis, ils n\u2019ont peut-\u00eatre pas tort. Fascisme et nazisme \u00e9taient des mouvements originaux, que l\u2019on n\u2019aurait pas appel\u00e9 \u00ab n\u00e9o-bonapartisme \u00bb sans une grave distorsion de l\u2019Histoire \u2014 de m\u00eame que <em>le Coup d\u2019Etat permanent<\/em> de Mitterrand \u00e0 propos de De Gaulle \u00e9tait de la bonne pol\u00e9mique mais de la mauvaise Histoire. L\u2019islamisme est une trouvaille moderne.<br \/>\n\u00c0 la rigueur, le seul mouvement d\u2019\u00e9poques ant\u00e9rieures avec lequel on pourrait le comparer, ce sont les croisades. La vraie union du sabre et du goupillon. Sous le signe du croissant et non plus celui de la croix. Des croissantades, en quelque sorte.<br \/>\nMais voil\u00e0 : la chr\u00e9tient\u00e9 a renonc\u00e9 aux croisades depuis celle des Albigeois, et \u00e7a date. L\u2019Espagne elle-m\u00eame a renonc\u00e9 \u00e0 l\u2019Inquisition en 1834. L\u2019Eglise a renonc\u00e9 aux interf\u00e9rences massives entre l\u2019\u00e9ternel et le temporel. Qu\u2019elle ait eu tort ou raison d\u2019agir ainsi, d\u2019un point de vue commercial, est une autre histoire. Que Vatican II ait dissous les conditions m\u00eame de la Foi, terreur et piti\u00e9, peut-\u00eatre \u2014 mais ce n\u2019est pas mon probl\u00e8me, chacun se suicide comme il veut. Et si, au lieu de lancer une nouvelle Contre-R\u00e9forme, on pr\u00e9f\u00e8re passer les cours de cat\u00e9chisme \u00e0 faire dessiner des Mickeys en croix, grand bien leur fasse.<br \/>\nL\u2019Islam fondamentaliste, wahhabite, salafiste, celui des Fr\u00e8res Musulmans, de l\u2019Etat islamique, Boko Haram et Al-Quaeda n\u2019aime pas les petits dessins, lui. Il n\u2019a pas le temps (d\u2019ailleurs, comme je l\u2019ai d\u00e9j\u00e0 soulign\u00e9 ici, le temps ne fait pas partie de son univers : l\u2019Islam \u0153uvre dans l\u2019\u00e9ternit\u00e9 des certitudes inoxydables). Il conquiert le monde. Il est un totalitarisme. C\u2019est l\u00e0 le seul terme g\u00e9n\u00e9rique que nous pouvons d\u00e9cemment utiliser.<br \/>\nEntendons-nous : la liste susdite des grands naus\u00e9abonds ne fait pas grand monde en proportion \u2014 10 \u00e0 15% des Musulmans, estiment les divers services secrets \u2014, mais cela regroupe tout de m\u00eame quelques centaines de millions de siphonn\u00e9s dans le monde. De quoi emp\u00eacher Caroline Fourest de dormir. Elle et les illumin\u00e9s du s\u00e9cularisme qui avaient, d\u00e8s 2006, sign\u00e9 un <a href=\"http:\/\/blog.mondediplo.net\/2006-09-02-Tous-unis-contre-le-fascisme-islamique\">Manifeste contre le nouveau totalitarisme<\/a>. Des Musulmans, pur la plupart. Ils ont tous plus ou moins depuis cette \u00e9poque des fatwas suspendues au-dessus de la t\u00eate.<br \/>\n2006 ! Comme l\u2019a \u00e9crit avec force Mezri Haddad, ancien ambassadeur de Tunisie en France, <a href=\"http:\/\/www.lefigaro.fr\/vox\/societe\/2015\/01\/09\/31003-20150109ARTFIG00339-terrorisme-islamiste-cette-guerre-qui-commence-etait-helas-previsible.php\">dans un article remarquable<\/a>, tout \u00e9tait pr\u00e9visible. Depuis longtemps : \u00ab Ecrit, pas par la main d&rsquo;Allah dont les islamo-fascistes ont souill\u00e9 jusqu&rsquo;\u00e0 la magnificence et rabaiss\u00e9 la majest\u00e9, mais par trente ann\u00e9es de laxisme, d&rsquo;ang\u00e9lisme et de conformisme mals\u00e9ant au pays de Voltaire. \u00c9crit par les concessions aux tenants de l&rsquo;islam identitaire, holistique et totalitaire, au nom de la d\u00e9mocratie et de la tol\u00e9rance r\u00e9publicaine. De la question du voile islamique au massacre tragique de <em>Charlie Hebdo<\/em>, en passant par l&rsquo;affaire Redeker ou la conf\u00e9rence du pape Beno\u00eet XVI \u00e0 Ratisbonne, que de chemin parcouru dans la capitulation, l&rsquo;alt\u00e9ration de la la\u00efcit\u00e9 et la subversion de la d\u00e9mocratie. Que de reculs des Lumi\u00e8res face \u00e0 l&rsquo;obscurantisme! Que de coups port\u00e9s au mod\u00e8le de civilisation occidentale devant la barbarie islamiste! \u00bb<br \/>\nRecul des Lumi\u00e8res : ce n\u2019est pas une guerre, au sens que l\u2019on donne ordinairement au terme, o\u00f9 deux (ou plusieurs) adversaires clairement identifi\u00e9s s\u2019affrontent dans un espace g\u00e9ographique plus ou moins d\u00e9limit\u00e9. Pas m\u00eame un conflit de civilisations, n\u2019en d\u00e9plaise aux lecteurs de Samuel Huntington. C\u2019est un conflit de cultures. L\u2019Encyclop\u00e9disme contre le Coran. La philosophie contre la Foi. Les Lumi\u00e8res contre la nuit.<\/p>\n<p>Christian Estrosi, avec sa \u00ab troisi\u00e8me guerre mondiale \u00bb, doit bien avoir aussi une petite id\u00e9e r\u00e9gionale derri\u00e8re la t\u00eate, en venant chasser sur les terres du FN (mais est-ce \u00eatre FN que de dire la v\u00e9rit\u00e9 ? On se souvient de Tartuffe : \u00ab C\u2019est \u00eatre libertin que d\u2019avoir de bons yeux \u00bb). Certes, la C\u00f4te d\u2019Azur (qui en l\u2019occurrence commence \u00e0 Perpignan) n\u2019est pas Paris, ville fictive que les ministres croient \u00eatre la France. Certes, sortir \u00e0 Marseille est une exp\u00e9rience ethnique particuli\u00e8re. Certes, arrivant r\u00e9cemment de la capitale, j\u2019ai entendu l\u2019un de mes compagnons de train sortir son portable boulevard d\u2019Ath\u00e8nes (au bas des escaliers de la gare Saint-Charles) et appeler un de ses copains rest\u00e9s l\u00e0-haut bien \u00e0 l\u2019abri : \u00ab Incroyable ! Zemmour a raison ! Le grand remplacement, ici, il a commenc\u00e9\u2026 \u00bb<br \/>\n\u00c7a me rappelle une blague locale. Des gabelous de la brigade maritime interceptent une barque avec quatre Nord-Africains \u00e0 bord, ramant vers Marseille. \u00ab Que faites-vous ? \u00bb \u00ab Nous venons envahir l\u2019Europe. \u00bb Hurlement s de rire des douaniers. \u00ab \u00c0 quatre ? Vous n\u2019avez pas peur\u2026 \u00bb \u00ab Ah, mais nous, nous sommes l\u2019arri\u00e8re-garde. Le reste de l\u2019arm\u00e9e a d\u00e9j\u00e0 d\u00e9barqu\u00e9\u2026 \u00bb<br \/>\nFoin de plaisanteries : les 350 000 Musulmans marseillais sont tr\u00e8s majoritairement fran\u00e7ais, et n\u2019ont aucune envie r\u00e9elle de retourner au bled (un lieu proche de l\u2019Enfer, o\u00f9 l\u2019on n\u2019a pas toujours une prise pour recharger son smartphone ou sa playstation) ou d\u2019en importer les pratiques barbares \u2014 \u00e0 commencer par la langue, qu\u2019ils ignorent pour la plupart all\u00e8grement, surtout l\u2019arabe classique du Coran. Alors, parler de \u00ab cinqui\u00e8me colonne \u00bb est un grossier abus de langage. La r\u00e9f\u00e9rence aux Allemands infiltr\u00e9s avant la derni\u00e8re guerre (y en eut-il tant que \u00e7a ?) est m\u00eame inad\u00e9quate : nous exportons des terroristes, nous, en ce moment, bien plus que nous n\u2019en importons. Du produit Made in France. Cervelles garanties vides. La politique des ZEP s\u2019en est charg\u00e9e depuis vingt ans.<\/p>\n<p>\u00c0 noter que le mot \u00ab guerre \u00bb n\u2019a pas \u00e9t\u00e9 invent\u00e9 par Estrosi. Il y a deux mois, apr\u00e8s les attentats parisiens, Umberto Eco <a href=\"http:\/\/www.corriere.it\/esteri\/15_gennaio_08\/umberto-eco-siamo-guerra-fino-collo-l-isis-nuovo-nazismo-29d755e0-9705-11e4-b51b-464ae47f8535.shtml\">avait averti<\/a> : \u00ab Siamo in guerra. L\u2019ISIS \u00e8 il nuovo fascismo. \u00bb Mais l\u00e0 encore, le d\u00e9mon de l\u2019analogie avec le nazisme avait frapp\u00e9.<br \/>\nIl faut remonter un peu plus en arri\u00e8re pour trouver une analyse un peu s\u00e9rieuse sous la plume d\u2019un intellectuel. Arturo Perez-Reverte, qui a vu de pr\u00e8s la guerre de Bosnie (il y \u00e9tait correspondant) n\u2019a aucun doute sur la nature de la guerre en cours : \u00ab<a href=\"http:\/\/www.perezreverte.com\/articulo\/patentes-corso\/938\/es-la-guerra-santa-idiotas\/\"> Es la guerre santa, idiotas !<\/a> \u00bb. Et de pr\u00e9ciser : \u00ab . Y no necesito forzar la imaginaci\u00f3n, pues durante parte de mi vida habit\u00e9 ese territorio. Costumbres, m\u00e9todos, manera de ejercer la violencia. Todo me es familiar. Todo se repite, como se repite la Historia desde los tiempos de los turcos, Constantinopla y las Cruzadas. Incluso desde las Term\u00f3pilas. Como se repiti\u00f3 en aquel Ir\u00e1n, donde los incautos de all\u00ed y los imb\u00e9ciles de aqu\u00ed aplaud\u00edan la ca\u00edda del Sha y la llegada del libertador Jomeini y sus ayatoll\u00e1s. Como se repiti\u00f3 en el babeo indiscriminado ante las diversas primaveras \u00e1rabes, que al final -sorpresa para los idiotas profesionales- resultaron ser preludios de muy negros inviernos. Inviernos que son de esperar, por otra parte, cuando las palabras libertad y democracia, conceptos occidentales que nuestra ignorancia nos hace creer exportables en fr\u00edo, por las buenas, fiadas a la bondad del coraz\u00f3n humano, acaban siendo administradas por curas, imanes, sacerdotes o como queramos llamarlos, fan\u00e1ticos con turbante o sin \u00e9l, que tarde o temprano hacen verdad de nuevo, entre sus tambi\u00e9n fan\u00e1ticos feligreses, lo que escribi\u00f3 el bar\u00f3n Holbach en el siglo XVIII: \u00abCuando los hombres creen no temer m\u00e1s que a su dios, no se detienen en general ante nada\u00bb. Porque es la Yihad, idiotas. Es la guerra santa. \u00bb<br \/>\nMes lecteurs \u00e9tant gens de grande culture, je n\u2019ai pas besoin de traduire. Mais comme passent aussi ici des individus de culture incertaine, et m\u00eame des profs d\u2019Histoire d\u2019Aggiornamento, autant penser \u00e0 eux :<br \/>\n\u00ab Je n\u2019ai pas besoin de forcer mon imagination, parce que pendant une partie de ma vie, j\u2019ai habit\u00e9 ce territoire. Habitudes, m\u00e9thodes, mani\u00e8re d\u2019exercer la violence. Tout m\u2019est familier. Tout se r\u00e9p\u00e8te comme se r\u00e9p\u00e8te l\u2019Histoire, depuis le temps des Turcs, Constantinople et les Croisades. Y compris depuis les Thermopyles. Comme elle s\u2019est r\u00e9p\u00e9t\u00e9e dans cet Iran, o\u00f9 les imprudents de l\u00e0-bas et les imb\u00e9ciles d\u2019ici applaudissaient la chute du Shah et l\u2019arriv\u00e9e du lib\u00e9rateur Khomeiny et ses ayatollahs. Comme elle s\u2019est r\u00e9p\u00e9t\u00e9e dans un empressement sans discernement avant les diff\u00e9rents printemps arabes, qui, au final \u2013surprise pour les idiots professionnels \u2013 eurent pour r\u00e9sultat d\u2019\u00eatre les pr\u00e9ludes de tr\u00e8s noirs hivers. Hivers qui sont \u00e0 attendre, par ailleurs, quand les mots libert\u00e9 et d\u00e9mocratie, concepts occidentaux que notre ignorance nous fait croire exportables au froid, pour le meilleur, confiants en la bont\u00e9 du c\u0153ur humain, finissent par \u00eatre g\u00e9r\u00e9s par des cur\u00e9s, des imams, des pr\u00eatres comme nous aimons les appeler, fanatiques avec ou sans turbans, qui t\u00f4t ou tard font de nouveau la v\u00e9rit\u00e9, au milieu de leurs paroissiens aussi fanatiques, ce qu\u2019\u00e9crivait le baron d\u2019Holbach au XVIII\u00e8me si\u00e8cle : \u00ab Quand les hommes ne croient avoir \u00e0 craindre que leur dieu, ils ne s\u2019arr\u00eatent commun\u00e9ment sur rien \u00bb. Parce que c\u2019est le Jihad, idiots. C\u2019est la guerre sainte. \u00bb<br \/>\nJ\u2019aime que le meilleur \u00e9crivain espagnol contemporain cite d\u2019Holbach. Des Lumi\u00e8res persiste donc quelque chose \u2014 cette \u00ab clique holbachique \u00bb que vomissait Rousseau \u2014 tout se recoupe. \u00c0 nous de continuer \u00e0 en porter la flamme au sein m\u00eame de l\u2019obscurit\u00e9 \u2014 et de l\u2019obscurantisme.<\/p>\n<p>Jean-Paul Brighelli<\/p>\n<p>PS. Cette adresse (\u00ab Es la guerre santa, idiotas ! \u00bb) me rappelle, allez savoir pourquoi, un <a href=\"http:\/\/horadelsur.wordpress.com\/2009\/06\/18\/arturo-perez-reverte-carta-a-los-politicos-sobre-la-educacion-en-espana\/\">article au vitriol<\/a> adress\u00e9 en 2009 par ce m\u00eame Perez Reverte aux autorit\u00e9s p\u00e9dagogoles d\u2019Espagne, et qui commen\u00e7ait de m\u00eame par \u00ab Permitidme tutearos, imb\u00e9ciles \u00bb \u2014 l\u2019union de l\u2019insulte appropri\u00e9e et d\u2019un mot fran\u00e7ais immortel. \u00c0 lire absolument, parce que comme le souligne l\u2019auteur du Peintre des batailles, de l\u2019\u00e9videment des cervelles enfantines au d\u00e9part pour le djihad, il n\u2019y a que le fr\u00e9missement d\u2019une paupi\u00e8re de moineau.<\/p>\n","protected":false},"excerpt":{"rendered":"<p>\u00ab Islamofascisme ! \u00bb, disent les uns (Valls, Estrosi, etc.). \u00ab Nazislamisme ! \u00bb, clament les autres (Ivan Rioufol, \u00e9voquant la figure du grand mufti de J\u00e9rusalem, Hadj Amin al-Husseini, grand copain d\u2019Hitler dans les ann\u00e9es 1930-40). \u00ab Amalgame ! \u00bb beuglent les bien-pensants \u2014 ceux qui voient dans toute critique de l\u2019Islam la preuve [&hellip;]<\/p>\n","protected":false},"author":6,"featured_media":0,"comment_status":"open","ping_status":"open","sticky":false,"template":"","format":"standard","meta":{"footnotes":""},"categories":[1],"tags":[639,636,638,642,643,641,644,637,640,219],"class_list":{"0":"post-729","1":"post","2":"type-post","3":"status-publish","4":"format-standard","6":"category-non-classe","7":"tag-daech","8":"tag-estrosi","9":"tag-isis","10":"tag-islamofascisme","11":"tag-nazislamisme","12":"tag-perez-reverte","13":"tag-totalitarisme","14":"tag-troisieme-guerre-mondiale","15":"tag-umberto-eco","16":"tag-valls"},"_links":{"self":[{"href":"https:\/\/blog.causeur.fr\/bonnetdane\/wp-json\/wp\/v2\/posts\/729","targetHints":{"allow":["GET"]}}],"collection":[{"href":"https:\/\/blog.causeur.fr\/bonnetdane\/wp-json\/wp\/v2\/posts"}],"about":[{"href":"https:\/\/blog.causeur.fr\/bonnetdane\/wp-json\/wp\/v2\/types\/post"}],"author":[{"embeddable":true,"href":"https:\/\/blog.causeur.fr\/bonnetdane\/wp-json\/wp\/v2\/users\/6"}],"replies":[{"embeddable":true,"href":"https:\/\/blog.causeur.fr\/bonnetdane\/wp-json\/wp\/v2\/comments?post=729"}],"version-history":[{"count":0,"href":"https:\/\/blog.causeur.fr\/bonnetdane\/wp-json\/wp\/v2\/posts\/729\/revisions"}],"wp:attachment":[{"href":"https:\/\/blog.causeur.fr\/bonnetdane\/wp-json\/wp\/v2\/media?parent=729"}],"wp:term":[{"taxonomy":"category","embeddable":true,"href":"https:\/\/blog.causeur.fr\/bonnetdane\/wp-json\/wp\/v2\/categories?post=729"},{"taxonomy":"post_tag","embeddable":true,"href":"https:\/\/blog.causeur.fr\/bonnetdane\/wp-json\/wp\/v2\/tags?post=729"}],"curies":[{"name":"wp","href":"https:\/\/api.w.org\/{rel}","templated":true}]}}