{"id":73,"date":"2007-03-21T05:35:19","date_gmt":"2007-03-21T05:35:19","guid":{"rendered":"http:\/\/blog.causeur.fr\/bonnetdane\/?p=73"},"modified":"2021-04-22T18:53:59","modified_gmt":"2021-04-22T16:53:59","slug":"violences","status":"publish","type":"post","link":"https:\/\/blog.causeur.fr\/bonnetdane\/violences-73","title":{"rendered":"Violences"},"content":{"rendered":"<p>Une cha\u00eene de t\u00e9l\u00e9vision pr\u00e9pare pour d\u00e9but avril une grande \u00e9mission sur la violence scolaire, et cherche des t\u00e9moignages. Alors, enseignants insult\u00e9s, agress\u00e9s, personnels bafou\u00e9s, n\u2019h\u00e9sitez pas : ce blog peut \u00eatre, en pour quinze jours, le d\u00e9fouloir de l\u2019indicible.<\/p>\n<p> Cependant\u2026<br \/> Quelques r\u00e9flexions s\u2019imposent.<br \/>On ne parle jamais que de la violence des jeunes \u2014 et au fait, ce n\u2019est peut-\u00eatre pas un ph\u00e9nom\u00e8ne si nouveau que cela : des voyous et des caract\u00e9riels, il y en a toujours eu \u2014 m\u00eame si par les temps pr\u00e9sents, on semble singuli\u00e8rement les encourager \u00e0 s\u2019\u00ab exprimer \u00bb (il ne faudrait pas qu\u2019une insulte informul\u00e9e leur reste sur le c\u0153ur). <br \/> Par ailleurs, comme l\u2019a montr\u00e9 une enqu\u00eate du point au premier trimestre, les \u00e9tablissements vertueux, qui renseignent scrupuleusement l\u2019ordinateur qui, au minist\u00e8re, recense les diverses impolitesses, de l\u2019injure pure au coup de couteau, sont stigmatis\u00e9s \u2014 et leurs personnels de direction montr\u00e9s du doigt \u2014, alors que les gros menteurs, les dissimulateurs, sont encens\u00e9s, et promus \u2014 morale d\u00e9mocratique, aux antipodes de ce que devrait \u00eatre une morale r\u00e9publicaine.<br \/> Enfin, personne ne parle de la violence que l\u2019on fait aux jeunes.<br \/> Oh non, pas la violence que l\u2019on exercerait en leur apprenant des savoirs complexes ! M\u00eame si j\u2019en connais qui jugent qu\u2019enseigner est, a priori, faire violence. La semaine derni\u00e8re, il a suffi qu\u2019un linguiste bien intentionn\u00e9 sugg\u00e8re que l\u2019on apprenne des mots nouveaux, chaque jour, aux \u00e9l\u00e8ves de Maternelle et de CP (une pratique usuelle, par ailleurs), pour qu\u2019on assiste \u00e0 une lev\u00e9e de bouliers \u2014 les plus tar\u00e9s des p\u00e9dagogues affirmant qu\u2019il suffit de donner du sens aux mots que poss\u00e8de d\u00e9j\u00e0 l\u2019enfant, sans lui gaver la t\u00eate de signifiants in\u00e9dits, et de signifi\u00e9s \u00ab bourgeois \u00bb\u2026<br \/> Non : la vraie violence, elle consiste justement \u00e0 ne pas gaver cet enfant \u2014 alors qu\u2019il ne demande que \u00e7a. Elle consiste \u00e0 ne pas lui enseigner ce qu\u2019il devrait savoir pour sortir de son tout petit cercle, pour oser entrer dans la collectivit\u00e9, pour se coltiner cette culture fran\u00e7aise qui est tout de m\u00eame assez complexe. La violence, elle commence \u00e0 ce pseudo-respect des croyances, qui b\u00e2tit autour de chaque \u00e9l\u00e8ve une aire de silence, et transforme une classe en juxtaposition de \u00ab cultures \u00bb antagonistes. <br \/>La vraie violence, c\u2019est aussi d\u2019obliger un gosse \u00e0 passer dans la classe sup\u00e9rieure, alors qu\u2019il ne ma\u00eetrise aucun des fondamentaux de l\u2019ann\u00e9e \u00e9coul\u00e9e, \u2014 une classe o\u00f9 il sera largu\u00e9, isol\u00e9, contraint de se r\u00e9fugier dans cet autisme provoqu\u00e9 qui m\u00e8ne tout droit \u00e0 la violence. Qu\u2019il l\u2019exerce sur lui (on n\u2019a jamais vu autant de scarifications que ces temps-ci, et le taux de suicides parmi les jeunes, en France, est l\u2019un des plus \u00e9lev\u00e9s au monde, para\u00eet-il) ou sur les autres : quand on n\u2019a pas les mots pour communiquer, on choisit les signes non linguistiques \u2014 le pain dans la gueule, ou l\u2019allumette.<\/p>\n<p> Alors, \u00e0 vos r\u00e9cits ! J\u2019int\u00e9grerai demain une adresse o\u00f9 vous pourrez t\u00e9moigner directement, si le c\u0153ur vous en dit, et si l\u2019anonymat du blog vous p\u00e8se. Que ceux qui ont des t\u00e9moignages saisissants l\u00e8vent le doigt !<\/p>\n<p> Jean-Paul Brighelli<\/p>\n<p>PS. Je rentre de voyage et je trouve une note du r\u00e9alisateur de l&rsquo;\u00e9mission \u00e0 laquelle faisait allusion ma Note ci-dessus :<\/p>\n<p>\u00ab\u00a0J&rsquo;aimerais aussi \u00e9largir ma recherche de t\u00e9moins vers les agressions des \u00e9l\u00e8ves entre eux, l&rsquo;auto-agression, les d\u00e9gradations de mat\u00e9riel et de locaux, les \u201chappy slappings\u201c, l&rsquo;influence socio-religieuse dans l&rsquo;attitude des jeunes, les liens entre les cit\u00e9s et les \u00e9tablissements, les faits d&rsquo;incivilit\u00e9s ou de violence en milieux ruraux&#8230;<br \/>Ces t\u00e9moignages peuvent \u00eatre adress\u00e9s directement sur mon mail :<\/p>\n<p>frederic.gilbert@sep.tv<\/p>\n<p>Merci\u2026\u00a0\u00bb<\/p>\n<p>Merci pour lui\u2026 \/ JPB<\/p>\n","protected":false},"excerpt":{"rendered":"<p>Une cha\u00eene de t\u00e9l\u00e9vision pr\u00e9pare pour d\u00e9but avril une grande \u00e9mission sur la violence scolaire, et cherche des t\u00e9moignages. Alors, enseignants insult\u00e9s, agress\u00e9s, personnels bafou\u00e9s, n\u2019h\u00e9sitez pas : ce blog peut \u00eatre, en pour quinze jours, le d\u00e9fouloir de l\u2019indicible. Cependant\u2026 Quelques r\u00e9flexions s\u2019imposent.On ne parle jamais que de la violence des jeunes \u2014 et [&hellip;]<\/p>\n","protected":false},"author":6,"featured_media":0,"comment_status":"open","ping_status":"open","sticky":false,"template":"","format":"standard","meta":{"footnotes":""},"categories":[1],"tags":[],"class_list":{"0":"post-73","1":"post","2":"type-post","3":"status-publish","4":"format-standard","6":"category-non-classe"},"_links":{"self":[{"href":"https:\/\/blog.causeur.fr\/bonnetdane\/wp-json\/wp\/v2\/posts\/73","targetHints":{"allow":["GET"]}}],"collection":[{"href":"https:\/\/blog.causeur.fr\/bonnetdane\/wp-json\/wp\/v2\/posts"}],"about":[{"href":"https:\/\/blog.causeur.fr\/bonnetdane\/wp-json\/wp\/v2\/types\/post"}],"author":[{"embeddable":true,"href":"https:\/\/blog.causeur.fr\/bonnetdane\/wp-json\/wp\/v2\/users\/6"}],"replies":[{"embeddable":true,"href":"https:\/\/blog.causeur.fr\/bonnetdane\/wp-json\/wp\/v2\/comments?post=73"}],"version-history":[{"count":0,"href":"https:\/\/blog.causeur.fr\/bonnetdane\/wp-json\/wp\/v2\/posts\/73\/revisions"}],"wp:attachment":[{"href":"https:\/\/blog.causeur.fr\/bonnetdane\/wp-json\/wp\/v2\/media?parent=73"}],"wp:term":[{"taxonomy":"category","embeddable":true,"href":"https:\/\/blog.causeur.fr\/bonnetdane\/wp-json\/wp\/v2\/categories?post=73"},{"taxonomy":"post_tag","embeddable":true,"href":"https:\/\/blog.causeur.fr\/bonnetdane\/wp-json\/wp\/v2\/tags?post=73"}],"curies":[{"name":"wp","href":"https:\/\/api.w.org\/{rel}","templated":true}]}}