{"id":768,"date":"2015-06-11T10:35:23","date_gmt":"2015-06-11T10:35:23","guid":{"rendered":"http:\/\/blog.causeur.fr\/bonnetdane\/?p=768"},"modified":"2021-04-22T18:49:59","modified_gmt":"2021-04-22T16:49:59","slug":"tafta-ta-mere","status":"publish","type":"post","link":"https:\/\/blog.causeur.fr\/bonnetdane\/tafta-ta-mere-768","title":{"rendered":"TAFTA ta m\u00e8re !"},"content":{"rendered":"<p>Vous connaissez le taffetas, tissu de soie tiss\u00e9e. C\u2019est doux, c\u2019est soyeux, cela peut porter des motifs fort divers, et selon les couleurs utilis\u00e9es dans les cha\u00eenes et les trames, cela s\u2019appelle taffetas cam\u00e9l\u00e9on, taffetas chin\u00e9, damier, prismatique, et j\u2019en passe.<\/p>\n<p>Mais connaissez-vous le TAFTA \u2014 Trans-Atlantic Free Trade Area) ? On l\u2019appelle aussi TTIP (prononcer Tee-tip pour Transatlantic Trade Investment Partnership), l\u2019acronyme purement bureaucratique et moins gracieux que le pr\u00e9c\u00e9dent. C\u2019est une machine \u00e0 dissoudre les Etats europ\u00e9ens, via Bruxelles soumis \u00e0 Berlin et \u00e0 Washington, en mettant les app\u00e9tits des grandes compagnies mondialis\u00e9es avant les int\u00e9r\u00eats nationaux \u2014 quitte m\u00eame \u00e0 faire payer aux Etats-Nations, ou ce qu\u2019il en reste, d\u2019\u00e9normes amendes en cas d\u2019entrave aux desiderata des multinationales. L\u2019accord-mod\u00e8le du TAFTA, c\u2019est l\u2019ALENA (accord de Libre-Echange Nord-Am\u00e9ricain, ou NAFTA en anglais \u2014 pour North American Free Trade Agreement, ou TLCAN en espagnol, puisque l\u2019accord lie le Mexique et le Canada aux USA). Au nom de l\u2019ALENA par exemple, la compagnie am\u00e9ricaine et g\u00e9ant du sucre Cargill a obtenu en 2009 une compensation de 77 millions de dollars \u00e0 cause d\u2019une taxe d\u00e9cid\u00e9e par le Mexique sur les boissons contenant le substitut de sucre \u00ab glucose-fructose \u00bb. Et le p\u00e9trolier am\u00e9ricain Lone Pine r\u00e9clame 250 millions de dollars au Canada en compensation de l\u2019annulation de ses permis d\u2019exploitation du gaz de schiste au Qu\u00e9bec.<br \/>\nRemplacez \u00ab Qu\u00e9bec \u00bb par \u00ab Ard\u00e8che \u00bb, et vous y \u00eates. Une compagnie \u00e9trang\u00e8re, plaidant devant des instances juridiques ind\u00e9pendantes des Etats, dont on sait que les arbitrages privil\u00e9gient syst\u00e9matiquement les grands int\u00e9r\u00eats des grands groupes, pourra demander une \u00e9norme compensation au gouvernement fran\u00e7ais si on ne l\u2019autorise pas \u00e0 faire \u00e0 telle r\u00e9gion fran\u00e7aise ce qu\u2019ils ont tr\u00e8s, bien r\u00e9ussi aux Etats-Unis : empoisonner les nappes phr\u00e9atiques pour les prochains millions d\u2019ann\u00e9es. Pour de plus amples d\u00e9tails, voir <a href=\"https:\/\/stoptafta.wordpress.com\/stopper-tafta-pourquoi\/\">ici<\/a>. Mais d\u00e9j\u00e0, mettez-vous \u00e7a dans la t\u00eate :<a href=\"http:\/\/blog.causeur.fr\/bonnetdane\/files\/2015\/06\/tafta.jpg\"><img loading=\"lazy\" decoding=\"async\" class=\"aligncenter size-full wp-image-774\" src=\"http:\/\/blog.causeur.fr\/bonnetdane\/files\/2015\/06\/tafta.jpg\" alt=\"\" width=\"750\" height=\"484\" srcset=\"https:\/\/blog.causeur.fr\/bonnetdane\/wp-content\/uploads\/sites\/25\/2015\/06\/tafta.jpg 750w, https:\/\/blog.causeur.fr\/bonnetdane\/wp-content\/uploads\/sites\/25\/2015\/06\/tafta-300x193.jpg 300w\" sizes=\"auto, (max-width: 750px) 100vw, 750px\" \/><\/a><br \/>\nAngela Merkel et Fran\u00e7ois Hollande sont franchement pour \u2014 la premi\u00e8re parce qu\u2019elle dirige un pays exportateur, qui esp\u00e8re gagner encore quelques sous \u00e0 faire sauter les (tr\u00e8s faibles \u2014 autour de 2% en moyenne) taxes \u00e0 l\u2019entr\u00e9e aux Etats-Unis, le second parce qu\u2019il n\u2019a pas une id\u00e9e diff\u00e9rente de celle de sa \u00ab chanceli\u00e8re \u00bb, comme il dit. Dans la classe politique, silence g\u00ean\u00e9, ou complice \u2014 \u00e0 l\u2019exception de Dupont-Aignan qui a <a href=\"http:\/\/www.lefigaro.fr\/flash-actu\/2015\/05\/28\/97001-20150528FILWWW00213-tafta-dupont-aignan-veut-un-referendum.php\">demand\u00e9 un r\u00e9f\u00e9rendum sur la question<\/a>, et a <a href=\"http:\/\/www.agoravox.tv\/actualites\/europe\/article\/tafta-dupont-aignan-denonce-le-45305\">protest\u00e9 longuement<\/a> \u00e0 l\u2019Assembl\u00e9e, devant un amphith\u00e9\u00e2tre quasiment vide, en rappelant quels d\u00e9put\u00e9s europ\u00e9ens votent aveugl\u00e9ment pour les int\u00e9r\u00eats des multinationales, en demandant la suspension imm\u00e9diate de toutes les n\u00e9gociations en cours et en secret, et en rappelant le mot fameux de Marc-Aur\u00e8le : \u00ab On peut tondre les peuples, mais en faisant attention de ne pas les \u00e9corcher \u00bb.<a href=\"http:\/\/blog.causeur.fr\/bonnetdane\/files\/2015\/06\/images1.jpeg\"><img loading=\"lazy\" decoding=\"async\" class=\"aligncenter size-full wp-image-775\" src=\"http:\/\/blog.causeur.fr\/bonnetdane\/files\/2015\/06\/images1.jpeg\" alt=\"\" width=\"150\" height=\"135\" \/><\/a><br \/>\nC\u2019est un pas de plus dans la dissolution des Etats-nations. L\u2019Europe devait \u00eatre un grand concert des nations, \u00ab les Etats-Unis d\u2019Europe \u00bb. Elle n\u2019est qu\u2019un conglom\u00e9rat d\u2019int\u00e9r\u00eats extra-territoriaux, dans la financiarisation globale de la politique. Il faut tr\u00e8s rapidement reprendre notre destin en main, sinon ce sera quasiment impossible, \u00e0 terme. Regardez combien les Grecs ont du mal \u00e0 reconqu\u00e9rir leur autonomie face \u00e0 la \u00ab tro\u00efka \u00bb. Et l\u2019on s\u2019\u00e9tonne qu\u2019ils regardent en ce moment vers Poutine, ravi de voir l\u2019Europe se dissoudre pour faire plaisir \u00e0 quelques conglom\u00e9rats qui pensent en termes de cash.<br \/>\nOui, il faut d\u00e9chirer le TAFTA \u2014 avant qu\u2019il soit notre linceul.<a href=\"http:\/\/blog.causeur.fr\/bonnetdane\/files\/2015\/06\/tafta-non-au-traitc3a9-transatlantique-2.jpg\"><img loading=\"lazy\" decoding=\"async\" class=\"aligncenter size-full wp-image-776\" src=\"http:\/\/blog.causeur.fr\/bonnetdane\/files\/2015\/06\/tafta-non-au-traitc3a9-transatlantique-2.jpg\" alt=\"\" width=\"141\" height=\"79\" \/><\/a><\/p>\n<p>Jean-Paul Brighelli<\/p>\n","protected":false},"excerpt":{"rendered":"<p>Vous connaissez le taffetas, tissu de soie tiss\u00e9e. C\u2019est doux, c\u2019est soyeux, cela peut porter des motifs fort divers, et selon les couleurs utilis\u00e9es dans les cha\u00eenes et les trames, cela s\u2019appelle taffetas cam\u00e9l\u00e9on, taffetas chin\u00e9, damier, prismatique, et j\u2019en passe. Mais connaissez-vous le TAFTA \u2014 Trans-Atlantic Free Trade Area) ? On l\u2019appelle aussi TTIP [&hellip;]<\/p>\n","protected":false},"author":6,"featured_media":0,"comment_status":"open","ping_status":"open","sticky":false,"template":"","format":"standard","meta":{"footnotes":""},"categories":[1],"tags":[679,655,33,514,677,678],"class_list":{"0":"post-768","1":"post","2":"type-post","3":"status-publish","4":"format-standard","6":"category-non-classe","7":"tag-alena","8":"tag-dupont-aignan","9":"tag-hollande","10":"tag-merkel","11":"tag-tafta","12":"tag-ttip"},"_links":{"self":[{"href":"https:\/\/blog.causeur.fr\/bonnetdane\/wp-json\/wp\/v2\/posts\/768","targetHints":{"allow":["GET"]}}],"collection":[{"href":"https:\/\/blog.causeur.fr\/bonnetdane\/wp-json\/wp\/v2\/posts"}],"about":[{"href":"https:\/\/blog.causeur.fr\/bonnetdane\/wp-json\/wp\/v2\/types\/post"}],"author":[{"embeddable":true,"href":"https:\/\/blog.causeur.fr\/bonnetdane\/wp-json\/wp\/v2\/users\/6"}],"replies":[{"embeddable":true,"href":"https:\/\/blog.causeur.fr\/bonnetdane\/wp-json\/wp\/v2\/comments?post=768"}],"version-history":[{"count":0,"href":"https:\/\/blog.causeur.fr\/bonnetdane\/wp-json\/wp\/v2\/posts\/768\/revisions"}],"wp:attachment":[{"href":"https:\/\/blog.causeur.fr\/bonnetdane\/wp-json\/wp\/v2\/media?parent=768"}],"wp:term":[{"taxonomy":"category","embeddable":true,"href":"https:\/\/blog.causeur.fr\/bonnetdane\/wp-json\/wp\/v2\/categories?post=768"},{"taxonomy":"post_tag","embeddable":true,"href":"https:\/\/blog.causeur.fr\/bonnetdane\/wp-json\/wp\/v2\/tags?post=768"}],"curies":[{"name":"wp","href":"https:\/\/api.w.org\/{rel}","templated":true}]}}