{"id":77,"date":"2007-04-18T20:11:09","date_gmt":"2007-04-18T20:11:09","guid":{"rendered":"http:\/\/blog.causeur.fr\/bonnetdane\/?p=77"},"modified":"2021-04-22T18:53:59","modified_gmt":"2021-04-22T16:53:59","slug":"parti-pris","status":"publish","type":"post","link":"https:\/\/blog.causeur.fr\/bonnetdane\/parti-pris-77","title":{"rendered":"Parti pris"},"content":{"rendered":"<p>Il est temps que cette campagne \u00e9lectorale s\u2019ach\u00e8ve : jamais les probl\u00e8mes de fond n\u2019ont \u00e9t\u00e9 si peu pos\u00e9s ; jamais l\u2019image de la France \u00e0 l\u2019\u00e9tranger \u2014 mais les \u00e9trangers qui tentent encore, par sympathie pour le malade, de comprendre quelque chose au florentinisme \u00e0 la fran\u00e7aise ne sont plus tr\u00e8s nombreux \u2014 n\u2019a \u00e9t\u00e9 aussi d\u00e9sastreusement d\u00e9risoire ; jamais nous ne nous sommes tant ennuy\u00e9s.<br \/>Et je ne compte gu\u00e8re sur le second tour pour \u00e9clairer les choses. Entre ceux qui voudraient \u00e0 toute force un d\u00e9bat t\u00e9l\u00e9vis\u00e9 parce qu&rsquo;ils s&rsquo;y sentent ma\u00eetres, et celle qui fuit tout affrontement direct parce qu&rsquo;il faudrait peut-\u00eatre qu&rsquo;elle y d\u00e9fende des id\u00e9es pr\u00e9cises, le hiatus est tel que nous devrons probablement nous contenter des rogatons m\u00e9diatiques, petites phrases vol\u00e9es en toute complicit\u00e9, fausses confidences calcul\u00e9es, et envol\u00e9es lyriques sciemment creuses.<\/p>\n<p>Quid de l\u2019\u00e9ducation ? Quid de l\u2019\u00e9conomie, des retraites prochainement impayables, de l\u2019immigration n\u00e9cessaire, de l\u2019impuissance d\u2019achat, du ch\u00f4mage r\u00e9el (4 ou 5 millions de concitoyens r\u00e9duits \u00e0 la portion congrue \u2014 jetez donc un coup d\u2019\u0153il sur les caddies des supermarch\u00e9s !), de la d\u00e9sesp\u00e9rance, des ghettos rebaptis\u00e9s banlieues \u2014 \u00e7a fait plus propre \u2014, de la culture brad\u00e9e \u00e0 des int\u00e9r\u00eats multinationaux qui pr\u00e9f\u00e8rent des ilotes dociles \u00e0 des roseaux pensants, de l\u2019Europe envahissante sur les petites choses et inop\u00e9rante sur les grandes\u2026<br \/>Au lieu de cela, de quoi a-t-on parl\u00e9 ? \u00c0 gauche (ai-je dit \u00ab gauche \u00bb ? Quelle d\u00e9rision !), on a pr\u00e9f\u00e9r\u00e9 parler Marseillaise. \u00c0 droite, on a d\u00e9rap\u00e9 (sciemment, je pense \u2014 et je ne suis pas le seul) vers des petites phrases qui ont fait hurler les d\u00e9mocrates \u2014 et parfois, les r\u00e9publicains \u2014, mais qui ont permis d\u2019escamoter les vrais d\u00e9bats. \u00ab Rupture \u00bb ! clame Nicolas Sarkozy \u2014 avec quoi ? Un gouvernement dont il \u00e9t\u00e9 si longtemps (trop longtemps, ce me semble) l\u2019un des maillons forts ? Avec le mod\u00e8le fran\u00e7ais, l\u2019administration conqu\u00e9rante, \u00e9touffante \u2014 rupture avec l\u2019emploi \u00e0 vie des fonctionnaires ? On peut compter sur lui pour d\u00e9graisser le mammouth, \u00e7a, c\u2019est s\u00fbr. \u00ab Diff\u00e9rence \u00bb ! assure Fran\u00e7ois Bayrou \u2014 quelle diff\u00e9rence ? N\u2019est-il pas lui-m\u00eame, tout agr\u00e9g\u00e9 qu\u2019il soit, tout terrien qu\u2019il se pr\u00e9tende, un pur produit de la classe politique \u00e0 la fran\u00e7aise ? Centriste ballott\u00e9, n\u2019a-t-il pas omis de voter la loi sur les signes religieux, au nom d\u2019une tol\u00e9rance dont les maisons ont \u00e9t\u00e9 ferm\u00e9es il y a un bon demi-si\u00e8cle ?<br \/>Quant \u00e0 S\u00e9gol\u00e8ne Royal\u2026 Dans la liste des pr\u00e9sidentiables, il nous manquait une \u00e9narque, le PS nous l\u2019a trouv\u00e9e. \u00ab Justice ! \u00bb dit-elle. Oui, dans le midi, on dirait qu\u2019elle est, effectivement, un peu juste. Toute personne ayant trouv\u00e9 une id\u00e9e de S\u00e9gol\u00e8ne est pri\u00e9e de la lui rapporter, \u2014 forte r\u00e9compense \u00e0 toucher rue de Solf\u00e9rino\u2026<\/p>\n<p>L\u2019\u00e9cole est \u00e0 reprendre de la cave au plafond \u2014 de la maternelle, pr\u00e9-englu\u00e9e dans des m\u00e9thodes de lecture que Gilles de Robien n\u2019est pas parvenu \u00e0 \u00e9radiquer, \u00e0 l\u2019universit\u00e9, la plus pauvre de tous les pays de l\u2019OCDE \u2013 et je ne parle pas de la Recherche, sinistr\u00e9e. O\u00f9 trouverons-nous les milliers d\u2019enseignants d\u00e9j\u00e0 n\u00e9cessaires, et les dizaines de milliers que les d\u00e9parts \u00e0 la retraite des enfants du baby-boom ouvriront dans les cinq ans ? Contre toute d\u00e9fense, nous n\u2019aurons pas de professeurs, \u00e0 moins de r\u00e9inventer les IPES (je l\u2019avais propos\u00e9 dans \u00ab \u00c0 bonne \u00e9cole \u00bb, et j\u2019ai eu la surprise d\u2019entendre NS appuyer l\u2019id\u00e9e fin novembre). <\/p>\n<p>La dette publique lorgne vers celle des USA. Les retraites vont \u00e0 l\u2019abysse, et la seule solution d\u00e9cente est de faire venir, tr\u00e8s vite, des millions d\u2019immigr\u00e9s pr\u00e9-form\u00e9s, parce que l\u2019immigration sera choisie ou nous ne serons plus. Et les belles \u00e2mes qui pr\u00e9tendent le contraire n\u2019ont pour elles que les d\u00e9lices suspectes de l\u2019inconscience perp\u00e9tu\u00e9e. La gauche et l\u2019extr\u00eame-gauche, faute de savoir parler au peuple, tentent, chacune de leur c\u00f4t\u00e9, de se fabriquer un peuple de substitution, un peuple de convenance, avec des communaut\u00e9s mises bout \u00e0 bout. Et peu importe que la R\u00e9publique y laisse des plumes, peu importe que des millions de Fran\u00e7ais de (lointaine) origine \u00e9trang\u00e8re \u2014 comme nous tous \u2014 se retrouvent otages de ces jeux malodorants, la culture entre deux chaises, proies faciles pour tous les pr\u00eats-\u00e0-penser de substitution, toutes les d\u00e9rives et toutes les barbaries.<br \/>Le conseil g\u00e9n\u00e9ral du Pas-de-Calais pr\u00e9f\u00e8re d\u00e9truire les coll\u00e8ges \u00e0 r\u00e9habiliter plut\u00f4t que de les amender d\u2019une couche de peinture \u2014 et il les reconstruit loin des cit\u00e9s. L\u2019id\u00e9e est excellente, mais devrait \u00eatre \u00e9tendue : ce sont les cit\u00e9s qu\u2019il faut cesser de r\u00e9habiliter, et qu\u2019il faut reconstruire, \u00e0 petites touches, loin des cit\u00e9s. Les discussions sur la \u00ab carte scolaire \u00bb s\u2019en trouveront facilit\u00e9es\u2026<br \/>Le PS propose un SMIC \u00e0 1500 euros \u00e0 l\u2019horizon 2010 \u2014 mais il y sera par effet de levier et inflation, tout naturellement. Dois-je rappeler qu\u2019au Danemark, il est d\u00e9j\u00e0 \u00e0 2000 euros \u2014 et que le patronat danois, pas plus m\u00e9c\u00e8ne qu\u2019un autre, ne s\u2019en plaint pas ? <br \/>(J\u2019ai une tendresse particuli\u00e8re pour le Danemark. Un royaume dont le souverain, en 1940, arborait l\u2019\u00e9toile jaune, par solidarit\u00e9 avec les Juifs de son pays, pendant que chez nous certains se h\u00e2taient de m\u00e9riter la francisque, ne peut \u00eatre tout \u00e0 fait pourri).<\/p>\n<p>\u00c0 moins de consid\u00e9rer que nous sommes d\u00e9j\u00e0 le Tiers-Monde de l\u2019Europe \u2014 c\u2019est ainsi que nous voient les Anglais, les Allemands, les Hollandais \u2014 et les Belges, qui ont en quelques ann\u00e9es effac\u00e9 la dette publique \u2014 sans bruit. D\u2019ailleurs, les enseignants fran\u00e7ais sont les plus mal pay\u00e9s d\u2019Europe \u2014 Italiens except\u00e9s. Et il y en a qui nous envient\u2026<\/p>\n<p>Alors, pour qui voter ? Pour qui nous permettra de sortir le plus vite possible de cette panade o\u00f9 nous nous engluons. Pour qui sera le moins interventionniste, et le plus d\u00e9cid\u00e9. Le \u00ab fascisme \u00bb ne se lit pas dans le menton, et le p\u00e9tainisme gluant se dissimule tr\u00e8s bien derri\u00e8re un beau sourire\u2026 <br \/>Pour qui voter ? Pour qui, dans l\u2019\u00e9ducation, offrira la meilleure garantie de libert\u00e9 p\u00e9dagogique \u2014 en repensant la formation des \u00e9l\u00e8ves, et celle des ma\u00eetres, par exemple\u2026<\/p>\n<p>Quitte \u00e0 se faire violence, camarades. Parce que sinon, le vieux monde sera devant nous.<\/p>\n<p>Jean-Paul Brighelli<\/p>\n","protected":false},"excerpt":{"rendered":"<p>Il est temps que cette campagne \u00e9lectorale s\u2019ach\u00e8ve : jamais les probl\u00e8mes de fond n\u2019ont \u00e9t\u00e9 si peu pos\u00e9s ; jamais l\u2019image de la France \u00e0 l\u2019\u00e9tranger \u2014 mais les \u00e9trangers qui tentent encore, par sympathie pour le malade, de comprendre quelque chose au florentinisme \u00e0 la fran\u00e7aise ne sont plus tr\u00e8s nombreux \u2014 n\u2019a [&hellip;]<\/p>\n","protected":false},"author":6,"featured_media":0,"comment_status":"open","ping_status":"open","sticky":false,"template":"","format":"standard","meta":{"footnotes":""},"categories":[1],"tags":[],"class_list":{"0":"post-77","1":"post","2":"type-post","3":"status-publish","4":"format-standard","6":"category-non-classe"},"_links":{"self":[{"href":"https:\/\/blog.causeur.fr\/bonnetdane\/wp-json\/wp\/v2\/posts\/77","targetHints":{"allow":["GET"]}}],"collection":[{"href":"https:\/\/blog.causeur.fr\/bonnetdane\/wp-json\/wp\/v2\/posts"}],"about":[{"href":"https:\/\/blog.causeur.fr\/bonnetdane\/wp-json\/wp\/v2\/types\/post"}],"author":[{"embeddable":true,"href":"https:\/\/blog.causeur.fr\/bonnetdane\/wp-json\/wp\/v2\/users\/6"}],"replies":[{"embeddable":true,"href":"https:\/\/blog.causeur.fr\/bonnetdane\/wp-json\/wp\/v2\/comments?post=77"}],"version-history":[{"count":0,"href":"https:\/\/blog.causeur.fr\/bonnetdane\/wp-json\/wp\/v2\/posts\/77\/revisions"}],"wp:attachment":[{"href":"https:\/\/blog.causeur.fr\/bonnetdane\/wp-json\/wp\/v2\/media?parent=77"}],"wp:term":[{"taxonomy":"category","embeddable":true,"href":"https:\/\/blog.causeur.fr\/bonnetdane\/wp-json\/wp\/v2\/categories?post=77"},{"taxonomy":"post_tag","embeddable":true,"href":"https:\/\/blog.causeur.fr\/bonnetdane\/wp-json\/wp\/v2\/tags?post=77"}],"curies":[{"name":"wp","href":"https:\/\/api.w.org\/{rel}","templated":true}]}}