{"id":791,"date":"2015-07-06T04:00:32","date_gmt":"2015-07-06T04:00:32","guid":{"rendered":"http:\/\/blog.causeur.fr\/bonnetdane\/?p=791"},"modified":"2021-04-22T18:49:59","modified_gmt":"2021-04-22T16:49:59","slug":"%cf%8c%cf%87%ce%b9","status":"publish","type":"post","link":"https:\/\/blog.causeur.fr\/bonnetdane\/%cf%8c%cf%87%ce%b9-791","title":{"rendered":"\u03cc\u03c7\u03b9"},"content":{"rendered":"<p>R\u00e9v\u00e9lation : la politique grecque se d\u00e9cide \u00e0 Ath\u00e8nes. Pas \u00e0 Berlin. Pas \u00e0 Bruxelles. Ni \u00e0 Paris.<br \/>\nEtonnant, non ? aurait dit Desproges.<a href=\"http:\/\/blog.causeur.fr\/bonnetdane\/files\/2015\/07\/facebook_1436142108511.jpg\"><img loading=\"lazy\" decoding=\"async\" class=\"aligncenter size-full wp-image-794\" src=\"http:\/\/blog.causeur.fr\/bonnetdane\/files\/2015\/07\/facebook_1436142108511.jpg\" alt=\"\" width=\"558\" height=\"558\" srcset=\"https:\/\/blog.causeur.fr\/bonnetdane\/wp-content\/uploads\/sites\/25\/2015\/07\/facebook_1436142108511.jpg 558w, https:\/\/blog.causeur.fr\/bonnetdane\/wp-content\/uploads\/sites\/25\/2015\/07\/facebook_1436142108511-150x150.jpg 150w, https:\/\/blog.causeur.fr\/bonnetdane\/wp-content\/uploads\/sites\/25\/2015\/07\/facebook_1436142108511-300x300.jpg 300w\" sizes=\"auto, (max-width: 558px) 100vw, 558px\" \/><\/a><\/p>\n<p>Ce n\u2019est pas faute d\u2019avoir lourdement insist\u00e9. Les Europ\u00e9ens ont morig\u00e9n\u00e9 Tsipras depuis des mois, ils l\u2019ont humili\u00e9 tant que faire se peut, je me demande comment il a r\u00e9sist\u00e9 \u00e0 l\u2019envie de donner un coup de boule sur le nez de la \u00ab chanceli\u00e8re \u00bb, comme dit Hollande. Ou sur le nez de Hollande. La BCE a coup\u00e9 l\u2019alimentation en liquide des banques grecques, les retrait\u00e9s \u2014 et les autres \u2014 n\u2019avaient qu\u2019\u00e0 se cuire des r\u00e9serves de moussaka. Ah bon, il n&rsquo;y a plus de moussaka ? Qu&rsquo;ils mangent de la brioche ! Le camp du \u00ab oui \u00bb a re\u00e7u, lui, des subsides et des coups de main consid\u00e9rables \u2014 jusqu\u2019\u00e0 la manipulation des sondages qui hier encore donnaient le Oui et le Non \u00e0 \u00e9galit\u00e9. Intoxiquez, il en restera bien quelque chose.<\/p>\n<p>C\u2019\u00e9tait un plaisir d\u2019entendre, hier soir, les hommes-liges du syst\u00e8me financier <a href=\"http:\/\/pro.orange.fr\/actualites\/france-international\/referendum-grec-reactions-politiques-en-france.html\">faire grise mine et menacer<\/a>. Comme titre <em>Lib\u00e9<\/em> aujourd&rsquo;hui : \u00ab\u00a0l&rsquo;Oxi g\u00eane\u00a0\u00bb. Oh oui ! Eric Woerth sur BFM, grand moment ! reprenant l\u2019antienne de son ma\u00eetre Nicolas, dans le genre \u00ab Dehors les Grecs \u00bb. Ou le ministre de l\u2019Economie allemand, sid\u00e9r\u00e9 que les Grecs ne se plient pas, pour la seconde fois de leur histoire, aux diktats de Berlin. Quels Allemands vont encore oser aller passer leurs vacances sous l\u2019Acropole ?<br \/>\nIl y a quelques jours, <em>Die Welt<\/em>, qui est conservateur mais qui passe pour un grand journal, <a href=\"http:\/\/www.latribune.fr\/economie\/union-europeenne\/grece-quand-la-presse-allemande-derape-484327.html\">remarquait<\/a> que les Grecs cr\u00e9ent du d\u00e9sordre depuis 1821, quand ils ont cess\u00e9 de se plaire \u00e0 \u00eatre empal\u00e9s par le Sultan et se sont r\u00e9volt\u00e9s, mettant \u00e0 mal l\u2019Ordre europ\u00e9en instaur\u00e9 par Metternich au Congr\u00e8s de Vienne en 1815. Quel culot, ces Grecs ! Aujourd\u2019hui on leur propose d\u2019utiliser les fonds des retrait\u00e9s pour continuer \u00e0 engraisser les banques allemandes \u2014 entre autres \u2014 qui \u00e9laborent des montagnes de cash pour g\u00e9rer les retraites des Allemands \u2014 dans ce pays qui n\u2019est m\u00eame plus capable, malgr\u00e9 sa soi-disant supr\u00e9matie \u00e9conomique, de faire des enfants. Varoufakis devrait leur montrer comment on fait.<\/p>\n<p>Personne ne sait trop ce qui en sortira, si la Gr\u00e8ce, entra\u00een\u00e9e vers les abysses par une conjuration de banquiers, s\u2019en sortira, ou si la Gr\u00e8ce sortira de cette Europe faisand\u00e9e que nous ont construite les financiers, depuis qu\u2019ils ont tent\u00e9 de nous faire croire que le facteur \u00e9conomique est d\u00e9terminant en premi\u00e8re et en derni\u00e8re instance. Je sais juste que les r\u00e9percussions sur les pays o\u00f9 se d\u00e9veloppe un fort sentiment europhobe \u2014 \u00e0 commencer par la France \u2014 seront fortes. Le FMI recommande depuis plusieurs jours de r\u00e9duire sensiblement la dette de la Gr\u00e8ce. Suivront celles de l\u2019Espagne et du Portugal \u2014 et pourquoi pas celle de la France\u2026 Ce sont les <a href=\"http:\/\/www.lefigaro.fr\/conjoncture\/2015\/07\/04\/20002-20150704ARTFIG00002-referendum-grec-ce-qu-en-pensent-les-prix-nobel-d-economie.php\">recommandations<\/a> de Paul Krugman et de Joseph Stiglitz, qui savent plus d\u2019\u00e9conomie que vous et moi, depuis plus d\u2019un an : effacer carr\u00e9ment la dette et pratiquer une politique de relance. Incroyable, ces Prix Nobel d\u2019Economie qui ont l\u2019air d\u2019en savoir plus qu\u2019Angela Merkel \u2014 laquelle n\u2019est pas sortie d\u2019affaire, le bras de fer avec Wolfgang Sch\u00e4uble ne fait que commencer. On croyait que l\u2019intransigeance du ministre de l\u2019Economie allemand s\u2019adressait \u00e0 Varoufakis, qu\u2019il ne supporte pas. En fait, c\u2019\u00e9tait, \u00e0 distance, <a href=\"http:\/\/www.lesechos.fr\/journal20150706\/lec1_idees_et_debats\/021184866160-au-coeur-de-la-crise-grecque-la-rivalite-merkel-schauble-1134707.php\">un tir \u00e0 vue sur la femme au pouvoir<\/a>. Billard indirect. Il ne doit pas supporter son c\u00f4t\u00e9 est-Allemand.<\/p>\n<p>M\u00e9lenchon ou Philippot se f\u00e9licitent l\u2019un et l\u2019autre de cette victoire du Non en Gr\u00e8ce. Le premier homme politique majeur qui aura l\u2019id\u00e9e de faire campagne \u00e0 fronts renvers\u00e9s et de tirer \u00e0 vue sur cette Europe-l\u00e0 emportera le morceau : je me demande ce que Sarko ou Jupp\u00e9 attendent pour appliquer <a href=\"http:\/\/blog.causeur.fr\/bonnetdane\/le-bruit-de-la-douche-00779.html\">les recettes de notre ami Desgouilles<\/a>\u2026 Mais ils sont tellement li\u00e9s \u00e0 l\u2019argent qu\u2019ils en oublient m\u00eame de se donner une chance de gagner.<\/p>\n<p>En attendant, les temps \u00e0 venir seront int\u00e9ressants. Il s\u2019est enfin pass\u00e9 quelque chose en Europe, et c\u2019est du plus petit pays que c\u2019est venu. Le Petit Poucet fait un pied-de-nez aux ogres qui se croient des g\u00e9ants. C\u2019est tout ce qu\u2019il peut faire, mais ce n\u2019est pas mal.<\/p>\n<p>Jean-Paul Brighelli<\/p>\n","protected":false},"excerpt":{"rendered":"<p>R\u00e9v\u00e9lation : la politique grecque se d\u00e9cide \u00e0 Ath\u00e8nes. Pas \u00e0 Berlin. Pas \u00e0 Bruxelles. Ni \u00e0 Paris. Etonnant, non ? aurait dit Desproges. Ce n\u2019est pas faute d\u2019avoir lourdement insist\u00e9. Les Europ\u00e9ens ont morig\u00e9n\u00e9 Tsipras depuis des mois, ils l\u2019ont humili\u00e9 tant que faire se peut, je me demande comment il a r\u00e9sist\u00e9 \u00e0 [&hellip;]<\/p>\n","protected":false},"author":6,"featured_media":0,"comment_status":"open","ping_status":"open","sticky":false,"template":"","format":"standard","meta":{"footnotes":""},"categories":[1],"tags":[212,467,706,514,704,707,705],"class_list":{"0":"post-791","1":"post","2":"type-post","3":"status-publish","4":"format-standard","6":"category-non-classe","7":"tag-europe","8":"tag-grece","9":"tag-krugman","10":"tag-merkel","11":"tag-referendum","12":"tag-stiglitz","13":"tag-tsipras"},"_links":{"self":[{"href":"https:\/\/blog.causeur.fr\/bonnetdane\/wp-json\/wp\/v2\/posts\/791","targetHints":{"allow":["GET"]}}],"collection":[{"href":"https:\/\/blog.causeur.fr\/bonnetdane\/wp-json\/wp\/v2\/posts"}],"about":[{"href":"https:\/\/blog.causeur.fr\/bonnetdane\/wp-json\/wp\/v2\/types\/post"}],"author":[{"embeddable":true,"href":"https:\/\/blog.causeur.fr\/bonnetdane\/wp-json\/wp\/v2\/users\/6"}],"replies":[{"embeddable":true,"href":"https:\/\/blog.causeur.fr\/bonnetdane\/wp-json\/wp\/v2\/comments?post=791"}],"version-history":[{"count":0,"href":"https:\/\/blog.causeur.fr\/bonnetdane\/wp-json\/wp\/v2\/posts\/791\/revisions"}],"wp:attachment":[{"href":"https:\/\/blog.causeur.fr\/bonnetdane\/wp-json\/wp\/v2\/media?parent=791"}],"wp:term":[{"taxonomy":"category","embeddable":true,"href":"https:\/\/blog.causeur.fr\/bonnetdane\/wp-json\/wp\/v2\/categories?post=791"},{"taxonomy":"post_tag","embeddable":true,"href":"https:\/\/blog.causeur.fr\/bonnetdane\/wp-json\/wp\/v2\/tags?post=791"}],"curies":[{"name":"wp","href":"https:\/\/api.w.org\/{rel}","templated":true}]}}