{"id":796,"date":"2015-07-14T15:46:03","date_gmt":"2015-07-14T15:46:03","guid":{"rendered":"http:\/\/blog.causeur.fr\/bonnetdane\/?p=796"},"modified":"2021-04-22T18:49:42","modified_gmt":"2021-04-22T16:49:42","slug":"es-una-guerra","status":"publish","type":"post","link":"https:\/\/blog.causeur.fr\/bonnetdane\/es-una-guerra-796","title":{"rendered":"Es una guerra\u2026"},"content":{"rendered":"<p>Je me suis lev\u00e9 vers quatre heures pour travailler, et vers 7 heures j\u2019en ai eu marre. J\u2019ai saut\u00e9 dans mon maillot de bain, j\u2019ai fait quand m\u00eame une escale au Bar de la Marine, quai de Rive-Neuve, qui venait d\u2019ouvrir, et \u00e0 la demie je me suis dirig\u00e9 vers l\u2019embarcad\u00e8re des vedettes du Frioul.<br \/>\nPour ceux qui ne savent pas, le Frioul, \u00e0 15 mn du Vieux-Port, est constitu\u00e9 de quatre \u00eeles : If, qu\u2019on ne pr\u00e9sente plus, Ratonneau, \u00e0 droite, couronn\u00e9 par l\u2019h\u00f4pital de quarantaine aujourd\u2019hui en ruines mais en voie de reconstruction, Pom\u00e8gues \u00e0 gauche, beaucoup plus sauvage, les deux reli\u00e9es par une digue, et au-del\u00e0, l\u2019\u00eelot de Tiboulen, o\u00f9 Edmond Dant\u00e8s passe sa premi\u00e8re nuit d\u2019homme libre apr\u00e8s son \u00e9vasion \u2014 quand m\u00eame, If-Tiboulen \u00e0 la nage apr\u00e8s 14 ans de cachot, trois bons kilom\u00e8tres, faut le lire pour le croire\u2026<br \/>\nJ\u2019avais opt\u00e9 pour Pom\u00e8gues. Quinze minutes de marche, et presque au bout au bout, une crique sublime o\u00f9 ne se risquent que les gabians, \u00e0 cette p\u00e9riode de l\u2019ann\u00e9e \u2014 et les touristes \u00e0 partir de 10 heures, mais bon, je serais reparti\u2026<br \/>\nVous allez me dire\u2026 Mais qu\u2019est-ce qu\u2019il a \u00e0 nous gonfler avec sa s\u00e9ance matinale de bronzette-trempette ?<br \/>\nIl y a que ce matin, vers le large, une bande de fum\u00e9e noire s\u2019\u00e9tirait doucement, partant d\u2019au-del\u00e0 la C\u00f4te bleue \u2014 Berre probablement \u2014 jusqu\u2019\u00e0 l\u2019autre bout de la rade. \u00c7a ne dit rien \u00e0 ceux qui ne connaissent pas, mais \u00e7a fait quand m\u00eame pr\u00e8s de 50 kilom\u00e8tres.<br \/>\nJ\u2019ai pens\u00e9 \u00e0 un incendie \u2014 il y avait un peu de vent hier, cela avait donn\u00e9 des id\u00e9es \u00e0 quelques pyromanes, d\u2019apr\u00e8s le journal feuillet\u00e9 au bar\u2026<br \/>\nLe temps que j\u2019arrive au Frioul, mon portable me donnait des \u00e9l\u00e9ments de r\u00e9ponse : il y avait un incendie dans une raffinerie plus ou moins d\u00e9saffect\u00e9e de Berre. Une cuve de naphta avait pris feu.<a href=\"http:\/\/blog.causeur.fr\/bonnetdane\/files\/2015\/07\/Capture-d\u2019\u00e9cran-2015-07-14-\u00e0-16.46.24.png\"><img loading=\"lazy\" decoding=\"async\" class=\"aligncenter size-full wp-image-799\" src=\"http:\/\/blog.causeur.fr\/bonnetdane\/files\/2015\/07\/Capture-d\u2019\u00e9cran-2015-07-14-\u00e0-16.46.24.png\" alt=\"\" width=\"553\" height=\"456\" srcset=\"https:\/\/blog.causeur.fr\/bonnetdane\/wp-content\/uploads\/sites\/25\/2015\/07\/Capture-d\u2019\u00e9cran-2015-07-14-\u00e0-16.46.24.png 553w, https:\/\/blog.causeur.fr\/bonnetdane\/wp-content\/uploads\/sites\/25\/2015\/07\/Capture-d\u2019\u00e9cran-2015-07-14-\u00e0-16.46.24-300x247.png 300w\" sizes=\"auto, (max-width: 553px) 100vw, 553px\" \/><\/a><br \/>\nPas par hasard, manifestement.<\/p>\n<p>Puis, apr\u00e8s plus ample inform\u00e9, une cuve d&rsquo;essence.<br \/>\nEt c\u2019est l\u00e0 que \u00e7a devient dr\u00f4le.<br \/>\n\u00c0 neuf heures, c\u2019\u00e9tait un incendie criminel. Puis les m\u00e9dias sont pass\u00e9s au mot \u00ab malveillance \u00bb. \u00c0 midi, ils avaient d\u00e9finitivement anagrammatis\u00e9 le mot incendie, et en avaient tir\u00e9 \u00ab incident \u00bb. Juste un incident. Deux cuves ont pris feu \u00e0 400 m\u00e8tres de distance, les flics ont \u00e9t\u00e9 mis en alerte, ont re\u00e7u des avis tr\u00e8s alarmants, mais la population marseillaise, et fran\u00e7aise en g\u00e9n\u00e9ral, doit \u00eatre rassur\u00e9e : un \u00ab incident \u00bb ! Il y a quelques jours, ce sont des explosifs et des d\u00e9tonateurs qui ont \u00e9t\u00e9 d\u00e9rob\u00e9s sur une base militaire \u00e0 Miramas. \u00ab\u00a0Grand banditisme, probablement !\u00a0\u00bb<br \/>\nJe suis rentr\u00e9 quand les touristes ont commenc\u00e9 \u00e0 venir enquiquiner les go\u00e9lands, qui ont protest\u00e9 en vain.<br \/>\nJ\u2019habite pr\u00e8s du port, o\u00f9 ce soir sera tir\u00e9 le feu d\u2019artifice de 14 juillet \u2014 un beau feu d\u2019artifice, en g\u00e9n\u00e9ral, qui d\u00e9gouline du haut du fort Saint-Jean. Et dans ma rue, fort tranquille, \u00e0 l\u2019heure de la sieste, trois voitures de police ont escort\u00e9 deux camions de la fourri\u00e8re, qui ont d\u00e9barrass\u00e9 la rue de toutes les voitures en stationnement. \u00c0 vrai dire, un avis avait \u00e9t\u00e9 placard\u00e9 depuis deux jours : ils balisent tellement qu\u2019ils font le d\u00e9sert sur un p\u00e9rim\u00e8tre de quatre cents m\u00e8tres. Peur panique d\u2019une voiture pi\u00e9g\u00e9e \u2014 il para\u00eet que de bonnes \u00e2mes en auraient dispos\u00e9 \u00e7\u00e0 et l\u00e0, en France, et pourquoi pas \u00e0 Marseille ?<br \/>\nAlors, pour \u00e9viter de nouveaux \u00ab incidents \u00bb\u2026<br \/>\nD\u2019autant que Fran\u00e7ois Hollande passe ici demain matin avec le pr\u00e9sident mexicain. Faudrait pas que des turpitudes terroristes viennent g\u00e2cher la visite du MUCEM. Apr\u00e8s advienne que pourra. Comment disait Perez Reverte, d\u00e9j\u00e0 ? \u00ab <a href=\"http:\/\/www.perezreverte.com\/articulo\/patentes-corso\/938\/es-la-guerra-santa-idiotas\/\">Es la guerra santa, idiotas<\/a>\u2026 Es la tercera guerra mundial\u2026 \u00bb Ce gar\u00e7on, avant d\u2019\u00eatre le meilleur \u00e9crivain espagnol contemporain, a \u00e9t\u00e9 correspondant de guerre sur tous les fronts allum\u00e9s entre les ann\u00e9es 1980 et 1995, Bosnie comprise. La guerre, il sait ce que sait. Ma foi, si nous ne le savons pas, nous, \u00e0 force de croire que des attentats sont des \u00ab incidents \u00bb, nous allons le savoir.<br \/>\n\u00c0 part \u00e7a, il faisait beau au Frioul, et j\u2019ai puissamment bronz\u00e9, au doux parfum des hydrocarbures en flammes (<em>remember<\/em> ? \u00ab <a href=\"https:\/\/www.youtube.com\/watch?v=Zyus63ubuyk\">J\u2019adore respirer l\u2019odeur du napalm le matin<\/a>\u2026 \u00bb) qui se d\u00e9faisait dans le mistral naissant. <em>This is the end, beautiful friend<\/em>\u2026<\/p>\n<p>Jean-Paul Brighelli<\/p>\n","protected":false},"excerpt":{"rendered":"<p>Je me suis lev\u00e9 vers quatre heures pour travailler, et vers 7 heures j\u2019en ai eu marre. J\u2019ai saut\u00e9 dans mon maillot de bain, j\u2019ai fait quand m\u00eame une escale au Bar de la Marine, quai de Rive-Neuve, qui venait d\u2019ouvrir, et \u00e0 la demie je me suis dirig\u00e9 vers l\u2019embarcad\u00e8re des vedettes du Frioul. [&hellip;]<\/p>\n","protected":false},"author":6,"featured_media":0,"comment_status":"open","ping_status":"open","sticky":false,"template":"","format":"standard","meta":{"footnotes":""},"categories":[1],"tags":[713,711,710,712,637],"class_list":{"0":"post-796","1":"post","2":"type-post","3":"status-publish","4":"format-standard","6":"category-non-classe","7":"tag-attentats","8":"tag-berre","9":"tag-frioul","10":"tag-incendie","11":"tag-troisieme-guerre-mondiale"},"_links":{"self":[{"href":"https:\/\/blog.causeur.fr\/bonnetdane\/wp-json\/wp\/v2\/posts\/796","targetHints":{"allow":["GET"]}}],"collection":[{"href":"https:\/\/blog.causeur.fr\/bonnetdane\/wp-json\/wp\/v2\/posts"}],"about":[{"href":"https:\/\/blog.causeur.fr\/bonnetdane\/wp-json\/wp\/v2\/types\/post"}],"author":[{"embeddable":true,"href":"https:\/\/blog.causeur.fr\/bonnetdane\/wp-json\/wp\/v2\/users\/6"}],"replies":[{"embeddable":true,"href":"https:\/\/blog.causeur.fr\/bonnetdane\/wp-json\/wp\/v2\/comments?post=796"}],"version-history":[{"count":0,"href":"https:\/\/blog.causeur.fr\/bonnetdane\/wp-json\/wp\/v2\/posts\/796\/revisions"}],"wp:attachment":[{"href":"https:\/\/blog.causeur.fr\/bonnetdane\/wp-json\/wp\/v2\/media?parent=796"}],"wp:term":[{"taxonomy":"category","embeddable":true,"href":"https:\/\/blog.causeur.fr\/bonnetdane\/wp-json\/wp\/v2\/categories?post=796"},{"taxonomy":"post_tag","embeddable":true,"href":"https:\/\/blog.causeur.fr\/bonnetdane\/wp-json\/wp\/v2\/tags?post=796"}],"curies":[{"name":"wp","href":"https:\/\/api.w.org\/{rel}","templated":true}]}}