{"id":81,"date":"2007-05-07T19:20:50","date_gmt":"2007-05-07T19:20:50","guid":{"rendered":"http:\/\/blog.causeur.fr\/bonnetdane\/?p=81"},"modified":"2021-04-22T18:53:59","modified_gmt":"2021-04-22T16:53:59","slug":"et-maintenant","status":"publish","type":"post","link":"https:\/\/blog.causeur.fr\/bonnetdane\/et-maintenant-81","title":{"rendered":"Et maintenant ?"},"content":{"rendered":"<p>Les \u00e9lections sont derri\u00e8re nous. Dans quelques jours, un gouvernement sera constitu\u00e9, et m\u00eame si \u2014 l\u2019avez-vous remarqu\u00e9 ? \u2014 m\u00eame si les m\u00e9dias, friands de distribuer les postes, se gardent bien de pr\u00e9voir qui ira \u00e0 l\u2019Education (ou plut\u00f4t : qui veut de l\u2019\u00e9ducation\u2026), il n\u2019en reste pas moins qu\u2019un ministre, capable ou incapable, sera nomm\u00e9 au poste.<br \/> L\u2019Appel \u00e0 la refondation de l\u2019\u00e9cole (http:\/\/www.refondation-ecole.net\/) que j\u2019ai sign\u00e9, parmi bien d\u2019autres, est plus un constat qu\u2019un programme. Nous avons ici m\u00eame, il y a deux mois, \u00e9labor\u00e9 une charte-programme. <br \/>Reste \u00e0 savoir ce qui, pour vous qui passez sur ce blog, est l\u2019absolue priorit\u00e9. Par quoi commenceriez-vous si vous \u00e9tiez ministre de l\u2019\u00e9ducation d\u2019un gouvernement Sarkozy ? La formation des ma\u00eetres ? Les programmes ? Une r\u00e9forme imm\u00e9diate de la carte scolaire ? R\u00e9former le CNRS ? Lancer un Grenelle de l\u2019\u00e9ducation \u2014 la rue s\u2019y pr\u00eate assez ? Pendre Meirieu \u2014 allez, Philippe, je plaisante\u2026<br \/> Que faire, comme disait l\u2019illustre Oulianov ? Que faire tout de suite, ind\u00e9pendamment des arbitrages financiers qui seront d\u00e9cid\u00e9s \u00e0 Bercy ? Que faire simultan\u00e9ment ? Consulter ? Gouverner par d\u00e9cret ? Sur qui s\u2019appuyer, \u00e0 l\u2019int\u00e9rieur du mammouth ? <br \/> Faut-il imm\u00e9diatement r\u00e9gionaliser \u2014 ou plus tard \u2014 ou jamais ? Supprimer le Bac sous sa forme actuelle, machine folle et on\u00e9reuse qui ne sert pas \u00e0 grand-chose \u2014 mais en \u00e9change de quoi ? D\u2019une s\u00e9lection \u00e0 l\u2019entr\u00e9e en fac ? Quels sont les risques ? L\u2019UNEF a-t-elle encore une audience, ou une cr\u00e9dibilit\u00e9 ?<br \/> En m\u00eame temps, quelles r\u00e9sistances peuvent s\u2019organiser ? Les syndicats peuvent-ils jouer le jeu rapidement, ou faut-il leur laisser le temps de bouder \u2014 de se faire \u00e0 l\u2019id\u00e9e que dans les prochaines ann\u00e9es, ils ne contr\u00f4leront pas la rue de Grenelle ? Les f\u00e9d\u00e9rations de parents d\u2019\u00e9l\u00e8ves, les associations diverses, ont-elles un r\u00f4le \u00e0 jouer ? Quelles pressions intelligentes peuvent s\u2019exercer ? Ou quelles pressions mortif\u00e8res ?<\/p>\n<p> C\u2019est \u00e0 ces questions, que je me pose pour mon compte, que je vous invite \u00e0 r\u00e9pondre. Et qui sait ? Des suggestions ici rassembl\u00e9es pourrait, demain, \u00e9clore un vrai programme\u2026<\/p>\n<p>Jean-Paul Brighelli<\/p>\n","protected":false},"excerpt":{"rendered":"<p>Les \u00e9lections sont derri\u00e8re nous. Dans quelques jours, un gouvernement sera constitu\u00e9, et m\u00eame si \u2014 l\u2019avez-vous remarqu\u00e9 ? \u2014 m\u00eame si les m\u00e9dias, friands de distribuer les postes, se gardent bien de pr\u00e9voir qui ira \u00e0 l\u2019Education (ou plut\u00f4t : qui veut de l\u2019\u00e9ducation\u2026), il n\u2019en reste pas moins qu\u2019un ministre, capable ou incapable, [&hellip;]<\/p>\n","protected":false},"author":6,"featured_media":0,"comment_status":"open","ping_status":"open","sticky":false,"template":"","format":"standard","meta":{"footnotes":""},"categories":[1],"tags":[],"class_list":{"0":"post-81","1":"post","2":"type-post","3":"status-publish","4":"format-standard","6":"category-non-classe"},"_links":{"self":[{"href":"https:\/\/blog.causeur.fr\/bonnetdane\/wp-json\/wp\/v2\/posts\/81","targetHints":{"allow":["GET"]}}],"collection":[{"href":"https:\/\/blog.causeur.fr\/bonnetdane\/wp-json\/wp\/v2\/posts"}],"about":[{"href":"https:\/\/blog.causeur.fr\/bonnetdane\/wp-json\/wp\/v2\/types\/post"}],"author":[{"embeddable":true,"href":"https:\/\/blog.causeur.fr\/bonnetdane\/wp-json\/wp\/v2\/users\/6"}],"replies":[{"embeddable":true,"href":"https:\/\/blog.causeur.fr\/bonnetdane\/wp-json\/wp\/v2\/comments?post=81"}],"version-history":[{"count":0,"href":"https:\/\/blog.causeur.fr\/bonnetdane\/wp-json\/wp\/v2\/posts\/81\/revisions"}],"wp:attachment":[{"href":"https:\/\/blog.causeur.fr\/bonnetdane\/wp-json\/wp\/v2\/media?parent=81"}],"wp:term":[{"taxonomy":"category","embeddable":true,"href":"https:\/\/blog.causeur.fr\/bonnetdane\/wp-json\/wp\/v2\/categories?post=81"},{"taxonomy":"post_tag","embeddable":true,"href":"https:\/\/blog.causeur.fr\/bonnetdane\/wp-json\/wp\/v2\/tags?post=81"}],"curies":[{"name":"wp","href":"https:\/\/api.w.org\/{rel}","templated":true}]}}