{"id":811,"date":"2015-07-29T07:35:03","date_gmt":"2015-07-29T07:35:03","guid":{"rendered":"http:\/\/blog.causeur.fr\/bonnetdane\/?p=811"},"modified":"2021-04-22T18:49:41","modified_gmt":"2021-04-22T16:49:41","slug":"toutes-impures","status":"publish","type":"post","link":"https:\/\/blog.causeur.fr\/bonnetdane\/toutes-impures-811","title":{"rendered":"Toutes impures !"},"content":{"rendered":"<p>L\u2019Etat \u2014 en l\u2019occurrence le rectorat de l\u2019acad\u00e9mie d\u2019Aix-Marseille \u2014 vient de reconna\u00eetre le quatri\u00e8me \u00e9tablissement priv\u00e9 musulman sous contrat, le coll\u00e8ge Ibn Khaldoun, install\u00e9 \u00e0 la Caducelle, un quartier tr\u00e8s excentr\u00e9 de Marseille, dans les Quartiers Nord (XV\u00e8me arrondissement).<br \/>\nLe coll\u00e8ge a \u00e9t\u00e9 cr\u00e9\u00e9 par l\u2019Union des Organisations Islamiques de France (UOIF) en 2009. La Banque islamique de d\u00e9veloppement (Arabie Saoudite) a financ\u00e9 les premiers travaux \u00e0 hauteur de 500 000 dollars. Le principal du coll\u00e8ge, Mohsen Ngazou, qui est \u00e9galement l\u2019imam de la mosqu\u00e9e voisine, compte sur un \u00e9lan de solidarit\u00e9 des fid\u00e8les pour parvenir \u00e0 rassemble les 5 millions d\u2019euros n\u00e9cessaires pour achever les extensions pr\u00e9vues.<br \/>\nC\u2019est apparemment un homme rompu \u00e0 la communication qui, comme dit Delphine Tanguy, la journaliste de<em> la Provence<\/em> qui est <a href=\"http:\/\/www.laprovence.com\/article\/actualites\/3488886\/letat-reconnait-le-college-musulmanibn-khaldoun.html\">venue sur place se rendre compte<\/a>, va au devant des questions sensibles et \u00abpr\u00e9c\u00e8de toujours les questions potentiellement pol\u00e9miques\u00bb. Ainsi affirme-t-il inscrire ses jeunes \u00e9l\u00e8ves dans la r\u00e9ussite et le go\u00fbt de l\u2019excellence, loin de tout repli communautaire. Fort bien.<br \/>\nQu\u2019est-ce que l\u2019\u00e9tablissement a d\u2019islamique ? \u00ab Nous inculquons \u00e0 nos \u00e9l\u00e8ves l\u2019arabe litt\u00e9raire et dialectal, et une juste lecture du Coran que souvent ils ne connaissent m\u00eame pas. \u00bb<br \/>\nLes \u00e9tablissements musulmans sont archi-minoritaires en France m\u00e9tropolitaine. En dehors de cet \u00e9tablissement, n\u2019ont \u00e9t\u00e9 reconnus, jusqu\u2019ici, que le lyc\u00e9e Averro\u00e8s de Lille, le lyc\u00e9e Al-Kindi \u00e0 D\u00e9cines, et l\u2019\u00e9cole primaire Medersa Taalim oul-Islam \u00e0 Saint-Denis de la R\u00e9union (Mayotte, seul d\u00e9partement fran\u00e7ais \u00e0 tr\u00e8s large majorit\u00e9 musulmane, b\u00e9n\u00e9ficie d\u2019un statut particulier qui l\u2019autorise, entre autres, \u00e0 avoir des jours f\u00e9ri\u00e9s musulmans \u2014 mesure vot\u00e9e par l\u2019Assembl\u00e9e nationale en f\u00e9vrier 2015 \u2014 et bient\u00f4t, apparemment, des tribunaux islamiques dirig\u00e9s par des cadis avec des pouvoirs \u00e9tendus, et applicables aux non-Musulmans \u2014 sans commentaire). Sinon, 98% des \u00e9tablissements priv\u00e9s sous contrat sont d\u2019\u00e9manation catholique, et sont souvent fr\u00e9quent\u00e9s par les enfants de parents musulmans qui trouvent ainsi un \u00e9chappatoire aux rigueurs de la carte scolaire qui pr\u00e9tend envoyer leurs rejetons dans des \u00e9tablissements publics \u00e0 la r\u00e9putation sulfureuse. Quant aux conditions, elles sont les m\u00eames pour tous : on n\u2019acc\u00e8de au \u00abcontrat\u00bb qu\u2019apr\u00e8s cinq ans d\u2019existence, et une inspection pr\u00e9alable qui v\u00e9rifie que le code de l\u2019Education et les programmes officiels sont respect\u00e9s (les \u00e9tablissements hors contrat sont en revanche libres de s\u2019organiser comme ils l\u2019entendent, et de professer ce qu\u2019ils veulent).<br \/>\nSauf que la loi de 2004, qui a interdit les signes religieux ostensibles dans les \u00e9tablissements de l\u2019enseignement secondaire, ne s\u2019applique pas ici. Si le niqab est interdit, les jeunes filles sont libres de venir voil\u00e9s, ce qui est apparemment le cas de 50% des \u00e9l\u00e8ves d\u2019Ibn Khaldoun, \u00e0 en croire les photos de classe. L\u2019Etat a transig\u00e9 et pr\u00e9conis\u00e9 qu\u2019en EPS, \u00ab les jeunes filles voil\u00e9es portent un bonnet plus ad\u00e9quat \u00bb. Hmm\u2026<br \/>\nMais quel message est port\u00e9 par ces classes qui pour moiti\u00e9 au moins sont occup\u00e9es par des jeunes filles voil\u00e9es ? L\u2019\u00e9galit\u00e9 gar\u00e7ons-filles est-elle respect\u00e9e ? Comme le souligne au d\u00e9but de son article Delphine Tanguy, manifestement choqu\u00e9e, \u00ab la visite a commenc\u00e9 sur un l\u00e9ger malaise : \u00ab D\u00e9sol\u00e9, je ne serre pas la main des femmes\u00bb, nous lance, souriant mais contrit, l\u2019agent d\u2019accueil \u00e0 qui nous tendons la n\u00f4tre \u00bb.<br \/>\nL\u2019id\u00e9e m\u00eame qu\u2019une femme soit impure est absolument choquante. Les filles apprennent par impr\u00e9gnation qu\u2019elles sont des cr\u00e9atures inf\u00e9rieures, que Dieu a condamn\u00e9es \u00e0 un statut particulier, une mal\u00e9diction mensuelle dont elle ne se d\u00e9feront jamais. Et chaque fois que j\u2019entends ce genre de calembredaines me reviennent en m\u00e9moire les petits vers guillerets d\u2019Apollinaire dans cet \u00e9pisode de \u00ab la Chanson du mal-aim\u00e9 \u00bb intitul\u00e9 \u00ab R\u00e9ponse des cosaques Zaporogues au sultan de Constantinople \u00bb :<\/p>\n<p>\u00ab B\u00e2tard con\u00e7u pendant les r\u00e8gles<br \/>\nTa m\u00e8re fit un pet foireux<br \/>\nEt tu naquis de sa colique \u00bb.<\/p>\n<p>Est-il possible, en 2015, qu\u2019on enseigne encore \u00e0 des filles une \u00ab impuret\u00e9 \u00bb originelle qui est une fiction \u00e9tablie il y a 2500 ans en Jud\u00e9e et dans quelques autres r\u00e9gions du Moyen-Orient ? Est-il possible qu\u2019on leur grave dans le cerveau l\u2019id\u00e9e qu\u2019elles sont des provocations du d\u00e9sir masculin, et qu\u2019elles doivent donc s\u2019en prot\u00e9ger et surtout les prot\u00e9ger des tentations ? Au passage, est-il possible qu\u2019on enseigne aux gar\u00e7ons que les femmes sont naturellement des proies, et que seul le voile \u00e9tablit une barri\u00e8re entre elles et leurs homologues m\u00e2les ? Tout l\u2019effort de la civilisation, depuis l\u2019\u00e9poque o\u00f9 nos anc\u00eatres n\u00e9andertaliens n\u2019avaient pas encore acquis les r\u00e8gles \u00e9l\u00e9mentaires de la courtoisie, fut justement de r\u00e9fr\u00e9ner les d\u00e9sirs des uns et des autres, et de ne s\u00e9duire que par le langage, dans une relation librement consentie. Imposer un voile, c\u2019est signifier fortement qu\u2019on en est revenu \u00e0 des temps tr\u00e8s anciens, quand les hommes se sentaient le droit de saisir par les cheveux n\u2019importe quelle femelle qui passait pour l\u2019entra\u00eener dans sa grotte et la soumettre aux derniers outrages, comme on dit. Non, les femmes ne sont pas des provocations sur pattes, et les hommes ne sont pas des violeurs \u2014 pas de ce c\u00f4t\u00e9 de la civilisation. Si tant est que l\u2019on puisse appeler civilisation une coutume qui rend les femmes \u00e9ternellement mineures et potentiellement coupables, et les hommes des pr\u00e9dateurs \u00e9ternellement en chasse\u2026<br \/>\nNon : je refuse d\u2019effacer, sous pr\u00e9texte de permettre \u00e0 des adolescentes d\u00e9boussol\u00e9es et des adultes conditionn\u00e9es de porter les signes de leur d\u00e9gradation initiale, 2500 ans d\u2019une civilisation qui, depuis Sapho et jusqu\u2019\u00e0 Simone de Beauvoir et au-del\u00e0, a patiemment conf\u00e9r\u00e9 aux femmes une dignit\u00e9 \u00e9gale \u00e0 celle des hommes, les m\u00eames capacit\u00e9s, la m\u00eame autonomie. Le m\u00eame pouvoir de dire Oui ou Non. De faire les \u00e9tudes qu\u2019elles souhaitent. De voter comme elles l\u2019entendent. De vivre ind\u00e9pendamment des hommes. Et de se lib\u00e9rer des hommes qui cherchent, encore et toujours, sous un fumeux pr\u00e9texte de transcendances obscures, \u00e0 les maintenir en minorit\u00e9 quand ce n\u2019est pas en esclavage. L\u2019Ecole la\u00efque est l\u2019apprentissage de la libert\u00e9, et tout ce qui enfreint la la\u00efcit\u00e9 est \u00e9cole de soumission. Et je ne l\u2019accepterai jamais.<\/p>\n<p>Jean-Paul Brighelli \/ extrait de <em>Libert\u00e9 Egalit\u00e9 La\u00efcit\u00e9<\/em>, en vente d\u00e8s la rentr\u00e9e\u2026<\/p>\n","protected":false},"excerpt":{"rendered":"<p>L\u2019Etat \u2014 en l\u2019occurrence le rectorat de l\u2019acad\u00e9mie d\u2019Aix-Marseille \u2014 vient de reconna\u00eetre le quatri\u00e8me \u00e9tablissement priv\u00e9 musulman sous contrat, le coll\u00e8ge Ibn Khaldoun, install\u00e9 \u00e0 la Caducelle, un quartier tr\u00e8s excentr\u00e9 de Marseille, dans les Quartiers Nord (XV\u00e8me arrondissement). Le coll\u00e8ge a \u00e9t\u00e9 cr\u00e9\u00e9 par l\u2019Union des Organisations Islamiques de France (UOIF) en 2009. [&hellip;]<\/p>\n","protected":false},"author":6,"featured_media":0,"comment_status":"open","ping_status":"open","sticky":false,"template":"","format":"standard","meta":{"footnotes":""},"categories":[1],"tags":[739,738,532,737,92],"class_list":{"0":"post-811","1":"post","2":"type-post","3":"status-publish","4":"format-standard","6":"category-non-classe","7":"tag-college-ibn-khaldoun","8":"tag-femmes","9":"tag-la-provence","10":"tag-purete","11":"tag-voile"},"_links":{"self":[{"href":"https:\/\/blog.causeur.fr\/bonnetdane\/wp-json\/wp\/v2\/posts\/811","targetHints":{"allow":["GET"]}}],"collection":[{"href":"https:\/\/blog.causeur.fr\/bonnetdane\/wp-json\/wp\/v2\/posts"}],"about":[{"href":"https:\/\/blog.causeur.fr\/bonnetdane\/wp-json\/wp\/v2\/types\/post"}],"author":[{"embeddable":true,"href":"https:\/\/blog.causeur.fr\/bonnetdane\/wp-json\/wp\/v2\/users\/6"}],"replies":[{"embeddable":true,"href":"https:\/\/blog.causeur.fr\/bonnetdane\/wp-json\/wp\/v2\/comments?post=811"}],"version-history":[{"count":0,"href":"https:\/\/blog.causeur.fr\/bonnetdane\/wp-json\/wp\/v2\/posts\/811\/revisions"}],"wp:attachment":[{"href":"https:\/\/blog.causeur.fr\/bonnetdane\/wp-json\/wp\/v2\/media?parent=811"}],"wp:term":[{"taxonomy":"category","embeddable":true,"href":"https:\/\/blog.causeur.fr\/bonnetdane\/wp-json\/wp\/v2\/categories?post=811"},{"taxonomy":"post_tag","embeddable":true,"href":"https:\/\/blog.causeur.fr\/bonnetdane\/wp-json\/wp\/v2\/tags?post=811"}],"curies":[{"name":"wp","href":"https:\/\/api.w.org\/{rel}","templated":true}]}}